{"id":39195,"date":"2023-06-28T20:05:02","date_gmt":"2023-06-28T20:05:02","guid":{"rendered":"https:\/\/armstrongyregion.com.ar\/diario\/?p=39195"},"modified":"2023-06-28T20:05:05","modified_gmt":"2023-06-28T20:05:05","slug":"clerici-y-equipo-recibieron-a-silvina-frana-para-recorrer-obras-en-la-ciudad","status":"publish","type":"post","link":"https:\/\/armstrongyregion.com.ar\/diario\/clerici-y-equipo-recibieron-a-silvina-frana-para-recorrer-obras-en-la-ciudad\/","title":{"rendered":"Cl\u00e9rici y equipo recibieron a Silvina Frana para recorrer obras en la ciudad."},"content":{"rendered":"\n<figure class=\"wp-block-image size-full\"><a href=\"http:\/\/armstrongyregion.com.ar\/diario\/wp-content\/uploads\/2023\/06\/clerici-y-equipo-.jpg\"><img loading=\"lazy\" decoding=\"async\" width=\"400\" height=\"300\" src=\"http:\/\/armstrongyregion.com.ar\/diario\/wp-content\/uploads\/2023\/06\/clerici-y-equipo-.jpg\" alt=\"\" class=\"wp-image-39196\" srcset=\"https:\/\/armstrongyregion.com.ar\/diario\/wp-content\/uploads\/2023\/06\/clerici-y-equipo-.jpg 400w, https:\/\/armstrongyregion.com.ar\/diario\/wp-content\/uploads\/2023\/06\/clerici-y-equipo--300x225.jpg 300w\" sizes=\"auto, (max-width: 400px) 100vw, 400px\" \/><\/a><\/figure>\n\n\n\n<p>La intendenta Stella Cl\u00e9rici junto al presidente del Concejo, Marcelo Casalegno, y la secretaria de Educaci\u00f3n, Cultura y Deporte, Raquel Di Paola, recibieron a la ministra de Infraestructura, Silvina Frana, para recorrer obras en la ciudad, que se realizan a partir del trabajo conjunto del Municipio y Provincia.<\/p>\n\n\n\n<p>Como parte de la recorrida, visitaron la ejecuci\u00f3n de 24 viviendas del programa Casa Propia; la construcci\u00f3n del nuevo Jard\u00edn de Infantes N\u00ba 295 \u00abBarrilete de Colores\u00bb, modelo post pandemia; y el Centro de Desarrollo Integral (CDI), que registran diferentes grados de avance; y la recuperaci\u00f3n de la ex-Maternidad Hospital San Jos\u00e9.<\/p>\n\n\n\n<p>\u00abTodas las obras que estamos ejecutando con el acompa\u00f1amiento del gobierno generan cambios sustanciales en los vecinos, y por este camino queremos continuar trabajando para que en nuestra ciudad m\u00e1s familias tengan oportunidades de desarrollo y una mejor calidad de vida\u201d, expres\u00f3 Cl\u00e9rici.<\/p>\n\n\n\n<p>En tanto, Frana remarc\u00f3: \u201ces muy satisfactorio ver las obras en marcha, esos sue\u00f1os que poco a poco se van cumpliendo. Y esto habla a las claras de las prioridades de nuestra gesti\u00f3n: hacer de la obra p\u00fablica una respuesta a las necesidades concretas de la gente, con generaci\u00f3n de empleo y potenciar las \u00e1reas productivas de cada localidad. Y cuando visitamos cada lugar y vemos las obras ejecut\u00e1ndose, mostramos la palabra empe\u00f1ada\u201d.<\/p>\n","protected":false},"excerpt":{"rendered":"<p>La intendenta Stella Cl\u00e9rici junto al presidente del Concejo, Marcelo Casalegno, y la secretaria de Educaci\u00f3n, Cultura y Deporte, Raquel Di Paola, recibieron a la ministra de Infraestructura, Silvina Frana, para recorrer obras en la ciudad, que se realizan a partir del trabajo conjunto del Municipio y Provincia. Como parte de la recorrida, visitaron la <a href=\"https:\/\/armstrongyregion.com.ar\/diario\/clerici-y-equipo-recibieron-a-silvina-frana-para-recorrer-obras-en-la-ciudad\/\" title=\"Read more\" >&#8230;<\/a><\/p>\n","protected":false},"author":1,"featured_media":39196,"comment_status":"open","ping_status":"open","sticky":false,"template":"","format":"image","meta":{"_jetpack_memberships_contains_paid_content":false,"footnotes":"","jetpack_publicize_message":"","jetpack_publicize_feature_enabled":true,"jetpack_social_post_already_shared":true,"jetpack_social_options":{"image_generator_settings":{"template":"highway","default_image_id":0,"enabled":false},"version":2}},"categories":[6,8,1,2,7,3],"tags":[83,1406,9521,9520,133],"class_list":["post-39195","post","type-post","status-publish","format-image","has-post-thumbnail","hentry","category-cultura-entretenimiento","category-deliberando","category-diario-armstrong","category-locales","category-politica","category-region","tag-clerici","tag-equipo","tag-frana","tag-recibieron","tag-silvina","post_format-post-format-image"],"jetpack_publicize_connections":[],"jetpack_featured_media_url":"https:\/\/armstrongyregion.com.ar\/diario\/wp-content\/uploads\/2023\/06\/clerici-y-equipo-.jpg","jetpack_shortlink":"https:\/\/wp.me\/p62QDO-acb","jetpack_sharing_enabled":true,"amp_enabled":true,"_links":{"self":[{"href":"https:\/\/armstrongyregion.com.ar\/diario\/wp-json\/wp\/v2\/posts\/39195","targetHints":{"allow":["GET"]}}],"collection":[{"href":"https:\/\/armstrongyregion.com.ar\/diario\/wp-json\/wp\/v2\/posts"}],"about":[{"href":"https:\/\/armstrongyregion.com.ar\/diario\/wp-json\/wp\/v2\/types\/post"}],"author":[{"embeddable":true,"href":"https:\/\/armstrongyregion.com.ar\/diario\/wp-json\/wp\/v2\/users\/1"}],"replies":[{"embeddable":true,"href":"https:\/\/armstrongyregion.com.ar\/diario\/wp-json\/wp\/v2\/comments?post=39195"}],"version-history":[{"count":1,"href":"https:\/\/armstrongyregion.com.ar\/diario\/wp-json\/wp\/v2\/posts\/39195\/revisions"}],"predecessor-version":[{"id":39197,"href":"https:\/\/armstrongyregion.com.ar\/diario\/wp-json\/wp\/v2\/posts\/39195\/revisions\/39197"}],"wp:featuredmedia":[{"embeddable":true,"href":"https:\/\/armstrongyregion.com.ar\/diario\/wp-json\/wp\/v2\/media\/39196"}],"wp:attachment":[{"href":"https:\/\/armstrongyregion.com.ar\/diario\/wp-json\/wp\/v2\/media?parent=39195"}],"wp:term":[{"taxonomy":"category","embeddable":true,"href":"https:\/\/armstrongyregion.com.ar\/diario\/wp-json\/wp\/v2\/categories?post=39195"},{"taxonomy":"post_tag","embeddable":true,"href":"https:\/\/armstrongyregion.com.ar\/diario\/wp-json\/wp\/v2\/tags?post=39195"}],"curies":[{"name":"wp","href":"https:\/\/api.w.org\/{rel}","templated":true}]}}