{"id":39172,"date":"2023-06-27T05:22:23","date_gmt":"2023-06-27T05:22:23","guid":{"rendered":"https:\/\/armstrongyregion.com.ar\/diario\/?p=39172"},"modified":"2023-06-27T05:22:25","modified_gmt":"2023-06-27T05:22:25","slug":"deliberando-de-cara-a-las-paso-precandidatos-a-concejales-de-la-ciudad-de-armstrong","status":"publish","type":"post","link":"https:\/\/armstrongyregion.com.ar\/diario\/deliberando-de-cara-a-las-paso-precandidatos-a-concejales-de-la-ciudad-de-armstrong\/","title":{"rendered":"Deliberando: De cara a las PASO Precandidatos a Concejales de la ciudad de Armstrong."},"content":{"rendered":"\n<figure class=\"wp-block-image size-full\"><a href=\"http:\/\/armstrongyregion.com.ar\/diario\/wp-content\/uploads\/2023\/06\/foto-delib-concejales-.jpg\"><img loading=\"lazy\" decoding=\"async\" width=\"320\" height=\"320\" src=\"http:\/\/armstrongyregion.com.ar\/diario\/wp-content\/uploads\/2023\/06\/foto-delib-concejales-.jpg\" alt=\"\" class=\"wp-image-39173\" srcset=\"https:\/\/armstrongyregion.com.ar\/diario\/wp-content\/uploads\/2023\/06\/foto-delib-concejales-.jpg 320w, https:\/\/armstrongyregion.com.ar\/diario\/wp-content\/uploads\/2023\/06\/foto-delib-concejales--300x300.jpg 300w, https:\/\/armstrongyregion.com.ar\/diario\/wp-content\/uploads\/2023\/06\/foto-delib-concejales--150x150.jpg 150w\" sizes=\"auto, (max-width: 320px) 100vw, 320px\" \/><\/a><\/figure>\n\n\n\n<p>De cara a las PASO, elecciones Primarias, Abiertas, Simult\u00e1neas y Obligatorias, contaremos con la presencia de referentes de 4 listas de precandidatos a concejales por la ciudad de Armstrong, quienes nos dar\u00e1n su visi\u00f3n sobre  el trabajo que se realiza en el recinto, qu\u00e9 los impulsa a ocupar una banca, cuales son sus proyectos en beneficio de los ciudadanos  y que caracter\u00edsticas tienen los integrantes de sus listas.<\/p>\n\n\n\n<figure class=\"wp-block-image size-full\"><a href=\"http:\/\/armstrongyregion.com.ar\/diario\/wp-content\/uploads\/2023\/06\/Aye-Augusto-.jpg\"><img loading=\"lazy\" decoding=\"async\" width=\"500\" height=\"282\" src=\"http:\/\/armstrongyregion.com.ar\/diario\/wp-content\/uploads\/2023\/06\/Aye-Augusto-.jpg\" alt=\"\" class=\"wp-image-39174\" srcset=\"https:\/\/armstrongyregion.com.ar\/diario\/wp-content\/uploads\/2023\/06\/Aye-Augusto-.jpg 500w, https:\/\/armstrongyregion.com.ar\/diario\/wp-content\/uploads\/2023\/06\/Aye-Augusto--300x169.jpg 300w\" sizes=\"auto, (max-width: 500px) 100vw, 500px\" \/><\/a><\/figure>\n\n\n\n<p>En el primer bloque participar\u00e1n quien encabeza la lista de \u00abJuntos Avancemos\u00bb  Dr. Augusto Fischer  con la precandidata a concejal 2da Dra. Ayel\u00e9n Mattina.<\/p>\n\n\n\n<figure class=\"wp-block-image size-full\"><a href=\"http:\/\/armstrongyregion.com.ar\/diario\/wp-content\/uploads\/2023\/06\/Diego-TRombino-27-06-23-.jpg\"><img loading=\"lazy\" decoding=\"async\" width=\"450\" height=\"282\" src=\"http:\/\/armstrongyregion.com.ar\/diario\/wp-content\/uploads\/2023\/06\/Diego-TRombino-27-06-23-.jpg\" alt=\"\" class=\"wp-image-39175\" srcset=\"https:\/\/armstrongyregion.com.ar\/diario\/wp-content\/uploads\/2023\/06\/Diego-TRombino-27-06-23-.jpg 450w, https:\/\/armstrongyregion.com.ar\/diario\/wp-content\/uploads\/2023\/06\/Diego-TRombino-27-06-23--300x188.jpg 300w\" sizes=\"auto, (max-width: 450px) 100vw, 450px\" \/><\/a><\/figure>\n\n\n\n<p>Luego compartiremos un segundo bloque con Diego Trombino, quien encabeza la lista \u00abTransformar Armstrong\u00bb, uno de los cuatro equipos que competir\u00e1n en la interna \u00abUnidad Armstronense\u00bb.<\/p>\n\n\n\n<figure class=\"wp-block-image size-full\"><a href=\"http:\/\/armstrongyregion.com.ar\/diario\/wp-content\/uploads\/2023\/06\/bety-amil-27-6-23-.jpg\"><img loading=\"lazy\" decoding=\"async\" width=\"500\" height=\"282\" src=\"http:\/\/armstrongyregion.com.ar\/diario\/wp-content\/uploads\/2023\/06\/bety-amil-27-6-23-.jpg\" alt=\"\" class=\"wp-image-39176\" srcset=\"https:\/\/armstrongyregion.com.ar\/diario\/wp-content\/uploads\/2023\/06\/bety-amil-27-6-23-.jpg 500w, https:\/\/armstrongyregion.com.ar\/diario\/wp-content\/uploads\/2023\/06\/bety-amil-27-6-23--300x169.jpg 300w\" sizes=\"auto, (max-width: 500px) 100vw, 500px\" \/><\/a><\/figure>\n\n\n\n<p>\u00abSomos Armstrong\u00bb estar\u00e1 representado por Facundo Amil, n\u00famero 1 en la lista y quien lo secunda Beatr\u00edz Ferreyra.<\/p>\n\n\n\n<figure class=\"wp-block-image size-full\"><a href=\"http:\/\/armstrongyregion.com.ar\/diario\/wp-content\/uploads\/2023\/06\/Gerard-27-06-23-.jpg\"><img loading=\"lazy\" decoding=\"async\" width=\"455\" height=\"282\" src=\"http:\/\/armstrongyregion.com.ar\/diario\/wp-content\/uploads\/2023\/06\/Gerard-27-06-23-.jpg\" alt=\"\" class=\"wp-image-39177\" srcset=\"https:\/\/armstrongyregion.com.ar\/diario\/wp-content\/uploads\/2023\/06\/Gerard-27-06-23-.jpg 455w, https:\/\/armstrongyregion.com.ar\/diario\/wp-content\/uploads\/2023\/06\/Gerard-27-06-23--300x186.jpg 300w\" sizes=\"auto, (max-width: 455px) 100vw, 455px\" \/><\/a><\/figure>\n\n\n\n<p>Finalmente cerrar\u00e1 nuestro programa el Dr. Gerardo Pavicic quien va primero en la lista \u00abArmstrong Siempre\u00bb, otra de las cuatro listas que competir\u00e1 el pr\u00f3ximo 16 de Julio dentro del espacio \u00abUnidad Armstronense\u00bb.<\/p>\n\n\n\n<p>Martes 27 de Junio. 21hs por Cable Imagen Armstrong.<\/p>\n\n\n\n<p>Reiteraciones Mi\u00e9rcoles 13,30hs y Domingos 12,00hs.<\/p>\n","protected":false},"excerpt":{"rendered":"<p>De cara a las PASO, elecciones Primarias, Abiertas, Simult\u00e1neas y Obligatorias, contaremos con la presencia de referentes de 4 listas de precandidatos a concejales por la ciudad de Armstrong, quienes nos dar\u00e1n su visi\u00f3n sobre el trabajo que se realiza en el recinto, qu\u00e9 los impulsa a ocupar una banca, cuales son sus proyectos en <a href=\"https:\/\/armstrongyregion.com.ar\/diario\/deliberando-de-cara-a-las-paso-precandidatos-a-concejales-de-la-ciudad-de-armstrong\/\" title=\"Read more\" >&#8230;<\/a><\/p>\n","protected":false},"author":1,"featured_media":39173,"comment_status":"open","ping_status":"open","sticky":false,"template":"","format":"image","meta":{"_jetpack_memberships_contains_paid_content":false,"footnotes":"","jetpack_publicize_message":"","jetpack_publicize_feature_enabled":true,"jetpack_social_post_already_shared":true,"jetpack_social_options":{"image_generator_settings":{"template":"highway","default_image_id":0,"enabled":false},"version":2}},"categories":[8,1,2,7,3],"tags":[33,20,8830,19,44,871],"class_list":["post-39172","post","type-post","status-publish","format-image","has-post-thumbnail","hentry","category-deliberando","category-diario-armstrong","category-locales","category-politica","category-region","tag-a","tag-armstrong","tag-concejales-2","tag-de","tag-deliberando-2","tag-precandidatos","post_format-post-format-image"],"jetpack_publicize_connections":[],"jetpack_featured_media_url":"https:\/\/armstrongyregion.com.ar\/diario\/wp-content\/uploads\/2023\/06\/foto-delib-concejales-.jpg","jetpack_shortlink":"https:\/\/wp.me\/p62QDO-abO","jetpack_sharing_enabled":true,"amp_enabled":true,"_links":{"self":[{"href":"https:\/\/armstrongyregion.com.ar\/diario\/wp-json\/wp\/v2\/posts\/39172","targetHints":{"allow":["GET"]}}],"collection":[{"href":"https:\/\/armstrongyregion.com.ar\/diario\/wp-json\/wp\/v2\/posts"}],"about":[{"href":"https:\/\/armstrongyregion.com.ar\/diario\/wp-json\/wp\/v2\/types\/post"}],"author":[{"embeddable":true,"href":"https:\/\/armstrongyregion.com.ar\/diario\/wp-json\/wp\/v2\/users\/1"}],"replies":[{"embeddable":true,"href":"https:\/\/armstrongyregion.com.ar\/diario\/wp-json\/wp\/v2\/comments?post=39172"}],"version-history":[{"count":1,"href":"https:\/\/armstrongyregion.com.ar\/diario\/wp-json\/wp\/v2\/posts\/39172\/revisions"}],"predecessor-version":[{"id":39178,"href":"https:\/\/armstrongyregion.com.ar\/diario\/wp-json\/wp\/v2\/posts\/39172\/revisions\/39178"}],"wp:featuredmedia":[{"embeddable":true,"href":"https:\/\/armstrongyregion.com.ar\/diario\/wp-json\/wp\/v2\/media\/39173"}],"wp:attachment":[{"href":"https:\/\/armstrongyregion.com.ar\/diario\/wp-json\/wp\/v2\/media?parent=39172"}],"wp:term":[{"taxonomy":"category","embeddable":true,"href":"https:\/\/armstrongyregion.com.ar\/diario\/wp-json\/wp\/v2\/categories?post=39172"},{"taxonomy":"post_tag","embeddable":true,"href":"https:\/\/armstrongyregion.com.ar\/diario\/wp-json\/wp\/v2\/tags?post=39172"}],"curies":[{"name":"wp","href":"https:\/\/api.w.org\/{rel}","templated":true}]}}