{"id":39169,"date":"2023-06-27T04:43:48","date_gmt":"2023-06-27T04:43:48","guid":{"rendered":"https:\/\/armstrongyregion.com.ar\/diario\/?p=39169"},"modified":"2023-06-27T04:43:51","modified_gmt":"2023-06-27T04:43:51","slug":"losada-y-bullrich-presentaron-un-plan-de-seguridad-para-santa-fe","status":"publish","type":"post","link":"https:\/\/armstrongyregion.com.ar\/diario\/losada-y-bullrich-presentaron-un-plan-de-seguridad-para-santa-fe\/","title":{"rendered":"Losada y Bullrich presentaron un plan de seguridad para Santa Fe."},"content":{"rendered":"\n<figure class=\"wp-block-image size-full\"><a href=\"http:\/\/armstrongyregion.com.ar\/diario\/wp-content\/uploads\/2023\/06\/CL-PB-FA-PJ.jpg\"><img loading=\"lazy\" decoding=\"async\" width=\"400\" height=\"300\" src=\"http:\/\/armstrongyregion.com.ar\/diario\/wp-content\/uploads\/2023\/06\/CL-PB-FA-PJ.jpg\" alt=\"\" class=\"wp-image-39170\" srcset=\"https:\/\/armstrongyregion.com.ar\/diario\/wp-content\/uploads\/2023\/06\/CL-PB-FA-PJ.jpg 400w, https:\/\/armstrongyregion.com.ar\/diario\/wp-content\/uploads\/2023\/06\/CL-PB-FA-PJ-300x225.jpg 300w\" sizes=\"auto, (max-width: 400px) 100vw, 400px\" \/><\/a><\/figure>\n\n\n\n<h2 class=\"wp-block-heading\"><em>\u201cCarolina y Federico (Angelini) saben perfectamente qu\u00e9 hacer, estamos armando un equipo para liberar a Rosario de esta locura\u00bb, expres\u00f3 la precandidata a presidenta.<\/em><\/h2>\n\n\n\n<p>La precandidata a gobernadora por la lista \u201cEs con vos\u201d (Unidos para Cambiar Santa Fe), Carolina Losada, junto a la precandidata a presidenta de la Naci\u00f3n, Patria Bullrich, se reunieron este lunes, en Rosario, con empresarios de la regi\u00f3n y presentaron el plan y equipos en materia de seguridad para la provincia de Santa Fe.<\/p>\n\n\n\n<p>\u201cLes aseguro que vamos a hacer algo totalmente distinto. Yo lo vengo diciendo, aquel que ya estuvo, no quiso, no pudo, no supo, que se vaya a su casa. Realmente vamos a ir a fondo, aquellos que tenemos las manos limpias y sin muertos en el placar para ir al hueso respecto de lo que tenemos que hacer con la seguridad\u201d, garantiz\u00f3 Losada durante el encuentro, del que tambi\u00e9n particip\u00f3 su compa\u00f1ero de f\u00f3rmula, Federico Angelini.<\/p>\n\n\n\n<p>\u201cNo podemos acostumbrarnos a la desidia constante del Estado, a que nos abandonaran, porque yo coincido y lo vengo diciendo, a la provincia de Santa Fe la tienen totalmente abandonada el gobierno nacional y el gobierno provincial, respecto a la seguridad principalmente\u201d, sum\u00f3 la precandidata a gobernadora.<\/p>\n\n\n\n<p>\u201cQue se queden tranquilos que estamos trabajando muy duro desde hace mucho tiempo en todos los temas\u201d, explic\u00f3 Losada, y enumer\u00f3 entre sus prioridades adem\u00e1s de la seguridad, las obras de infraestructura, y asistencia a pymes y emprendedores.<\/p>\n\n\n\n<p>\u201cPor primera vez, vamos a estar contentos de decir \u00abqu\u00e9 bueno que les dimos la oportunidad, esta vez no nos defraudaron, esta vez no hubo un gobierno que diga una cosa cuando est\u00e1 en campa\u00f1a y despu\u00e9s a otra cosa diferente\u00bb\u201d, anticip\u00f3 la senadora por Santa Fe.<\/p>\n\n\n\n<p>En di\u00e1logo con los empresarios, Losada anticip\u00f3 que trabajar\u00e1 por \u201cun gobierno provincial totalmente transparente, donde cualquiera, no solamente los periodistas, puedan tener acceso a la informaci\u00f3n p\u00fablica, y saber a d\u00f3nde va la plata de los impuestos\u201d.<\/p>\n\n\n\n<p>\u201cAdem\u00e1s, vamos a hacer un Estado eficiente, donde un estudio de impacto ambiental no puede tardar m\u00e1s de 6 meses\u201d, asegur\u00f3.<\/p>\n\n\n\n<p><strong>Retomar el control territorial<br><\/strong><br>Por su parte, Bullrich se\u00f1al\u00f3 que \u00abCarolina Losada y Federico Angelini saben perfectamente qu\u00e9 hacer, estamos armando un equipo para liberar a Rosario de esta locura\u00bb, expres\u00f3.<\/p>\n\n\n\n<p>La dirigente nacional cont\u00f3 que los equipos est\u00e1n \u201ctrabajando en un programa especial para que las fuerzas federales desembarquen el mismo 10 de diciembre en la ciudad, para poder retomar el control territorial, y que la ley que rija sea la constituci\u00f3n y no la narco\u201d.<\/p>\n\n\n\n<p>\u201cHoy las fuerzas federales no se ven en Rosario, est\u00e1n solamente en Empalme, pero muy pocos y con bajo nivel de instrucci\u00f3n, por lo que no hacen pr\u00e1cticamente nada. Para liberar a Rosario de la locura que est\u00e1 viviendo es necesario que el gobierno nacional se haga cargo. El delito se combate con la \u00e9tica de la fuerza policial\u201d, se\u00f1al\u00f3 la precandidata a presidenta de Juntos por el Cambio.<\/p>\n\n\n\n<p>En tanto, Angelini cont\u00f3 que junto a Losada elevaron una serie de pedidos al gobernador Omar Perotti para \u201cacelerar los plazos\u201d, y no tener que esperar el fin de su gesti\u00f3n. \u201cVenimos trabajando desde hace tiempo, porque el 10 de diciembre no hay tiempo para diagn\u00f3stico, sino que hay tomar el territorio y devolverle la paz a los rosarinos y santafesinos\u201d, indic\u00f3.<\/p>\n","protected":false},"excerpt":{"rendered":"<p>\u201cCarolina y Federico (Angelini) saben perfectamente qu\u00e9 hacer, estamos armando un equipo para liberar a Rosario de esta locura\u00bb, expres\u00f3 la precandidata a presidenta. La precandidata a gobernadora por la lista \u201cEs con vos\u201d (Unidos para Cambiar Santa Fe), Carolina Losada, junto a la precandidata a presidenta de la Naci\u00f3n, Patria Bullrich, se reunieron este <a href=\"https:\/\/armstrongyregion.com.ar\/diario\/losada-y-bullrich-presentaron-un-plan-de-seguridad-para-santa-fe\/\" title=\"Read more\" >&#8230;<\/a><\/p>\n","protected":false},"author":1,"featured_media":39170,"comment_status":"open","ping_status":"open","sticky":false,"template":"","format":"image","meta":{"_jetpack_memberships_contains_paid_content":false,"footnotes":"","jetpack_publicize_message":"","jetpack_publicize_feature_enabled":true,"jetpack_social_post_already_shared":true,"jetpack_social_options":{"image_generator_settings":{"template":"highway","default_image_id":0,"enabled":false},"version":2}},"categories":[8,1,2,7,3],"tags":[9519,19,9411,81,2172,3381,8991,13],"class_list":["post-39169","post","type-post","status-publish","format-image","has-post-thumbnail","hentry","category-deliberando","category-diario-armstrong","category-locales","category-politica","category-region","tag-bullrich","tag-de","tag-losada","tag-para","tag-presentaron","tag-santa-fe","tag-seguridad-2","tag-y","post_format-post-format-image"],"jetpack_publicize_connections":[],"jetpack_featured_media_url":"https:\/\/armstrongyregion.com.ar\/diario\/wp-content\/uploads\/2023\/06\/CL-PB-FA-PJ.jpg","jetpack_shortlink":"https:\/\/wp.me\/p62QDO-abL","jetpack_sharing_enabled":true,"amp_enabled":true,"_links":{"self":[{"href":"https:\/\/armstrongyregion.com.ar\/diario\/wp-json\/wp\/v2\/posts\/39169","targetHints":{"allow":["GET"]}}],"collection":[{"href":"https:\/\/armstrongyregion.com.ar\/diario\/wp-json\/wp\/v2\/posts"}],"about":[{"href":"https:\/\/armstrongyregion.com.ar\/diario\/wp-json\/wp\/v2\/types\/post"}],"author":[{"embeddable":true,"href":"https:\/\/armstrongyregion.com.ar\/diario\/wp-json\/wp\/v2\/users\/1"}],"replies":[{"embeddable":true,"href":"https:\/\/armstrongyregion.com.ar\/diario\/wp-json\/wp\/v2\/comments?post=39169"}],"version-history":[{"count":1,"href":"https:\/\/armstrongyregion.com.ar\/diario\/wp-json\/wp\/v2\/posts\/39169\/revisions"}],"predecessor-version":[{"id":39171,"href":"https:\/\/armstrongyregion.com.ar\/diario\/wp-json\/wp\/v2\/posts\/39169\/revisions\/39171"}],"wp:featuredmedia":[{"embeddable":true,"href":"https:\/\/armstrongyregion.com.ar\/diario\/wp-json\/wp\/v2\/media\/39170"}],"wp:attachment":[{"href":"https:\/\/armstrongyregion.com.ar\/diario\/wp-json\/wp\/v2\/media?parent=39169"}],"wp:term":[{"taxonomy":"category","embeddable":true,"href":"https:\/\/armstrongyregion.com.ar\/diario\/wp-json\/wp\/v2\/categories?post=39169"},{"taxonomy":"post_tag","embeddable":true,"href":"https:\/\/armstrongyregion.com.ar\/diario\/wp-json\/wp\/v2\/tags?post=39169"}],"curies":[{"name":"wp","href":"https:\/\/api.w.org\/{rel}","templated":true}]}}