{"id":39161,"date":"2023-06-27T01:07:53","date_gmt":"2023-06-27T01:07:53","guid":{"rendered":"https:\/\/armstrongyregion.com.ar\/diario\/?p=39161"},"modified":"2023-06-27T01:07:55","modified_gmt":"2023-06-27T01:07:55","slug":"equipar-ciencia-ocho-instituciones-de-santa-fe-recibiran-nuevos-equipamientos-cientifico-tecnologicos","status":"publish","type":"post","link":"https:\/\/armstrongyregion.com.ar\/diario\/equipar-ciencia-ocho-instituciones-de-santa-fe-recibiran-nuevos-equipamientos-cientifico-tecnologicos\/","title":{"rendered":"\u201cEquipar Ciencia\u201d: Ocho instituciones de Santa Fe recibir\u00e1n nuevos equipamientos cient\u00edfico-tecnol\u00f3gicos."},"content":{"rendered":"\n<figure class=\"wp-block-image size-full\"><a href=\"http:\/\/armstrongyregion.com.ar\/diario\/wp-content\/uploads\/2023\/06\/PCIA-26-6-23-.jpg\"><img loading=\"lazy\" decoding=\"async\" width=\"500\" height=\"334\" src=\"http:\/\/armstrongyregion.com.ar\/diario\/wp-content\/uploads\/2023\/06\/PCIA-26-6-23-.jpg\" alt=\"\" class=\"wp-image-39162\" srcset=\"https:\/\/armstrongyregion.com.ar\/diario\/wp-content\/uploads\/2023\/06\/PCIA-26-6-23-.jpg 500w, https:\/\/armstrongyregion.com.ar\/diario\/wp-content\/uploads\/2023\/06\/PCIA-26-6-23--300x200.jpg 300w\" sizes=\"auto, (max-width: 500px) 100vw, 500px\" \/><\/a><\/figure>\n\n\n\n<h2 class=\"wp-block-heading\">La secretaria de Ciencia, Tecnolog\u00eda e Innovaci\u00f3n, Marina Baima, particip\u00f3 en Buenos Aires del acto de adjudicaci\u00f3n de los nuevos equipos por m\u00e1s de\u00a0 U$S 3,7 millones.<\/h2>\n\n\n\n<p>La secretaria de Ciencia, Tecnolog\u00eda e Innovaci\u00f3n de la provincia, Marina Baima, particip\u00f3 en Buenos Aires del acto de adjudicaci\u00f3n de nuevos equipamientos en el marco del Programa Federal Equipar Ciencia 2023, a trav\u00e9s del cual ocho instituciones santafesinas recibir\u00e1n equipamiento cient\u00edfico-tecnol\u00f3gico por m\u00e1s de 3,7 millones de d\u00f3lares.<\/p>\n\n\n\n<p>En la oportunidad, el ministro de Ciencia, Tecnolog\u00eda e Innovaci\u00f3n, Daniel Filmus, se\u00f1al\u00f3 la asimetr\u00eda y \u201cla dimensi\u00f3n de c\u00f3mo se distribu\u00eda el presupuesto vinculado a los cr\u00e9ditos internacionales. Hoy estamos ante una transformaci\u00f3n poderosa en la distribuci\u00f3n. Planteo esto por la estructuraci\u00f3n de un pa\u00eds dependiente del mercado internacional basado en dos desigualdades internas: la social y la territorial\u201d.<\/p>\n\n\n\n<p>\u201cSi no atendemos la demanda de los que m\u00e1s lo necesitan estamos en un problema. Atender principalmente aquellos lugares y agregar valor es central y estructural. Si invertimos m\u00e1s en ciencia y tecnolog\u00eda es para resolver los problemas cotidianos de la gente y defender la soberan\u00eda nacional\u201d, afirm\u00f3 el funcionario nacional.<\/p>\n\n\n\n<p>Por su parte, Baima destac\u00f3 el \u201ctrabajo articulado y potente que estamos haciendo en la provincia. Esto se demuestra con los ocho equipos para instituciones santafesinas, universidades, el INA, el INTA y dos centros CONICET. Es importante remarcar esto porque llev\u00f3 tiempo consolidar un sistema robusto, donde seamos muy eficientes en la adquisici\u00f3n de los nuevos equipos cient\u00edficos y tecnol\u00f3gicos. Suman 22 financiados por el gobierno nacional y hay una red de m\u00e1s de 28 nuevos equipos, lo que significa que hemos reconvertido el parque de equipamientos cient\u00edficos y tecnol\u00f3gicos de la provincia en menos de cuatro a\u00f1os, poniendo a disposici\u00f3n una nueva forma de hacer ciencia, con mejor tecnolog\u00eda, que nos acerca a la frontera del conocimiento y nos posiciona a nivel internacional\u201d, detall\u00f3.<\/p>\n\n\n\n<p>\u201cTodo esto lo vemos traducido adem\u00e1s en los premios destacados y en la incorporaci\u00f3n de la academia en las distintas oportunidades que se dieron en las \u00faltimas semanas. Adem\u00e1s de esto hay que destacar que el ministro Filmus, junto a su gabinete, cumple y ha acompa\u00f1ado a la gesti\u00f3n provincial,&nbsp; generando estrategias para volver a posicionar la ciencia y la tecnolog\u00eda. Es un orgullo para m\u00ed, como santafesina, llevar esta agenda que impulsamos con el gobernador Omar Perotti y el ministro Daniel Costamagna en temas estrat\u00e9gicos. Sabemos que la ciencia es transversal, que el conocimiento hoy nos permite tambi\u00e9n exportar ese conocimiento y encontrar soluciones en cada necesidad que tiene la poblaci\u00f3n santafesina\u201d, agreg\u00f3 la funcionaria.<\/p>\n\n\n\n<p>\u201cEsta agenda se constituye a partir del Plan de Ciencia y Tecnolog\u00eda Santa Fe 2030, que est\u00e1 incorporado en el plan nacional, el cual queremos que est\u00e9 incluido en una legislaci\u00f3n nacional. Esta agenda se lleva a cabo tambi\u00e9n junto con la subsecretar\u00eda de Federalizaci\u00f3n de la Ciencia, en la cual est\u00e1 Luz Lardone, y en la que acompa\u00f1an los procesos de innovaci\u00f3n territorial. Junto a ella, llevamos adelante proyectos tambi\u00e9n estrat\u00e9gicos, generando plataformas territoriales que nos van a permitir posicionar m\u00e1s los proyectos en beneficio de Santa Fe\u201d, finaliz\u00f3 Baima.<\/p>\n\n\n\n<p>A su turno, el subsecretario de Coordinaci\u00f3n Institucional, Pablo Nu\u00f1ez, agradeci\u00f3 el acompa\u00f1amiento de los gobernadores y autoridades, rectores y afirm\u00f3 que con \u201cla propuesta de este programa que implementamos hace menos de dos a\u00f1os, ya se adjudicaron en el per\u00edodo 2022-2023, 647 equipos en 24 provincias alcanzando 86 instituciones\u00bb. Este programa cumple con la ley de financiamiento, es profundamente federal y resuelve asimetr\u00edas\u201d.<\/p>\n\n\n\n<p>En tanto, la subsecretaria de Federalizaci\u00f3n de la Ciencia, Tecnolog\u00eda e Innovaci\u00f3n, Luz Lardone, mencion\u00f3 que en el marco del COFECyT, las Agendas Territoriales Integradoras, coraz\u00f3n federal del Plan CTI 2030, nos han permitido tomar decisiones de pol\u00edtica p\u00fablica equitativa para las 24 jurisdicciones. Decisiones que se han modificado sustancialmente respecto a a\u00f1os anteriores, ya que son las jurisdicciones las que eligen d\u00f3nde y c\u00f3mo se invierten los fondos p\u00fablicos de la Ley de Financiamiento. Hoy hablamos de un conocimiento situado desde los territorios como pol\u00edtica de Estado, herramienta para la recuperaci\u00f3n socioecon\u00f3mica y el fundamentalmente desarrollo federal\u00bb.<\/p>\n\n\n\n<p>Mediante esta iniciativa del Ministerio de Ciencia, Tecnolog\u00eda e Innovaci\u00f3n de la Naci\u00f3n, cuya coordinaci\u00f3n ejecutiva est\u00e1 a cargo de la subsecretar\u00eda de Coordinaci\u00f3n Institucional, se adjudicaron en total 237 equipos de mediano y gran porte en 18 instituciones cient\u00edfico tecnol\u00f3gicas de todo el pa\u00eds, para generar m\u00e1s valor y m\u00e1s ciencia de calidad, por una inversi\u00f3n total de 15.140 millones de pesos.<\/p>\n\n\n\n<p><strong>PRESENTES<\/strong><\/p>\n\n\n\n<p>Del acto participaron tambi\u00e9n el secretario de Articulaci\u00f3n Cient\u00edfico Tecnol\u00f3gica de la Naci\u00f3n, Juan Pablo Paz; y los gobernadores de Catamarca, Ra\u00fal Jalil, y de Santiago del Estero, Gerardo Zamora, junto con rectores y rectoras, y dem\u00e1s autoridades nacionales y provinciales.<\/p>\n\n\n\n<p><strong>CIENCIA FEDERAL<\/strong><\/p>\n\n\n\n<p>El Programa Federal \u201cEquipar Ciencia\u201d busc\u00f3 atender las demandas y necesidades de cada regi\u00f3n y aplicar una distribuci\u00f3n de la inversi\u00f3n con vistas a reducir asimetr\u00edas. En 2020, la inversi\u00f3n se ubicaba mayoritariamente en la Ciudad Aut\u00f3noma de Buenos Aires, donde hist\u00f3ricamente el 85% del gasto de ciencia y tecnolog\u00eda se concentraba en la zona metropolitana. El restante lo completan las otras regiones, las cuales no alcanzaban el 10%.<\/p>\n\n\n\n<p>En 2022, el programa se propuso equiparar las capacidades cient\u00edfico tecnol\u00f3gicas, en este sentido, el Norte Grande -compuesta por 10 provincias- fue quien recibi\u00f3 el mayor porcentaje de inversi\u00f3n, seguida del GBA, Regi\u00f3n Central, Patagonia, PBA-Interior, Cuyo y CABA.<\/p>\n","protected":false},"excerpt":{"rendered":"<p>La secretaria de Ciencia, Tecnolog\u00eda e Innovaci\u00f3n, Marina Baima, particip\u00f3 en Buenos Aires del acto de adjudicaci\u00f3n de los nuevos equipos por m\u00e1s de\u00a0 U$S 3,7 millones. La secretaria de Ciencia, Tecnolog\u00eda e Innovaci\u00f3n de la provincia, Marina Baima, particip\u00f3 en Buenos Aires del acto de adjudicaci\u00f3n de nuevos equipamientos en el marco del Programa <a href=\"https:\/\/armstrongyregion.com.ar\/diario\/equipar-ciencia-ocho-instituciones-de-santa-fe-recibiran-nuevos-equipamientos-cientifico-tecnologicos\/\" title=\"Read more\" >&#8230;<\/a><\/p>\n","protected":false},"author":1,"featured_media":39162,"comment_status":"open","ping_status":"open","sticky":false,"template":"","format":"image","meta":{"_jetpack_memberships_contains_paid_content":false,"footnotes":"","jetpack_publicize_message":"","jetpack_publicize_feature_enabled":true,"jetpack_social_post_already_shared":true,"jetpack_social_options":{"image_generator_settings":{"template":"highway","default_image_id":0,"enabled":false},"version":2}},"categories":[6,8,1,2,7,3],"tags":[2391,9514,3665,8593,242,4133,9513,3381],"class_list":["post-39161","post","type-post","status-publish","format-image","has-post-thumbnail","hentry","category-cultura-entretenimiento","category-deliberando","category-diario-armstrong","category-locales","category-politica","category-region","tag-ciencia","tag-equipamientos","tag-equipar","tag-instituciones-2","tag-nuevos","tag-ocho","tag-recibiran","tag-santa-fe","post_format-post-format-image"],"jetpack_publicize_connections":[],"jetpack_featured_media_url":"https:\/\/armstrongyregion.com.ar\/diario\/wp-content\/uploads\/2023\/06\/PCIA-26-6-23-.jpg","jetpack_shortlink":"https:\/\/wp.me\/p62QDO-abD","jetpack_sharing_enabled":true,"amp_enabled":true,"_links":{"self":[{"href":"https:\/\/armstrongyregion.com.ar\/diario\/wp-json\/wp\/v2\/posts\/39161","targetHints":{"allow":["GET"]}}],"collection":[{"href":"https:\/\/armstrongyregion.com.ar\/diario\/wp-json\/wp\/v2\/posts"}],"about":[{"href":"https:\/\/armstrongyregion.com.ar\/diario\/wp-json\/wp\/v2\/types\/post"}],"author":[{"embeddable":true,"href":"https:\/\/armstrongyregion.com.ar\/diario\/wp-json\/wp\/v2\/users\/1"}],"replies":[{"embeddable":true,"href":"https:\/\/armstrongyregion.com.ar\/diario\/wp-json\/wp\/v2\/comments?post=39161"}],"version-history":[{"count":1,"href":"https:\/\/armstrongyregion.com.ar\/diario\/wp-json\/wp\/v2\/posts\/39161\/revisions"}],"predecessor-version":[{"id":39164,"href":"https:\/\/armstrongyregion.com.ar\/diario\/wp-json\/wp\/v2\/posts\/39161\/revisions\/39164"}],"wp:featuredmedia":[{"embeddable":true,"href":"https:\/\/armstrongyregion.com.ar\/diario\/wp-json\/wp\/v2\/media\/39162"}],"wp:attachment":[{"href":"https:\/\/armstrongyregion.com.ar\/diario\/wp-json\/wp\/v2\/media?parent=39161"}],"wp:term":[{"taxonomy":"category","embeddable":true,"href":"https:\/\/armstrongyregion.com.ar\/diario\/wp-json\/wp\/v2\/categories?post=39161"},{"taxonomy":"post_tag","embeddable":true,"href":"https:\/\/armstrongyregion.com.ar\/diario\/wp-json\/wp\/v2\/tags?post=39161"}],"curies":[{"name":"wp","href":"https:\/\/api.w.org\/{rel}","templated":true}]}}