{"id":3914,"date":"2015-09-04T16:17:04","date_gmt":"2015-09-04T16:17:04","guid":{"rendered":"https:\/\/armstrongyregion.com.ar\/diario\/?p=3914"},"modified":"2015-09-04T16:17:04","modified_gmt":"2015-09-04T16:17:04","slug":"se-presento-oficialmente-en-montes-de-oca-una-nueva-edicion-de-la-fiesta-provincial-del-asador","status":"publish","type":"post","link":"https:\/\/armstrongyregion.com.ar\/diario\/se-presento-oficialmente-en-montes-de-oca-una-nueva-edicion-de-la-fiesta-provincial-del-asador\/","title":{"rendered":"Se present\u00f3 oficialmente en Montes de Oca una nueva edici\u00f3n de la Fiesta Provincial del Asador."},"content":{"rendered":"<p><a href=\"http:\/\/armstrongyregion.com.ar\/diario\/wp-content\/uploads\/2015\/09\/IMG-20150904-WA0015.jpg\"><img loading=\"lazy\" decoding=\"async\" class=\"alignnone size-medium wp-image-3915\" src=\"http:\/\/armstrongyregion.com.ar\/diario\/wp-content\/uploads\/2015\/09\/IMG-20150904-WA0015-300x169.jpg\" alt=\"Fiesta-asador-\" width=\"300\" height=\"169\" srcset=\"https:\/\/armstrongyregion.com.ar\/diario\/wp-content\/uploads\/2015\/09\/IMG-20150904-WA0015-300x169.jpg 300w, https:\/\/armstrongyregion.com.ar\/diario\/wp-content\/uploads\/2015\/09\/IMG-20150904-WA0015-1024x575.jpg 1024w, https:\/\/armstrongyregion.com.ar\/diario\/wp-content\/uploads\/2015\/09\/IMG-20150904-WA0015.jpg 1296w\" sizes=\"auto, (max-width: 300px) 100vw, 300px\" \/><\/a>El s\u00e1bado 31 de octubre ser\u00e1 el d\u00eda donde todos podamos gritar \u201cUn aplauso para el Asador\u201d\u2026<\/p>\n<p>Este jueves , en conferencia de prensa, ofrecida por el presidente comunal de Montes de Oca, Leandro Dietschi, autoridades del Centro Tradicionalista Virgen de Luj\u00e1n, se dio a conocer las actividades de esta fiesta que trata de rescatar para la provincia de Santa F\u00e9, la costumbre festiva del asado criollo, con la actuaci\u00f3n en el espect\u00e1culo central del Chaque\u00f1o Palavecino y otros reconocidos artistas locales y regionales.<\/p>\n","protected":false},"excerpt":{"rendered":"<p>El s\u00e1bado 31 de octubre ser\u00e1 el d\u00eda donde todos podamos gritar \u201cUn aplauso para el Asador\u201d\u2026 Este jueves , en conferencia de prensa, ofrecida por el presidente comunal de Montes de Oca, Leandro Dietschi, autoridades del Centro Tradicionalista Virgen de Luj\u00e1n, se dio a conocer las actividades de esta fiesta que trata de rescatar <a href=\"https:\/\/armstrongyregion.com.ar\/diario\/se-presento-oficialmente-en-montes-de-oca-una-nueva-edicion-de-la-fiesta-provincial-del-asador\/\" title=\"Read more\" >&#8230;<\/a><\/p>\n","protected":false},"author":2,"featured_media":3915,"comment_status":"open","ping_status":"open","sticky":false,"template":"","format":"standard","meta":{"_jetpack_memberships_contains_paid_content":false,"footnotes":"","jetpack_publicize_message":"","jetpack_publicize_feature_enabled":true,"jetpack_social_post_already_shared":false,"jetpack_social_options":{"image_generator_settings":{"template":"highway","default_image_id":0,"enabled":false},"version":2}},"categories":[6,1,2,3],"tags":[2676,19,53,317,15,620,31,557,275,558,2675,25,928,86,103],"class_list":["post-3914","post","type-post","status-publish","format-standard","has-post-thumbnail","hentry","category-cultura-entretenimiento","category-diario-armstrong","category-locales","category-region","tag-asador","tag-de","tag-del","tag-edicion","tag-en","tag-fiesta","tag-la","tag-montes","tag-nueva","tag-oca","tag-oficialmente","tag-presento","tag-provincial","tag-se","tag-una"],"jetpack_publicize_connections":[],"jetpack_featured_media_url":"https:\/\/armstrongyregion.com.ar\/diario\/wp-content\/uploads\/2015\/09\/IMG-20150904-WA0015.jpg","jetpack_shortlink":"https:\/\/wp.me\/p62QDO-118","jetpack_sharing_enabled":true,"amp_enabled":true,"_links":{"self":[{"href":"https:\/\/armstrongyregion.com.ar\/diario\/wp-json\/wp\/v2\/posts\/3914","targetHints":{"allow":["GET"]}}],"collection":[{"href":"https:\/\/armstrongyregion.com.ar\/diario\/wp-json\/wp\/v2\/posts"}],"about":[{"href":"https:\/\/armstrongyregion.com.ar\/diario\/wp-json\/wp\/v2\/types\/post"}],"author":[{"embeddable":true,"href":"https:\/\/armstrongyregion.com.ar\/diario\/wp-json\/wp\/v2\/users\/2"}],"replies":[{"embeddable":true,"href":"https:\/\/armstrongyregion.com.ar\/diario\/wp-json\/wp\/v2\/comments?post=3914"}],"version-history":[{"count":0,"href":"https:\/\/armstrongyregion.com.ar\/diario\/wp-json\/wp\/v2\/posts\/3914\/revisions"}],"wp:featuredmedia":[{"embeddable":true,"href":"https:\/\/armstrongyregion.com.ar\/diario\/wp-json\/wp\/v2\/media\/3915"}],"wp:attachment":[{"href":"https:\/\/armstrongyregion.com.ar\/diario\/wp-json\/wp\/v2\/media?parent=3914"}],"wp:term":[{"taxonomy":"category","embeddable":true,"href":"https:\/\/armstrongyregion.com.ar\/diario\/wp-json\/wp\/v2\/categories?post=3914"},{"taxonomy":"post_tag","embeddable":true,"href":"https:\/\/armstrongyregion.com.ar\/diario\/wp-json\/wp\/v2\/tags?post=3914"}],"curies":[{"name":"wp","href":"https:\/\/api.w.org\/{rel}","templated":true}]}}