{"id":39116,"date":"2023-06-24T03:14:31","date_gmt":"2023-06-24T03:14:31","guid":{"rendered":"https:\/\/armstrongyregion.com.ar\/diario\/?p=39116"},"modified":"2023-06-24T03:14:34","modified_gmt":"2023-06-24T03:14:34","slug":"clara-garcia-perotti-fue-una-estafa-electoral-en-todo-sentido","status":"publish","type":"post","link":"https:\/\/armstrongyregion.com.ar\/diario\/clara-garcia-perotti-fue-una-estafa-electoral-en-todo-sentido\/","title":{"rendered":"Clara Garc\u00eda: \u00abPerotti fue una estafa electoral en todo sentido\u201d."},"content":{"rendered":"\n<figure class=\"wp-block-image size-full\"><a href=\"http:\/\/armstrongyregion.com.ar\/diario\/wp-content\/uploads\/2023\/06\/CLARA-GARCIA-24-6-23.jpg\"><img loading=\"lazy\" decoding=\"async\" width=\"621\" height=\"414\" src=\"http:\/\/armstrongyregion.com.ar\/diario\/wp-content\/uploads\/2023\/06\/CLARA-GARCIA-24-6-23.jpg\" alt=\"\" class=\"wp-image-39117\" srcset=\"https:\/\/armstrongyregion.com.ar\/diario\/wp-content\/uploads\/2023\/06\/CLARA-GARCIA-24-6-23.jpg 621w, https:\/\/armstrongyregion.com.ar\/diario\/wp-content\/uploads\/2023\/06\/CLARA-GARCIA-24-6-23-300x200.jpg 300w\" sizes=\"auto, (max-width: 621px) 100vw, 621px\" \/><\/a><\/figure>\n\n\n\n<h2 class=\"wp-block-heading\"><em>La precandidata a diputada provincial de la lista Adelante (Unidos para cambiar Santa Fe) dijo que en la provincia \u201cse huele un cambio\u201d y describi\u00f3 al gobernador como \u201cun hombre en retirada que solo espera atrincherarse en la Legislatura para poner palos en la rueda al futuro gobierno\u201d.<\/em><\/h2>\n\n\n\n<p>La precandidata a diputada provincial de la lista Adelante (Unidos para cambiar Santa Fe), Clara Garc\u00eda, describi\u00f3 a Omar Perotti como \u201cun gobernador en retirada que solo espera atrincherarse en la Legislatura para poner palos en la rueda al futuro gobierno. No se lo vamos a permitir\u201d, asegur\u00f3 y, en ese sentido, vaticin\u00f3: \u201cRecorremos la provincia y se huele un cambio\u201d.<\/p>\n\n\n\n<p>En declaraciones period\u00edsticas, Garc\u00eda dijo que la actual gesti\u00f3n \u201cfue una estafa electoral a los santafesinos en todo sentido: nos dej\u00f3 indefensos y sin educaci\u00f3n. Nunca tuvo una pol\u00edtica educativa ni un plan de seguridad y hoy tenemos m\u00e1s del doble de homicidios que la gesti\u00f3n anterior\u201d.&nbsp;<\/p>\n\n\n\n<p>\u201cEstamos con escuelas amenazadas, robadas y baleadas, algo que jam\u00e1s pensamos que ver\u00edamos. En Rosario los docentes pararon dos veces en 10 d\u00edas por ese motivo y Perotti ni siquiera es capaz de reponer de inmediato los elementos robados a las instituciones educativas\u201d, cuestion\u00f3 durante una visita al Complejo Educativo Gurruchaga de Rosario, donde se llevaron equipos valuados en m\u00e1s de $50 millones\u201d.<\/p>\n\n\n\n<p>En ese punto, asegur\u00f3 que \u201cesta crisis se puede revertir\u201d y pero volvi\u00f3 a insistir en la necesidad de contar con una pol\u00edtica educativa: \u201cNo se puede gestionar la educaci\u00f3n de esta provincia dando \u00f3rdenes por mensajes de celular como hizo una ministra del \u00e1rea hasta hace poco tiempo. Nuestra manera de trabajar es asegurando inversiones, como hicimos siempre, y escuchando a la comunidad educativa\u201d. &nbsp;<\/p>\n\n\n\n<p>La actual diputada provincial tambi\u00e9n se refiri\u00f3 a la cuesti\u00f3n productiva ante el anuncio de la empresa Paladini de que pondr\u00e1 un freno en sus inversiones: \u201cLe pasa como a tantas empresas que no pueden importar equipos y, adem\u00e1s, la inflaci\u00f3n hace que la gente consuma mucho menos, inclusive alimentos\u201d.&nbsp;<\/p>\n\n\n\n<p>\u201cEs verdad que no hay un plan econ\u00f3mico a nivel nacional \u2013se\u00f1al\u00f3-, pero nosotros recorremos la provincia y la ausencia del Estado provincial es generalizada. Perotti no solo no acompa\u00f1a las inversiones locales de una marca reconocida a nivel pa\u00eds que, adem\u00e1s exporta sus productos; tampoco apoya a las pymes que son las que tienen menos margen de maniobra tienen en una crisis como la que vive el pa\u00eds. Lo vimos con la sequ\u00eda y ya lo hab\u00edamos visto durante la pandemia con la falta de acompa\u00f1amiento a los comercios y a una gran cantidad de sectores que prestan servicios\u201d, rememor\u00f3.<\/p>\n\n\n\n<p>\u201cDesde el principio fue una gesti\u00f3n de brazos ca\u00eddos, que prometi\u00f3 y no cumpli\u00f3 ni gestion\u00f3 a favor de la gente y eso hoy genera un rechazo muy fuerte\u201d, asegur\u00f3.<\/p>\n","protected":false},"excerpt":{"rendered":"<p>La precandidata a diputada provincial de la lista Adelante (Unidos para cambiar Santa Fe) dijo que en la provincia \u201cse huele un cambio\u201d y describi\u00f3 al gobernador como \u201cun hombre en retirada que solo espera atrincherarse en la Legislatura para poner palos en la rueda al futuro gobierno\u201d. La precandidata a diputada provincial de la <a href=\"https:\/\/armstrongyregion.com.ar\/diario\/clara-garcia-perotti-fue-una-estafa-electoral-en-todo-sentido\/\" title=\"Read more\" >&#8230;<\/a><\/p>\n","protected":false},"author":1,"featured_media":39117,"comment_status":"open","ping_status":"open","sticky":false,"template":"","format":"image","meta":{"_jetpack_memberships_contains_paid_content":false,"footnotes":"","jetpack_publicize_message":"","jetpack_publicize_feature_enabled":true,"jetpack_social_post_already_shared":true,"jetpack_social_options":{"image_generator_settings":{"template":"highway","default_image_id":0,"enabled":false},"version":2}},"categories":[8,1,2,7,3],"tags":[9196,8772,15,2547,1665,1409,4121,866],"class_list":["post-39116","post","type-post","status-publish","format-image","has-post-thumbnail","hentry","category-deliberando","category-diario-armstrong","category-locales","category-politica","category-region","tag-clara-garcia","tag-electoral-2","tag-en","tag-estafa","tag-fue","tag-perotti","tag-sentido","tag-todo","post_format-post-format-image"],"jetpack_publicize_connections":[],"jetpack_featured_media_url":"https:\/\/armstrongyregion.com.ar\/diario\/wp-content\/uploads\/2023\/06\/CLARA-GARCIA-24-6-23.jpg","jetpack_shortlink":"https:\/\/wp.me\/p62QDO-aaU","jetpack_sharing_enabled":true,"amp_enabled":true,"_links":{"self":[{"href":"https:\/\/armstrongyregion.com.ar\/diario\/wp-json\/wp\/v2\/posts\/39116","targetHints":{"allow":["GET"]}}],"collection":[{"href":"https:\/\/armstrongyregion.com.ar\/diario\/wp-json\/wp\/v2\/posts"}],"about":[{"href":"https:\/\/armstrongyregion.com.ar\/diario\/wp-json\/wp\/v2\/types\/post"}],"author":[{"embeddable":true,"href":"https:\/\/armstrongyregion.com.ar\/diario\/wp-json\/wp\/v2\/users\/1"}],"replies":[{"embeddable":true,"href":"https:\/\/armstrongyregion.com.ar\/diario\/wp-json\/wp\/v2\/comments?post=39116"}],"version-history":[{"count":2,"href":"https:\/\/armstrongyregion.com.ar\/diario\/wp-json\/wp\/v2\/posts\/39116\/revisions"}],"predecessor-version":[{"id":39119,"href":"https:\/\/armstrongyregion.com.ar\/diario\/wp-json\/wp\/v2\/posts\/39116\/revisions\/39119"}],"wp:featuredmedia":[{"embeddable":true,"href":"https:\/\/armstrongyregion.com.ar\/diario\/wp-json\/wp\/v2\/media\/39117"}],"wp:attachment":[{"href":"https:\/\/armstrongyregion.com.ar\/diario\/wp-json\/wp\/v2\/media?parent=39116"}],"wp:term":[{"taxonomy":"category","embeddable":true,"href":"https:\/\/armstrongyregion.com.ar\/diario\/wp-json\/wp\/v2\/categories?post=39116"},{"taxonomy":"post_tag","embeddable":true,"href":"https:\/\/armstrongyregion.com.ar\/diario\/wp-json\/wp\/v2\/tags?post=39116"}],"curies":[{"name":"wp","href":"https:\/\/api.w.org\/{rel}","templated":true}]}}