{"id":39111,"date":"2023-06-24T03:08:35","date_gmt":"2023-06-24T03:08:35","guid":{"rendered":"https:\/\/armstrongyregion.com.ar\/diario\/?p=39111"},"modified":"2023-06-24T03:09:33","modified_gmt":"2023-06-24T03:09:33","slug":"la-provincia-recomienda-a-la-poblacion-vacunarse-contra-la-gripe","status":"publish","type":"post","link":"https:\/\/armstrongyregion.com.ar\/diario\/la-provincia-recomienda-a-la-poblacion-vacunarse-contra-la-gripe\/","title":{"rendered":"La provincia recomienda a la poblaci\u00f3n vacunarse contra la gripe."},"content":{"rendered":"\n<figure class=\"wp-block-table\"><table><tbody><tr><td><\/td><\/tr><\/tbody><\/table><\/figure>\n\n\n\n<figure class=\"wp-block-image size-full\"><a href=\"http:\/\/armstrongyregion.com.ar\/diario\/wp-content\/uploads\/2023\/06\/MARTORANO-24-6-23.jpg\"><img loading=\"lazy\" decoding=\"async\" width=\"435\" height=\"290\" src=\"http:\/\/armstrongyregion.com.ar\/diario\/wp-content\/uploads\/2023\/06\/MARTORANO-24-6-23.jpg\" alt=\"\" class=\"wp-image-39112\" srcset=\"https:\/\/armstrongyregion.com.ar\/diario\/wp-content\/uploads\/2023\/06\/MARTORANO-24-6-23.jpg 435w, https:\/\/armstrongyregion.com.ar\/diario\/wp-content\/uploads\/2023\/06\/MARTORANO-24-6-23-300x200.jpg 300w\" sizes=\"auto, (max-width: 435px) 100vw, 435px\" \/><\/a><\/figure>\n\n\n\n<h2 class=\"wp-block-heading\">Ante la alta demanda respiratoria el Ministerio de Salud, junto al Colegio de Farmac\u00e9uticos de la 2da Circunscripci\u00f3n, expresaron su preocupaci\u00f3n por la baja asistencia de ni\u00f1os y ni\u00f1as, pero tambi\u00e9n de personas hasta 65 a\u00f1os con comorbilidades.<\/h2>\n\n\n\n<p>La ministra de Salud, Sonia Martorano, junto a la presidenta del Colegio de Farmac\u00e9uticos 2da Circunscripci\u00f3n, Claudia Varela, convocaron a los medios de comunicaci\u00f3n para recomendar a la poblaci\u00f3n, en este contexto de alta demanda respiratoria, que se vacunen contra la gripe.<\/p>\n\n\n\n<p>Al respecto, Martorano explic\u00f3 que, si bien \u201cse est\u00e1 desarrollando la campa\u00f1a antigripal para mayores de 65 a\u00f1os, para los ni\u00f1os y las ni\u00f1as entre 6 meses y 2 a\u00f1os, estamos en un porcentaje bajo de asistencia de este \u00faltimo grupo, por lo que les pedimos a pap\u00e1s, mam\u00e1s y familiares que se acerquen a los centros de salud, a los vacunatorios m\u00f3viles y hospitales\u201d.<\/p>\n\n\n\n<p>Adem\u00e1s, la funcionaria expres\u00f3 que \u201chablamos con la presidenta del Colegio de Farmac\u00e9uticos y coincidimos en que nos preocupan las personas que tienen entre 2 a\u00f1os y 65 a\u00f1os con factores de riesgo, que deben vacunarse. A ese grupo tambi\u00e9n les pedimos que se acerquen\u201d.<\/p>\n\n\n\n<p>Dentro de los porcentajes m\u00e1s altos en vacunaci\u00f3n se encuentran \u201clas personas mayores de 65, recordemos que hicimos operativos en geri\u00e1tricos y mucha gente se acerc\u00f3 a los centros de salud\u201d, sostuvo Martorano, pero agreg\u00f3 que \u201cel porcentaje de vacunaci\u00f3n entre 6 meses y 2 a\u00f1os est\u00e1 en un 40 % y es una vacuna que est\u00e1 disponible y estamos transitando el proceso de alta demanda respiratoria, por eso es importante que todos y todas est\u00e9n vacunados\u201d.<\/p>\n\n\n\n<p>La ministra de salud finaliz\u00f3 recordando que las personas \u201ccuentan con los operativos de vacunaci\u00f3n, que se est\u00e1n desarrollando en el territorio, porque est\u00e1n descentralizados. Por ello, solicitamos a las familias que revisen los calendarios de vacunaci\u00f3n\u201d.<\/p>\n\n\n\n<p><strong>OBRAS SOCIALES Y FARMACIAS CON DOSIS DISPONIBLES<\/strong><br>Por su parte, Varela, indic\u00f3 que \u00aben las farmacias est\u00e1n disponibles las vacunas, PAMI tiene suficientes dosis para vacunar a toda la poblaci\u00f3n que todav\u00eda no se ha vacunado, tambi\u00e9n IAPOS sigue con su campa\u00f1a y las distintas obras sociales prolongan sus campa\u00f1as de vacunaci\u00f3n, dado que ahora empieza a haber m\u00e1s requerimientos\u00bb.<\/p>\n\n\n\n<p>Finalmente, la presidenta del Colegio de Farmac\u00e9uticos inst\u00f3 a que \u00abla gente se vacune, entendemos que no ha habido una gran adhesi\u00f3n sobre todo en el grupo de riesgo de menores de 65 a\u00f1os y desde las farmacias vamos a intentar fortalecer la vacunaci\u00f3n completa\u00bb.<\/p>\n\n\n\n<p>\u00abRecordemos adem\u00e1s que tenemos la vacuna contra la neumon\u00eda, que otros a\u00f1os estuvo en falta, y hay muchas personas que necesitan completar su esquema\u00bb, concluy\u00f3 Varela.<\/p>\n","protected":false},"excerpt":{"rendered":"<p>Ante la alta demanda respiratoria el Ministerio de Salud, junto al Colegio de Farmac\u00e9uticos de la 2da Circunscripci\u00f3n, expresaron su preocupaci\u00f3n por la baja asistencia de ni\u00f1os y ni\u00f1as, pero tambi\u00e9n de personas hasta 65 a\u00f1os con comorbilidades. La ministra de Salud, Sonia Martorano, junto a la presidenta del Colegio de Farmac\u00e9uticos 2da Circunscripci\u00f3n, Claudia <a href=\"https:\/\/armstrongyregion.com.ar\/diario\/la-provincia-recomienda-a-la-poblacion-vacunarse-contra-la-gripe\/\" title=\"Read more\" >&#8230;<\/a><\/p>\n","protected":false},"author":1,"featured_media":39112,"comment_status":"open","ping_status":"open","sticky":false,"template":"","format":"image","meta":{"_jetpack_memberships_contains_paid_content":false,"footnotes":"","jetpack_publicize_message":"","jetpack_publicize_feature_enabled":true,"jetpack_social_post_already_shared":true,"jetpack_social_options":{"image_generator_settings":{"template":"highway","default_image_id":0,"enabled":false},"version":2}},"categories":[8,1,2,7,4,3],"tags":[1161,1833,31,8640,9496,3983],"class_list":["post-39111","post","type-post","status-publish","format-image","has-post-thumbnail","hentry","category-deliberando","category-diario-armstrong","category-locales","category-politica","category-prevencion-salud","category-region","tag-contra","tag-gripe","tag-la","tag-provincia-2","tag-recomienda","tag-vacunarse","post_format-post-format-image"],"jetpack_publicize_connections":[],"jetpack_featured_media_url":"https:\/\/armstrongyregion.com.ar\/diario\/wp-content\/uploads\/2023\/06\/MARTORANO-24-6-23.jpg","jetpack_shortlink":"https:\/\/wp.me\/p62QDO-aaP","jetpack_sharing_enabled":true,"amp_enabled":true,"_links":{"self":[{"href":"https:\/\/armstrongyregion.com.ar\/diario\/wp-json\/wp\/v2\/posts\/39111","targetHints":{"allow":["GET"]}}],"collection":[{"href":"https:\/\/armstrongyregion.com.ar\/diario\/wp-json\/wp\/v2\/posts"}],"about":[{"href":"https:\/\/armstrongyregion.com.ar\/diario\/wp-json\/wp\/v2\/types\/post"}],"author":[{"embeddable":true,"href":"https:\/\/armstrongyregion.com.ar\/diario\/wp-json\/wp\/v2\/users\/1"}],"replies":[{"embeddable":true,"href":"https:\/\/armstrongyregion.com.ar\/diario\/wp-json\/wp\/v2\/comments?post=39111"}],"version-history":[{"count":2,"href":"https:\/\/armstrongyregion.com.ar\/diario\/wp-json\/wp\/v2\/posts\/39111\/revisions"}],"predecessor-version":[{"id":39115,"href":"https:\/\/armstrongyregion.com.ar\/diario\/wp-json\/wp\/v2\/posts\/39111\/revisions\/39115"}],"wp:featuredmedia":[{"embeddable":true,"href":"https:\/\/armstrongyregion.com.ar\/diario\/wp-json\/wp\/v2\/media\/39112"}],"wp:attachment":[{"href":"https:\/\/armstrongyregion.com.ar\/diario\/wp-json\/wp\/v2\/media?parent=39111"}],"wp:term":[{"taxonomy":"category","embeddable":true,"href":"https:\/\/armstrongyregion.com.ar\/diario\/wp-json\/wp\/v2\/categories?post=39111"},{"taxonomy":"post_tag","embeddable":true,"href":"https:\/\/armstrongyregion.com.ar\/diario\/wp-json\/wp\/v2\/tags?post=39111"}],"curies":[{"name":"wp","href":"https:\/\/api.w.org\/{rel}","templated":true}]}}