{"id":39095,"date":"2023-06-23T00:22:07","date_gmt":"2023-06-23T00:22:07","guid":{"rendered":"https:\/\/armstrongyregion.com.ar\/diario\/?p=39095"},"modified":"2023-06-23T00:22:11","modified_gmt":"2023-06-23T00:22:11","slug":"clerici-recorrio-avances-en-la-obra-del-nuevo-edificio-del-centro-economico","status":"publish","type":"post","link":"https:\/\/armstrongyregion.com.ar\/diario\/clerici-recorrio-avances-en-la-obra-del-nuevo-edificio-del-centro-economico\/","title":{"rendered":"Cl\u00e9rici recorri\u00f3 avances en la obra del nuevo edificio del Centro Econ\u00f3mico."},"content":{"rendered":"\n<figure class=\"wp-block-image size-full\"><a href=\"http:\/\/armstrongyregion.com.ar\/diario\/wp-content\/uploads\/2023\/06\/CENTRO-ECONOMICO-22-6-23.jpg\"><img loading=\"lazy\" decoding=\"async\" width=\"400\" height=\"300\" src=\"http:\/\/armstrongyregion.com.ar\/diario\/wp-content\/uploads\/2023\/06\/CENTRO-ECONOMICO-22-6-23.jpg\" alt=\"\" class=\"wp-image-39096\" srcset=\"https:\/\/armstrongyregion.com.ar\/diario\/wp-content\/uploads\/2023\/06\/CENTRO-ECONOMICO-22-6-23.jpg 400w, https:\/\/armstrongyregion.com.ar\/diario\/wp-content\/uploads\/2023\/06\/CENTRO-ECONOMICO-22-6-23-300x225.jpg 300w\" sizes=\"auto, (max-width: 400px) 100vw, 400px\" \/><\/a><\/figure>\n\n\n\n<p>La intendenta Stella Cl\u00e9rici y el presidente del Concejo, Marcelo Casalegno, recorrieron el avance en la obra del nuevo edificio del Centro Econ\u00f3mico, a partir de la puesta en valor del inmueble donde funcionaba la vieja terminal de \u00f3mnibus.<\/p>\n\n\n\n<p>En la visita fue explicado el proyecto edilicio, las perspectivas de uso de salas y espacios y el anuncio de su inauguraci\u00f3n en el marco de los 85 a\u00f1os del Centro Econ\u00f3mico. \u201cVisitamos el nuevo edificio del Centro Econ\u00f3mico, una obra fruto del esfuerzo mancomunado, en equipo, en beneficio del futuro de la ciudad\u201d, expres\u00f3 Cl\u00e9rici.&nbsp;<\/p>\n","protected":false},"excerpt":{"rendered":"<p>La intendenta Stella Cl\u00e9rici y el presidente del Concejo, Marcelo Casalegno, recorrieron el avance en la obra del nuevo edificio del Centro Econ\u00f3mico, a partir de la puesta en valor del inmueble donde funcionaba la vieja terminal de \u00f3mnibus. En la visita fue explicado el proyecto edilicio, las perspectivas de uso de salas y espacios <a href=\"https:\/\/armstrongyregion.com.ar\/diario\/clerici-recorrio-avances-en-la-obra-del-nuevo-edificio-del-centro-economico\/\" title=\"Read more\" >&#8230;<\/a><\/p>\n","protected":false},"author":1,"featured_media":39096,"comment_status":"open","ping_status":"open","sticky":false,"template":"","format":"image","meta":{"_jetpack_memberships_contains_paid_content":false,"footnotes":"","jetpack_publicize_message":"","jetpack_publicize_feature_enabled":true,"jetpack_social_post_already_shared":true,"jetpack_social_options":{"image_generator_settings":{"template":"highway","default_image_id":0,"enabled":false},"version":2}},"categories":[6,8,1,2,7,3],"tags":[384,21,9156,9494,31,635,9018],"class_list":["post-39095","post","type-post","status-publish","format-image","has-post-thumbnail","hentry","category-cultura-entretenimiento","category-deliberando","category-diario-armstrong","category-locales","category-politica","category-region","tag-avances","tag-centro","tag-clerici-2","tag-economico-2","tag-la","tag-obra","tag-recorrio-2","post_format-post-format-image"],"jetpack_publicize_connections":[],"jetpack_featured_media_url":"https:\/\/armstrongyregion.com.ar\/diario\/wp-content\/uploads\/2023\/06\/CENTRO-ECONOMICO-22-6-23.jpg","jetpack_shortlink":"https:\/\/wp.me\/p62QDO-aaz","jetpack_sharing_enabled":true,"amp_enabled":true,"_links":{"self":[{"href":"https:\/\/armstrongyregion.com.ar\/diario\/wp-json\/wp\/v2\/posts\/39095","targetHints":{"allow":["GET"]}}],"collection":[{"href":"https:\/\/armstrongyregion.com.ar\/diario\/wp-json\/wp\/v2\/posts"}],"about":[{"href":"https:\/\/armstrongyregion.com.ar\/diario\/wp-json\/wp\/v2\/types\/post"}],"author":[{"embeddable":true,"href":"https:\/\/armstrongyregion.com.ar\/diario\/wp-json\/wp\/v2\/users\/1"}],"replies":[{"embeddable":true,"href":"https:\/\/armstrongyregion.com.ar\/diario\/wp-json\/wp\/v2\/comments?post=39095"}],"version-history":[{"count":2,"href":"https:\/\/armstrongyregion.com.ar\/diario\/wp-json\/wp\/v2\/posts\/39095\/revisions"}],"predecessor-version":[{"id":39098,"href":"https:\/\/armstrongyregion.com.ar\/diario\/wp-json\/wp\/v2\/posts\/39095\/revisions\/39098"}],"wp:featuredmedia":[{"embeddable":true,"href":"https:\/\/armstrongyregion.com.ar\/diario\/wp-json\/wp\/v2\/media\/39096"}],"wp:attachment":[{"href":"https:\/\/armstrongyregion.com.ar\/diario\/wp-json\/wp\/v2\/media?parent=39095"}],"wp:term":[{"taxonomy":"category","embeddable":true,"href":"https:\/\/armstrongyregion.com.ar\/diario\/wp-json\/wp\/v2\/categories?post=39095"},{"taxonomy":"post_tag","embeddable":true,"href":"https:\/\/armstrongyregion.com.ar\/diario\/wp-json\/wp\/v2\/tags?post=39095"}],"curies":[{"name":"wp","href":"https:\/\/api.w.org\/{rel}","templated":true}]}}