{"id":39072,"date":"2023-06-21T01:29:23","date_gmt":"2023-06-21T01:29:23","guid":{"rendered":"https:\/\/armstrongyregion.com.ar\/diario\/?p=39072"},"modified":"2023-06-21T01:29:24","modified_gmt":"2023-06-21T01:29:24","slug":"amsafe-ratifica-el-paro-docente-del-jueves-por-la-represion-en-jujuy-y-la-violencia-en-rosario","status":"publish","type":"post","link":"https:\/\/armstrongyregion.com.ar\/diario\/amsafe-ratifica-el-paro-docente-del-jueves-por-la-represion-en-jujuy-y-la-violencia-en-rosario\/","title":{"rendered":"AMSAFE ratifica el Paro docente del jueves por la represi\u00f3n en Jujuy y la violencia en Rosario."},"content":{"rendered":"\n<figure class=\"wp-block-image size-full\"><a href=\"http:\/\/armstrongyregion.com.ar\/diario\/wp-content\/uploads\/2017\/03\/paro_docente.jpg_1305449671.jpg\"><img loading=\"lazy\" decoding=\"async\" width=\"847\" height=\"476\" src=\"http:\/\/armstrongyregion.com.ar\/diario\/wp-content\/uploads\/2017\/03\/paro_docente.jpg_1305449671.jpg\" alt=\"paro_docente.jpg_1305449671\" class=\"wp-image-11920\" srcset=\"https:\/\/armstrongyregion.com.ar\/diario\/wp-content\/uploads\/2017\/03\/paro_docente.jpg_1305449671.jpg 847w, https:\/\/armstrongyregion.com.ar\/diario\/wp-content\/uploads\/2017\/03\/paro_docente.jpg_1305449671-300x169.jpg 300w\" sizes=\"auto, (max-width: 847px) 100vw, 847px\" \/><\/a><\/figure>\n\n\n\n<h2 class=\"wp-block-heading\">Es en el marco del Paro Nacional convocado por CTERA\u00a0 y el Paro Regional de la Multisectorial de la Paz de Rosario.<\/h2>\n\n\n\n<p>Declaraciones de Rodrigo Alonso \u2013 Secretario General de AMSAFE\u00a0<em>\u00abEl jueves hay un paro de todos los sindicatos de base que formamos parte de la CTERA y AMSAFE va a adherir como adherimos a todos los paros que resuelve nuestra entidad madre. Ese paro est\u00e1 vinculado a la situaci\u00f3n que est\u00e1n pasando nuestras compa\u00f1eras y compa\u00f1eros docentes en la provincia de Jujuy, que hace varias semanas llevan adelante planes de lucha porque sus salarios est\u00e1n en 130 mil pesos, muy por debajo de la l\u00ednea de pobreza\u00bb<\/em>, explic\u00f3 en di\u00e1logo con el programa Pasan Cosas que se emite por Aire de Santa Fe.<\/p>\n\n\n\n<p>Y agreg\u00f3:<em>&nbsp;\u00abRepudiamos la represi\u00f3n que sufrieron nuestros compa\u00f1eras y compa\u00f1eros y nos manifestamos en contra de la reforma de la Constituci\u00f3n de la provincia de Jujuy, que busca limitar cualquier tipo de protesta o reclamo de las trabajadoras y los trabajadores. Entendemos que es una reforma que atenta contra la Constituci\u00f3n Nacional y que luego se podr\u00eda intentar imitar en otras provincias\u00bb<\/em>, advirti\u00f3.<\/p>\n\n\n\n<p>Por otro lado,&nbsp; para este jueves 22 de junio, hay una convocatoria de la Multisectorial por la Paz en Rosario, en este sentido indic\u00f3&nbsp;<em>\u00abEl 13 de junio hemos llevado adelante en las escuelas una jornada en contra la violencia y en defensa de la vida, pero sostenemos que el problema de la violencia no es exclusivo del sector docente o de la educaci\u00f3n, sino que es necesario pensar acciones multisectoriales. Por eso AMSAFE participa en la Multisectorial de la ciudad de Rosario y hemos determinado que el pr\u00f3ximo jueves 22 va a haber un paro regional en el departamento Rosario y el departamento San Lorenzo, al que tambi\u00e9n adhieren otros sindicatos. Y ese d\u00eda va a haber una muy importante movilizaci\u00f3n multisectorial y ciudadana\u00bb<\/em>, explic\u00f3 el secretario general de la entidad que agrupa a los docentes de la educaci\u00f3n p\u00fablica santafesina.<\/p>\n\n\n\n<p>Prensa AMSAFE<\/p>\n","protected":false},"excerpt":{"rendered":"<p>Es en el marco del Paro Nacional convocado por CTERA\u00a0 y el Paro Regional de la Multisectorial de la Paz de Rosario. Declaraciones de Rodrigo Alonso \u2013 Secretario General de AMSAFE\u00a0\u00abEl jueves hay un paro de todos los sindicatos de base que formamos parte de la CTERA y AMSAFE va a adherir como adherimos a <a href=\"https:\/\/armstrongyregion.com.ar\/diario\/amsafe-ratifica-el-paro-docente-del-jueves-por-la-represion-en-jujuy-y-la-violencia-en-rosario\/\" title=\"Read more\" >&#8230;<\/a><\/p>\n","protected":false},"author":1,"featured_media":9749,"comment_status":"open","ping_status":"open","sticky":false,"template":"","format":"image","meta":{"_jetpack_memberships_contains_paid_content":false,"footnotes":"","jetpack_publicize_message":"","jetpack_publicize_feature_enabled":true,"jetpack_social_post_already_shared":true,"jetpack_social_options":{"image_generator_settings":{"template":"highway","default_image_id":0,"enabled":false},"version":2}},"categories":[8,1,2,7,3],"tags":[3406,53,8969,16,755,1026,9486],"class_list":["post-39072","post","type-post","status-publish","format-image","has-post-thumbnail","hentry","category-deliberando","category-diario-armstrong","category-locales","category-politica","category-region","tag-amsafe","tag-del","tag-docente-2","tag-el","tag-jueves","tag-paro","tag-ratifica","post_format-post-format-image"],"jetpack_publicize_connections":[],"jetpack_featured_media_url":"https:\/\/armstrongyregion.com.ar\/diario\/wp-content\/uploads\/2016\/09\/paro-docente.jpg","jetpack_shortlink":"https:\/\/wp.me\/p62QDO-aac","jetpack_sharing_enabled":true,"amp_enabled":true,"_links":{"self":[{"href":"https:\/\/armstrongyregion.com.ar\/diario\/wp-json\/wp\/v2\/posts\/39072","targetHints":{"allow":["GET"]}}],"collection":[{"href":"https:\/\/armstrongyregion.com.ar\/diario\/wp-json\/wp\/v2\/posts"}],"about":[{"href":"https:\/\/armstrongyregion.com.ar\/diario\/wp-json\/wp\/v2\/types\/post"}],"author":[{"embeddable":true,"href":"https:\/\/armstrongyregion.com.ar\/diario\/wp-json\/wp\/v2\/users\/1"}],"replies":[{"embeddable":true,"href":"https:\/\/armstrongyregion.com.ar\/diario\/wp-json\/wp\/v2\/comments?post=39072"}],"version-history":[{"count":2,"href":"https:\/\/armstrongyregion.com.ar\/diario\/wp-json\/wp\/v2\/posts\/39072\/revisions"}],"predecessor-version":[{"id":39074,"href":"https:\/\/armstrongyregion.com.ar\/diario\/wp-json\/wp\/v2\/posts\/39072\/revisions\/39074"}],"wp:featuredmedia":[{"embeddable":true,"href":"https:\/\/armstrongyregion.com.ar\/diario\/wp-json\/wp\/v2\/media\/9749"}],"wp:attachment":[{"href":"https:\/\/armstrongyregion.com.ar\/diario\/wp-json\/wp\/v2\/media?parent=39072"}],"wp:term":[{"taxonomy":"category","embeddable":true,"href":"https:\/\/armstrongyregion.com.ar\/diario\/wp-json\/wp\/v2\/categories?post=39072"},{"taxonomy":"post_tag","embeddable":true,"href":"https:\/\/armstrongyregion.com.ar\/diario\/wp-json\/wp\/v2\/tags?post=39072"}],"curies":[{"name":"wp","href":"https:\/\/api.w.org\/{rel}","templated":true}]}}