{"id":3907,"date":"2015-09-04T15:45:34","date_gmt":"2015-09-04T15:45:34","guid":{"rendered":"https:\/\/armstrongyregion.com.ar\/diario\/?p=3907"},"modified":"2015-09-04T15:45:34","modified_gmt":"2015-09-04T15:45:34","slug":"canada-de-gomez-para-los-abogados-el-sistema-esta-colapsado","status":"publish","type":"post","link":"https:\/\/armstrongyregion.com.ar\/diario\/canada-de-gomez-para-los-abogados-el-sistema-esta-colapsado\/","title":{"rendered":"Ca\u00f1ada de G\u00f3mez. Para los abogados el sistema esta colapsado."},"content":{"rendered":"<p><a href=\"http:\/\/armstrongyregion.com.ar\/diario\/wp-content\/uploads\/2015\/09\/Asociacion-de-Abogados-4.jpg\"><img loading=\"lazy\" decoding=\"async\" class=\"alignnone size-medium wp-image-3908\" src=\"http:\/\/armstrongyregion.com.ar\/diario\/wp-content\/uploads\/2015\/09\/Asociacion-de-Abogados-4-300x225.jpg\" alt=\"Asociacion de Abogados 4\" width=\"300\" height=\"225\" srcset=\"https:\/\/armstrongyregion.com.ar\/diario\/wp-content\/uploads\/2015\/09\/Asociacion-de-Abogados-4-300x225.jpg 300w, https:\/\/armstrongyregion.com.ar\/diario\/wp-content\/uploads\/2015\/09\/Asociacion-de-Abogados-4.jpg 800w\" sizes=\"auto, (max-width: 300px) 100vw, 300px\" \/><\/a>La Asociaci\u00f3n de Abogados realiz\u00f3 un acto frente a los Tribunales locales para denunciar las falencias que presenta el actual servicio de justicia: \u201cuna justicia lenta y un servicio de justicia necesitado de todo, no es justicia\u201d dijeron desde la entidad.<br \/>\nFUENTE: PERIODICO EL INFORME DE LA CIUDAD (CA\u00d1ADA DE GOMEZ).<br \/>\nEn horas de la ma\u00f1ana del pasado viernes se llev\u00f3 a cabo un acto organizado por la Asociaci\u00f3n Civil de Abogados del Distrito Judicial N\u00ba 6 frente al Palacio de Tribunales. El motivo del referido evento tuvo como \u00fanica finalidad poner en conocimiento de la sociedad las falencias que presenta el actual servicio de justicia en nuestro Distrito. \u201cEntendemos que este reclamo debe ser tomado por todos los actores sociales y fuerzas vivas de nuestra ciudad y de todas las localidades que conforman este Distrito Judicial N\u00ba 6 por cuanto se trata de un problema claramente social y que afecta a todos y cada uno de los justiciables. Estamos convencidos de que, con la uni\u00f3n y el compromiso de todos, estos reclamos ser\u00e1n escuchados ya que una justicia lenta y un servicio de justicia necesitado de todo, no es justicia\u201d manifestaron desde la mencionada Asociaci\u00f3n.<br \/>\nEl acto comenz\u00f3 con la oratoria de los representantes de las entidades, quienes expusieron las inquietudes relacionadas con falencias e irregularidades que se exhiben en el Distrito Judicial N\u00b0 6 Tambi\u00e9n se leyeron salutaciones y adhesiones.<br \/>\n\u201cLa Asociaci\u00f3n de Abogados del Distrito N\u00ba 6, desde hace tiempo, desde su formaci\u00f3n que por v\u00edas formales y legales est\u00e1 tratando de alguna manera de obtener las soluciones que hoy aquejan al Distrito. A veces esas v\u00edas se tornan lentas y nos vemos en la necesidad de empezar a hacer p\u00fablico este reclamo porque el mejoramiento del servicio de justicia en definitiva beneficia a todos los ciudadanos\u201d expres\u00f3 en su discurso el presidente de la entidad Dr. Diego Sperand\u00edo. Y continu\u00f3 diciendo: \u201cesto es un reclamo para todos los responsables, cuando digo todos me refiero a aquellos que estuvieron para que sepan que es lo que no hicieron, para aquellos que hoy est\u00e1n y para que sepan que es lo que siguen sin hacer y para aquellos que van a venir, para que sepan lo que tienen que hacer. La realidad es que las soluciones que hoy requerimos dependen del gobierno provincial quien tiene que tomar cartas en el asunto en lo que es materia judicial\u201d<br \/>\nEstuvieron presentes la delegaci\u00f3n local del Colegio de Abogados de Rosario, el Centro Econ\u00f3mico, la Asociaci\u00f3n de Entidades Empresarias del Sur Santafesino (ADEESSA), concejales, funcionarios del Departamento Ejecutivo y la intendenta Stella Maris Cl\u00e9rici, adem\u00e1s de profesionales y p\u00fablico en general.<br \/>\n\u201cEn primer lugar bregamos por la efectiva ocupaci\u00f3n de los juzgados vacantes. Hoy en d\u00eda nos encontramos con un Juzgado de Fuero Pleno de la Primera Nominaci\u00f3n donde hace seis a\u00f1os que qued\u00f3 vacante y luego de seis a\u00f1os a\u00fan todav\u00eda no logramos que sea ocupado. Lo mismo sucede con el Juzgado de Circuito en donde hemos tenido concursos paralizados y que se han reactivado ahora a partir de hacer p\u00fablico estos reclamos. Lo cierto es que tuvimos falencias con jueces comunales ya que \u00e9stos deben repartirse en varias localidades para hacer la labor. Hay concursos que se han iniciado y han sido paralizados y para algunas localidades ni siquiera tienen pensado abrir concursos. Por otra parte estamos exigiendo la inmediata creaci\u00f3n de un Juzgado Laboral en Ca\u00f1ada de G\u00f3mez porque no podemos continuar trabajando con Juzgado de Fuero Pleno. Est\u00e1 comprobado que la especializaci\u00f3n es fundamental para que el servicio de justicia sea eficiente y que brinde las soluciones que el ciudadano requiere\u201d enumer\u00f3 el presidente de la Asociaci\u00f3n de Abogados.<br \/>\nPor \u00faltimo, se refiri\u00f3 a la situaci\u00f3n edilicia del Palacio de Tribunales: \u201cestamos bregando por la construcci\u00f3n de nuestro edificio, necesitamos que los responsables tengan la voluntad pol\u00edtica de llevarlo a cabo porque ac\u00e1 no encontramos ning\u00fan tipo de inconvenientes, ni presupuestarios, ni administrativos. Las condiciones est\u00e1n dadas para que el edificio sea llevado a cabo. La mayor capacidad del personal se va a poder poner en funcionamiento siempre y cuando tenga un lugar en el que funcione, lo mismo pasa con la creaci\u00f3n de nuevos juzgados. No podemos estar trabajando en las condiciones edilicias que hoy tenemos, nosotros estamos hoy aqu\u00ed porque el Palacio de Tribunales de Balcarce es el m\u00e1s emblem\u00e1tico pero como sabemos los Juzgados est\u00e1n repartidos en distintos inmuebles y no creemos conveniente de que a la hora de tratar de solucionar el problema se tenga esta idea de seguir alquilando, de poner Juzgados en inmuebles que han sido destinados para viviendas familiares o locales comerciales. Necesitamos un edificio propio, pensado y proyectado para el servicio de administraci\u00f3n de justicia. Cuando nosotros decimos que el Distrito est\u00e1 colapsado no exageramos, la situaci\u00f3n es grave. Hoy nos encontramos en un Palacio en donde tenemos una sala de audiencia diminuta, en donde lamentablemente la mitad de las audiencias se toman fuera del \u00e1mbito del tribunal, particularmente en este Juzgado no tenemos ba\u00f1o\u2026 al ciudadano de este Distrito se lo est\u00e1 tratando como a un ciudadano de cuarta. Entonces necesitamos que los responsables se sienten y lo hagan de forma concreta, queremos respuestas inmediatas, hoy es un punto de partida para hacer p\u00fablico este reclamo y vamos a ir reforzando las medidas si no encontramos soluciones a corto plazo\u201d.<br \/>\nPor su parte el Dr. Marcelo Bertoya, delegado del Colegio de Abogados, manifest\u00f3: \u201crepudiamos a todos aquellos que no vinieron, porque ac\u00e1 no da lo mismo que est\u00e9n o no presentes. Ac\u00e1 el problema no es de la justicia, ni de la administraci\u00f3n de justicia, ni de los abogados, es un problema de la comunidad. En estos juzgados se deciden el futuro de nuestros bienes, de nuestra libertad, entonces no concibo que las autoridades pol\u00edticas, que los actores sociales y que la comunidad no est\u00e9 en este reclamo. Este sistema colaps\u00f3 y esto va a llevar a un enfrentamiento social. Ah\u00ed van a ser responsables quienes tienen la responsabilidad de hacer algo y no lo est\u00e1n haciendo\u2026 tenemos dos fiscales para 8730 causas, es una verg\u00fcenza porque la defensa de la comunidad es a trav\u00e9s de una adecuado servicio de justicia si no va reinar el caos y el enfrentamiento. En estos momentos siento verg\u00fcenza, l\u00e1stima, impotencia\u2026 pero m\u00e1s verg\u00fcenza tiene que tener quien tiene la potestad de hacer algo y no lo est\u00e1 haciendo, que podr\u00eda estar ac\u00e1 apoyando y no lo hace\u201d.<\/p>\n","protected":false},"excerpt":{"rendered":"<p>La Asociaci\u00f3n de Abogados realiz\u00f3 un acto frente a los Tribunales locales para denunciar las falencias que presenta el actual servicio de justicia: \u201cuna justicia lenta y un servicio de justicia necesitado de todo, no es justicia\u201d dijeron desde la entidad. FUENTE: PERIODICO EL INFORME DE LA CIUDAD (CA\u00d1ADA DE GOMEZ). En horas de la <a href=\"https:\/\/armstrongyregion.com.ar\/diario\/canada-de-gomez-para-los-abogados-el-sistema-esta-colapsado\/\" title=\"Read more\" >&#8230;<\/a><\/p>\n","protected":false},"author":2,"featured_media":3908,"comment_status":"open","ping_status":"open","sticky":false,"template":"","format":"standard","meta":{"_jetpack_memberships_contains_paid_content":false,"footnotes":"","jetpack_publicize_message":"","jetpack_publicize_feature_enabled":true,"jetpack_social_post_already_shared":false,"jetpack_social_options":{"image_generator_settings":{"template":"highway","default_image_id":0,"enabled":false},"version":2}},"categories":[1,7,3],"tags":[2318,163,2672,19,16,94,164,42,81,2335],"class_list":["post-3907","post","type-post","status-publish","format-standard","has-post-thumbnail","hentry","category-diario-armstrong","category-politica","category-region","tag-abogados","tag-canada","tag-colapsado","tag-de","tag-el","tag-esta","tag-gomez","tag-los","tag-para","tag-sistema"],"jetpack_publicize_connections":[],"jetpack_featured_media_url":"https:\/\/armstrongyregion.com.ar\/diario\/wp-content\/uploads\/2015\/09\/Asociacion-de-Abogados-4.jpg","jetpack_shortlink":"https:\/\/wp.me\/p62QDO-111","jetpack_sharing_enabled":true,"amp_enabled":true,"_links":{"self":[{"href":"https:\/\/armstrongyregion.com.ar\/diario\/wp-json\/wp\/v2\/posts\/3907","targetHints":{"allow":["GET"]}}],"collection":[{"href":"https:\/\/armstrongyregion.com.ar\/diario\/wp-json\/wp\/v2\/posts"}],"about":[{"href":"https:\/\/armstrongyregion.com.ar\/diario\/wp-json\/wp\/v2\/types\/post"}],"author":[{"embeddable":true,"href":"https:\/\/armstrongyregion.com.ar\/diario\/wp-json\/wp\/v2\/users\/2"}],"replies":[{"embeddable":true,"href":"https:\/\/armstrongyregion.com.ar\/diario\/wp-json\/wp\/v2\/comments?post=3907"}],"version-history":[{"count":0,"href":"https:\/\/armstrongyregion.com.ar\/diario\/wp-json\/wp\/v2\/posts\/3907\/revisions"}],"wp:featuredmedia":[{"embeddable":true,"href":"https:\/\/armstrongyregion.com.ar\/diario\/wp-json\/wp\/v2\/media\/3908"}],"wp:attachment":[{"href":"https:\/\/armstrongyregion.com.ar\/diario\/wp-json\/wp\/v2\/media?parent=3907"}],"wp:term":[{"taxonomy":"category","embeddable":true,"href":"https:\/\/armstrongyregion.com.ar\/diario\/wp-json\/wp\/v2\/categories?post=3907"},{"taxonomy":"post_tag","embeddable":true,"href":"https:\/\/armstrongyregion.com.ar\/diario\/wp-json\/wp\/v2\/tags?post=3907"}],"curies":[{"name":"wp","href":"https:\/\/api.w.org\/{rel}","templated":true}]}}