{"id":39058,"date":"2023-06-19T17:49:16","date_gmt":"2023-06-19T17:49:16","guid":{"rendered":"https:\/\/armstrongyregion.com.ar\/diario\/?p=39058"},"modified":"2023-06-19T17:49:18","modified_gmt":"2023-06-19T17:49:18","slug":"armstrong-dia-de-la-bandera-2023","status":"publish","type":"post","link":"https:\/\/armstrongyregion.com.ar\/diario\/armstrong-dia-de-la-bandera-2023\/","title":{"rendered":"Armstrong. Dia de la Bandera 2023."},"content":{"rendered":"\n<figure class=\"wp-block-image size-full\"><a href=\"http:\/\/armstrongyregion.com.ar\/diario\/wp-content\/uploads\/2023\/06\/20dejunio23.jpg\"><img loading=\"lazy\" decoding=\"async\" width=\"800\" height=\"799\" src=\"http:\/\/armstrongyregion.com.ar\/diario\/wp-content\/uploads\/2023\/06\/20dejunio23.jpg\" alt=\"\" class=\"wp-image-39059\" srcset=\"https:\/\/armstrongyregion.com.ar\/diario\/wp-content\/uploads\/2023\/06\/20dejunio23.jpg 800w, https:\/\/armstrongyregion.com.ar\/diario\/wp-content\/uploads\/2023\/06\/20dejunio23-300x300.jpg 300w, https:\/\/armstrongyregion.com.ar\/diario\/wp-content\/uploads\/2023\/06\/20dejunio23-150x150.jpg 150w, https:\/\/armstrongyregion.com.ar\/diario\/wp-content\/uploads\/2023\/06\/20dejunio23-768x767.jpg 768w\" sizes=\"auto, (max-width: 800px) 100vw, 800px\" \/><\/a><\/figure>\n\n\n\n<h2 class=\"wp-block-heading\"><strong>La Municipalidad de Armstrong junto a las comunidades educativas de las Escuelas N\u00b0 600 \u201cGral. Manuel Belgrano\u201d, N\u00b0 51 \u201cDr. Manuel Belgrano\u201d y N\u00b0 635 \u201cJuan Bautista Spagnolo\u201d invitan a compartir el acto que se realizar\u00e1 el martes 20 de junio con motivo del D\u00eda de la Bandera, en conmemoraci\u00f3n de su creador Manuel Belgrano, fallecido en ese d\u00eda de 1820.<\/strong><\/h2>\n\n\n\n<p>El mismo se realizar\u00e1 frente al Monumento a su creador, ubicado en&nbsp;Plaza San Mart\u00edn, a las 14:30 hs.&nbsp;<\/p>\n\n\n\n<p>Los alumnos de 4\u00b0 grado de todas las escuelas de nuestra ciudad har\u00e1n su Promesa de Lealtad a la Bandera.<\/p>\n\n\n\n<p>Se invita a las familias y p\u00fablico en general a participar de este momento tan importante. En caso de inclemencia clim\u00e1tica, se realizar\u00e1 en la Estaci\u00f3n M\u00e1s.<\/p>\n\n\n\n<p>Invitamos a todos los vecinos armstronenses a embanderar los edificios. Vistamos la ciudad de celeste y blanco.<\/p>\n","protected":false},"excerpt":{"rendered":"<p>La Municipalidad de Armstrong junto a las comunidades educativas de las Escuelas N\u00b0 600 \u201cGral. Manuel Belgrano\u201d, N\u00b0 51 \u201cDr. Manuel Belgrano\u201d y N\u00b0 635 \u201cJuan Bautista Spagnolo\u201d invitan a compartir el acto que se realizar\u00e1 el martes 20 de junio con motivo del D\u00eda de la Bandera, en conmemoraci\u00f3n de su creador Manuel Belgrano, <a href=\"https:\/\/armstrongyregion.com.ar\/diario\/armstrong-dia-de-la-bandera-2023\/\" title=\"Read more\" >&#8230;<\/a><\/p>\n","protected":false},"author":1,"featured_media":39059,"comment_status":"open","ping_status":"open","sticky":false,"template":"","format":"image","meta":{"_jetpack_memberships_contains_paid_content":false,"footnotes":"","jetpack_publicize_message":"","jetpack_publicize_feature_enabled":true,"jetpack_social_post_already_shared":true,"jetpack_social_options":{"image_generator_settings":{"template":"highway","default_image_id":0,"enabled":false},"version":2}},"categories":[6,8,1,2,7,3],"tags":[8751,1212,1894,19,8609,31],"class_list":["post-39058","post","type-post","status-publish","format-image","has-post-thumbnail","hentry","category-cultura-entretenimiento","category-deliberando","category-diario-armstrong","category-locales","category-politica","category-region","tag-8751","tag-acto","tag-bandera","tag-de","tag-dia-2","tag-la","post_format-post-format-image"],"jetpack_publicize_connections":[],"jetpack_featured_media_url":"https:\/\/armstrongyregion.com.ar\/diario\/wp-content\/uploads\/2023\/06\/20dejunio23.jpg","jetpack_shortlink":"https:\/\/wp.me\/p62QDO-a9Y","jetpack_sharing_enabled":true,"amp_enabled":true,"_links":{"self":[{"href":"https:\/\/armstrongyregion.com.ar\/diario\/wp-json\/wp\/v2\/posts\/39058","targetHints":{"allow":["GET"]}}],"collection":[{"href":"https:\/\/armstrongyregion.com.ar\/diario\/wp-json\/wp\/v2\/posts"}],"about":[{"href":"https:\/\/armstrongyregion.com.ar\/diario\/wp-json\/wp\/v2\/types\/post"}],"author":[{"embeddable":true,"href":"https:\/\/armstrongyregion.com.ar\/diario\/wp-json\/wp\/v2\/users\/1"}],"replies":[{"embeddable":true,"href":"https:\/\/armstrongyregion.com.ar\/diario\/wp-json\/wp\/v2\/comments?post=39058"}],"version-history":[{"count":1,"href":"https:\/\/armstrongyregion.com.ar\/diario\/wp-json\/wp\/v2\/posts\/39058\/revisions"}],"predecessor-version":[{"id":39060,"href":"https:\/\/armstrongyregion.com.ar\/diario\/wp-json\/wp\/v2\/posts\/39058\/revisions\/39060"}],"wp:featuredmedia":[{"embeddable":true,"href":"https:\/\/armstrongyregion.com.ar\/diario\/wp-json\/wp\/v2\/media\/39059"}],"wp:attachment":[{"href":"https:\/\/armstrongyregion.com.ar\/diario\/wp-json\/wp\/v2\/media?parent=39058"}],"wp:term":[{"taxonomy":"category","embeddable":true,"href":"https:\/\/armstrongyregion.com.ar\/diario\/wp-json\/wp\/v2\/categories?post=39058"},{"taxonomy":"post_tag","embeddable":true,"href":"https:\/\/armstrongyregion.com.ar\/diario\/wp-json\/wp\/v2\/tags?post=39058"}],"curies":[{"name":"wp","href":"https:\/\/api.w.org\/{rel}","templated":true}]}}