{"id":39051,"date":"2023-06-17T01:30:23","date_gmt":"2023-06-17T01:30:23","guid":{"rendered":"https:\/\/armstrongyregion.com.ar\/diario\/?p=39051"},"modified":"2023-06-17T01:30:25","modified_gmt":"2023-06-17T01:30:25","slug":"las-rosas-el-ministerio-de-trabajo-dicto-la-conciliacion-obligatoria","status":"publish","type":"post","link":"https:\/\/armstrongyregion.com.ar\/diario\/las-rosas-el-ministerio-de-trabajo-dicto-la-conciliacion-obligatoria\/","title":{"rendered":"Las Rosas. El Ministerio de Trabajo dict\u00f3 la conciliaci\u00f3n obligatoria."},"content":{"rendered":"\n<figure class=\"wp-block-image size-full\"><a href=\"http:\/\/armstrongyregion.com.ar\/diario\/wp-content\/uploads\/2022\/08\/Javier-Meyer-9-8-22-.jpg\"><img loading=\"lazy\" decoding=\"async\" width=\"597\" height=\"405\" src=\"http:\/\/armstrongyregion.com.ar\/diario\/wp-content\/uploads\/2022\/08\/Javier-Meyer-9-8-22-.jpg\" alt=\"\" class=\"wp-image-35399\" srcset=\"https:\/\/armstrongyregion.com.ar\/diario\/wp-content\/uploads\/2022\/08\/Javier-Meyer-9-8-22-.jpg 597w, https:\/\/armstrongyregion.com.ar\/diario\/wp-content\/uploads\/2022\/08\/Javier-Meyer-9-8-22--300x204.jpg 300w\" sizes=\"auto, (max-width: 597px) 100vw, 597px\" \/><\/a><\/figure>\n\n\n\n<h2 class=\"wp-block-heading\">El Intendente de Las Rosas Javier Meyer se refiri\u00f3 a lo resuelto ayer en la ciudad de Rosario, y coment\u00f3 como se continuar\u00e1 trabajando en materia de obras en los pr\u00f3ximos d\u00edas.<\/h2>\n\n\n\n<figure class=\"wp-block-audio\"><audio controls src=\"http:\/\/armstrongyregion.com.ar\/diario\/wp-content\/uploads\/2023\/06\/multimedia.audio_.bf9a0d1129a212dc.YXVkaW8gbW9uby5tcDM.mp3\"><\/audio><figcaption class=\"wp-element-caption\">Intendente Javier Meyer.<\/figcaption><\/figure>\n\n\n\n<p><\/p>\n\n\n\n<p>La Direcci\u00f3n Regional del Ministerio de Trabajo, Empleo y Seguridad Social de la provincia de Santa Fe resolvi\u00f3.<\/p>\n\n\n\n<p>Art\u00edculo 1: Someter al r\u00e9gimen de conciliaci\u00f3n laboral obligatoria establecido en el t\u00edtulo II, cap\u00edtulo II de la ley n\u00famero 10.468, a partir del momento por el plazo de 15 d\u00edas h\u00e1biles o sea hasta las 00 horas del d\u00eda 7\/7\/2023, el conflicto suscitado entre la municipalidad de Las Rosas y la entidad gremial Sindicato de trabajadores municipales de Las Rosas y comunas adheridas.<\/p>\n\n\n\n<p>Articulo 2: Retrotraer la situaci\u00f3n laboral entre trabajadores, sindicato y municipalidad al estado en que se encontraba antes de la iniciaci\u00f3n del conflicto, debiendo la empleadora retomar su actividad normal y habitual y el gremio y trabajadores deber\u00e1n abandonar toda medida de acci\u00f3n directa que pudieran estar ejerciendo y\/o abstenerse de ejecutar cualquiera que hayan dispuesto a futuro. En definitiva, las partes deber\u00e1n abstenerse de adoptar alg\u00fan tipo de medida que implique modificar, o alterar las relaciones de trabajo y\/o entorpecer u obstruir el normal y libre desarrollo de la actividad ya sea dentro del establecimiento como fuera del mismo.<\/p>\n\n\n\n<p>Fuente: Renacer Regional.<\/p>\n","protected":false},"excerpt":{"rendered":"<p>El Intendente de Las Rosas Javier Meyer se refiri\u00f3 a lo resuelto ayer en la ciudad de Rosario, y coment\u00f3 como se continuar\u00e1 trabajando en materia de obras en los pr\u00f3ximos d\u00edas. La Direcci\u00f3n Regional del Ministerio de Trabajo, Empleo y Seguridad Social de la provincia de Santa Fe resolvi\u00f3. Art\u00edculo 1: Someter al r\u00e9gimen <a href=\"https:\/\/armstrongyregion.com.ar\/diario\/las-rosas-el-ministerio-de-trabajo-dicto-la-conciliacion-obligatoria\/\" title=\"Read more\" >&#8230;<\/a><\/p>\n","protected":false},"author":1,"featured_media":35399,"comment_status":"open","ping_status":"open","sticky":false,"template":"","format":"image","meta":{"_jetpack_memberships_contains_paid_content":false,"footnotes":"","jetpack_publicize_message":"","jetpack_publicize_feature_enabled":true,"jetpack_social_post_already_shared":true,"jetpack_social_options":{"image_generator_settings":{"template":"highway","default_image_id":0,"enabled":false},"version":2}},"categories":[8,1,2,7,3],"tags":[9482,8883,1557],"class_list":["post-39051","post","type-post","status-publish","format-image","has-post-thumbnail","hentry","category-deliberando","category-diario-armstrong","category-locales","category-politica","category-region","tag-conciliacion","tag-las-rosas-2","tag-obligatoria","post_format-post-format-image"],"jetpack_publicize_connections":[],"jetpack_featured_media_url":"https:\/\/armstrongyregion.com.ar\/diario\/wp-content\/uploads\/2022\/08\/Javier-Meyer-9-8-22-.jpg","jetpack_shortlink":"https:\/\/wp.me\/p62QDO-a9R","jetpack_sharing_enabled":true,"amp_enabled":true,"_links":{"self":[{"href":"https:\/\/armstrongyregion.com.ar\/diario\/wp-json\/wp\/v2\/posts\/39051","targetHints":{"allow":["GET"]}}],"collection":[{"href":"https:\/\/armstrongyregion.com.ar\/diario\/wp-json\/wp\/v2\/posts"}],"about":[{"href":"https:\/\/armstrongyregion.com.ar\/diario\/wp-json\/wp\/v2\/types\/post"}],"author":[{"embeddable":true,"href":"https:\/\/armstrongyregion.com.ar\/diario\/wp-json\/wp\/v2\/users\/1"}],"replies":[{"embeddable":true,"href":"https:\/\/armstrongyregion.com.ar\/diario\/wp-json\/wp\/v2\/comments?post=39051"}],"version-history":[{"count":1,"href":"https:\/\/armstrongyregion.com.ar\/diario\/wp-json\/wp\/v2\/posts\/39051\/revisions"}],"predecessor-version":[{"id":39053,"href":"https:\/\/armstrongyregion.com.ar\/diario\/wp-json\/wp\/v2\/posts\/39051\/revisions\/39053"}],"wp:featuredmedia":[{"embeddable":true,"href":"https:\/\/armstrongyregion.com.ar\/diario\/wp-json\/wp\/v2\/media\/35399"}],"wp:attachment":[{"href":"https:\/\/armstrongyregion.com.ar\/diario\/wp-json\/wp\/v2\/media?parent=39051"}],"wp:term":[{"taxonomy":"category","embeddable":true,"href":"https:\/\/armstrongyregion.com.ar\/diario\/wp-json\/wp\/v2\/categories?post=39051"},{"taxonomy":"post_tag","embeddable":true,"href":"https:\/\/armstrongyregion.com.ar\/diario\/wp-json\/wp\/v2\/tags?post=39051"}],"curies":[{"name":"wp","href":"https:\/\/api.w.org\/{rel}","templated":true}]}}