{"id":39028,"date":"2023-06-16T01:57:13","date_gmt":"2023-06-16T01:57:13","guid":{"rendered":"https:\/\/armstrongyregion.com.ar\/diario\/?p=39028"},"modified":"2023-06-16T01:57:16","modified_gmt":"2023-06-16T01:57:16","slug":"renovacion-por-armstrong-solicito-luminarias-en-el-espacio-comun-del-fo-na-vi-sur","status":"publish","type":"post","link":"https:\/\/armstrongyregion.com.ar\/diario\/renovacion-por-armstrong-solicito-luminarias-en-el-espacio-comun-del-fo-na-vi-sur\/","title":{"rendered":"Renovaci\u00f3n por Armstrong solicit\u00f3 luminarias en el espacio com\u00fan del FO.NA.VI. Sur."},"content":{"rendered":"\n<figure class=\"wp-block-image size-full\"><a href=\"http:\/\/armstrongyregion.com.ar\/diario\/wp-content\/uploads\/2023\/06\/emiliano_gramigna_foto_junio-23.jpg\"><img loading=\"lazy\" decoding=\"async\" width=\"603\" height=\"454\" src=\"http:\/\/armstrongyregion.com.ar\/diario\/wp-content\/uploads\/2023\/06\/emiliano_gramigna_foto_junio-23.jpg\" alt=\"\" class=\"wp-image-39029\" srcset=\"https:\/\/armstrongyregion.com.ar\/diario\/wp-content\/uploads\/2023\/06\/emiliano_gramigna_foto_junio-23.jpg 603w, https:\/\/armstrongyregion.com.ar\/diario\/wp-content\/uploads\/2023\/06\/emiliano_gramigna_foto_junio-23-300x226.jpg 300w\" sizes=\"auto, (max-width: 603px) 100vw, 603px\" \/><\/a><\/figure>\n\n\n\n<p>Al t\u00e9rmino de la \u00faltima sesi\u00f3n ordinaria, el concejal de Renovaci\u00f3n por Armstrong, Emiliano Gramigna, expres\u00f3: \u201cEn la noche de hoy, desde nuestro bloque solicitamos una mejora en los espacios comunes del FO.NA.VI. Sur, este es un pedido de los vecinos, ya que hay muchas personas y ni\u00f1os que utilizan el lugar. Hoy la iluminaci\u00f3n Led es fundamental porque le cambia la est\u00e9tica. Pero lo que necesitamos es que realmente se distribuya equitativamente en todos los distritos de la ciudad porque la mayor\u00eda padece el problema de la falta de iluminaci\u00f3n\u201d.<\/p>\n\n\n\n<p>Gramigna agreg\u00f3: \u201cEn este caso solicitamos luces en los espacios comunes del FO.NA.VI. Sur por sobre todo el \u00e1rea que da al callej\u00f3n. \u00c9sta requiere luminaria porque mucha gente ahi deja su veh\u00edculo ya sea motos, autos, o bicis y justamente hay que mejorar la calidad y la seguridad del lugar\u201d.<\/p>\n","protected":false},"excerpt":{"rendered":"<p>Al t\u00e9rmino de la \u00faltima sesi\u00f3n ordinaria, el concejal de Renovaci\u00f3n por Armstrong, Emiliano Gramigna, expres\u00f3: \u201cEn la noche de hoy, desde nuestro bloque solicitamos una mejora en los espacios comunes del FO.NA.VI. Sur, este es un pedido de los vecinos, ya que hay muchas personas y ni\u00f1os que utilizan el lugar. Hoy la iluminaci\u00f3n <a href=\"https:\/\/armstrongyregion.com.ar\/diario\/renovacion-por-armstrong-solicito-luminarias-en-el-espacio-comun-del-fo-na-vi-sur\/\" title=\"Read more\" >&#8230;<\/a><\/p>\n","protected":false},"author":1,"featured_media":39029,"comment_status":"open","ping_status":"open","sticky":false,"template":"","format":"image","meta":{"_jetpack_memberships_contains_paid_content":false,"footnotes":"","jetpack_publicize_message":"","jetpack_publicize_feature_enabled":true,"jetpack_social_post_already_shared":true,"jetpack_social_options":{"image_generator_settings":{"template":"highway","default_image_id":0,"enabled":false},"version":2}},"categories":[6,8,1,2,7,3],"tags":[20,15,289,9045,60,9472,2732,9473],"class_list":["post-39028","post","type-post","status-publish","format-image","has-post-thumbnail","hentry","category-cultura-entretenimiento","category-deliberando","category-diario-armstrong","category-locales","category-politica","category-region","tag-armstrong","tag-en","tag-fonavi","tag-luminarias","tag-por","tag-renovacion-3","tag-solicito","tag-sur-2","post_format-post-format-image"],"jetpack_publicize_connections":[],"jetpack_featured_media_url":"https:\/\/armstrongyregion.com.ar\/diario\/wp-content\/uploads\/2023\/06\/emiliano_gramigna_foto_junio-23.jpg","jetpack_shortlink":"https:\/\/wp.me\/p62QDO-a9u","jetpack_sharing_enabled":true,"amp_enabled":true,"_links":{"self":[{"href":"https:\/\/armstrongyregion.com.ar\/diario\/wp-json\/wp\/v2\/posts\/39028","targetHints":{"allow":["GET"]}}],"collection":[{"href":"https:\/\/armstrongyregion.com.ar\/diario\/wp-json\/wp\/v2\/posts"}],"about":[{"href":"https:\/\/armstrongyregion.com.ar\/diario\/wp-json\/wp\/v2\/types\/post"}],"author":[{"embeddable":true,"href":"https:\/\/armstrongyregion.com.ar\/diario\/wp-json\/wp\/v2\/users\/1"}],"replies":[{"embeddable":true,"href":"https:\/\/armstrongyregion.com.ar\/diario\/wp-json\/wp\/v2\/comments?post=39028"}],"version-history":[{"count":1,"href":"https:\/\/armstrongyregion.com.ar\/diario\/wp-json\/wp\/v2\/posts\/39028\/revisions"}],"predecessor-version":[{"id":39030,"href":"https:\/\/armstrongyregion.com.ar\/diario\/wp-json\/wp\/v2\/posts\/39028\/revisions\/39030"}],"wp:featuredmedia":[{"embeddable":true,"href":"https:\/\/armstrongyregion.com.ar\/diario\/wp-json\/wp\/v2\/media\/39029"}],"wp:attachment":[{"href":"https:\/\/armstrongyregion.com.ar\/diario\/wp-json\/wp\/v2\/media?parent=39028"}],"wp:term":[{"taxonomy":"category","embeddable":true,"href":"https:\/\/armstrongyregion.com.ar\/diario\/wp-json\/wp\/v2\/categories?post=39028"},{"taxonomy":"post_tag","embeddable":true,"href":"https:\/\/armstrongyregion.com.ar\/diario\/wp-json\/wp\/v2\/tags?post=39028"}],"curies":[{"name":"wp","href":"https:\/\/api.w.org\/{rel}","templated":true}]}}