{"id":3902,"date":"2015-09-03T11:08:46","date_gmt":"2015-09-03T11:08:46","guid":{"rendered":"https:\/\/armstrongyregion.com.ar\/diario\/?p=3902"},"modified":"2015-09-03T11:08:46","modified_gmt":"2015-09-03T11:08:46","slug":"se-extiende-la-red-cloacal-en-calle-fischer-entre-villa-maria-y-schaer-vereda-este","status":"publish","type":"post","link":"https:\/\/armstrongyregion.com.ar\/diario\/se-extiende-la-red-cloacal-en-calle-fischer-entre-villa-maria-y-schaer-vereda-este\/","title":{"rendered":"Se extiende la red cloacal en calle Fischer entre Villa Mar\u00eda y Schaer vereda este."},"content":{"rendered":"<p><a href=\"http:\/\/armstrongyregion.com.ar\/diario\/wp-content\/uploads\/2015\/09\/cloacasseptiembre.jpg\"><img loading=\"lazy\" decoding=\"async\" class=\"alignnone size-medium wp-image-3903\" src=\"http:\/\/armstrongyregion.com.ar\/diario\/wp-content\/uploads\/2015\/09\/cloacasseptiembre-300x225.jpg\" alt=\"cloacasseptiembre\" width=\"300\" height=\"225\" srcset=\"https:\/\/armstrongyregion.com.ar\/diario\/wp-content\/uploads\/2015\/09\/cloacasseptiembre-300x225.jpg 300w, https:\/\/armstrongyregion.com.ar\/diario\/wp-content\/uploads\/2015\/09\/cloacasseptiembre-1024x768.jpg 1024w, https:\/\/armstrongyregion.com.ar\/diario\/wp-content\/uploads\/2015\/09\/cloacasseptiembre.jpg 1600w\" sizes=\"auto, (max-width: 300px) 100vw, 300px\" \/><\/a>La Municipalidad de Armstrong avanza en el cronograma previsto para este a\u00f1o en la extensi\u00f3n de la red de desag\u00fces cloacales y en aquellos lugares que se encuentran en peores condiciones, en diferentes puntos de la ciudad.<br \/>\nEl Secretario de Obras y Servicios P\u00fablicos Ing. Guillermo Luzzi cont\u00f3 que \u201clas demoras en esta obra se deben a las condiciones clim\u00e1ticas y otras veces al brote del agua desde 30 o 40 cm. por la depresi\u00f3n de las napas. Parecen canillas que hacen ingresar el agua a la excavaci\u00f3n y no se puede trabajar en esas condiciones\u201d.<br \/>\nLuego de haber culminado la obra en calles Villa Mar\u00eda (entre Barrios y Bergara), Villa Mar\u00eda (entre Bergara y Mart\u00ednez), Castellanos (entre P. Ferrero e Irigoyen), Bergara (entre Villa Mar\u00eda y Bell Ville), Ecuador (entre Bergara y Barrios) y Venezuela (entre Santa Fe y Fischer), se contin\u00faa en calle Fischer (entre Villa Mar\u00eda y Schaer) vereda este.<\/p>\n","protected":false},"excerpt":{"rendered":"<p>La Municipalidad de Armstrong avanza en el cronograma previsto para este a\u00f1o en la extensi\u00f3n de la red de desag\u00fces cloacales y en aquellos lugares que se encuentran en peores condiciones, en diferentes puntos de la ciudad. El Secretario de Obras y Servicios P\u00fablicos Ing. Guillermo Luzzi cont\u00f3 que \u201clas demoras en esta obra se <a href=\"https:\/\/armstrongyregion.com.ar\/diario\/se-extiende-la-red-cloacal-en-calle-fischer-entre-villa-maria-y-schaer-vereda-este\/\" title=\"Read more\" >&#8230;<\/a><\/p>\n","protected":false},"author":2,"featured_media":3903,"comment_status":"open","ping_status":"open","sticky":false,"template":"","format":"standard","meta":{"_jetpack_memberships_contains_paid_content":false,"footnotes":"","jetpack_publicize_message":"","jetpack_publicize_feature_enabled":true,"jetpack_social_post_already_shared":false,"jetpack_social_options":{"image_generator_settings":{"template":"highway","default_image_id":0,"enabled":false},"version":2}},"categories":[1,2],"tags":[345,2670,15,356,162,2489,1043,31,322,2669,2563,86,2671,321,13],"class_list":["post-3902","post","type-post","status-publish","format-standard","has-post-thumbnail","hentry","category-diario-armstrong","category-locales","tag-calle","tag-cloacal","tag-en","tag-entre","tag-este","tag-extiende","tag-fischer","tag-la","tag-maria","tag-red","tag-schaer","tag-se","tag-vereda","tag-villa","tag-y"],"jetpack_publicize_connections":[],"jetpack_featured_media_url":"https:\/\/armstrongyregion.com.ar\/diario\/wp-content\/uploads\/2015\/09\/cloacasseptiembre.jpg","jetpack_shortlink":"https:\/\/wp.me\/p62QDO-10W","jetpack_sharing_enabled":true,"amp_enabled":true,"_links":{"self":[{"href":"https:\/\/armstrongyregion.com.ar\/diario\/wp-json\/wp\/v2\/posts\/3902","targetHints":{"allow":["GET"]}}],"collection":[{"href":"https:\/\/armstrongyregion.com.ar\/diario\/wp-json\/wp\/v2\/posts"}],"about":[{"href":"https:\/\/armstrongyregion.com.ar\/diario\/wp-json\/wp\/v2\/types\/post"}],"author":[{"embeddable":true,"href":"https:\/\/armstrongyregion.com.ar\/diario\/wp-json\/wp\/v2\/users\/2"}],"replies":[{"embeddable":true,"href":"https:\/\/armstrongyregion.com.ar\/diario\/wp-json\/wp\/v2\/comments?post=3902"}],"version-history":[{"count":0,"href":"https:\/\/armstrongyregion.com.ar\/diario\/wp-json\/wp\/v2\/posts\/3902\/revisions"}],"wp:featuredmedia":[{"embeddable":true,"href":"https:\/\/armstrongyregion.com.ar\/diario\/wp-json\/wp\/v2\/media\/3903"}],"wp:attachment":[{"href":"https:\/\/armstrongyregion.com.ar\/diario\/wp-json\/wp\/v2\/media?parent=3902"}],"wp:term":[{"taxonomy":"category","embeddable":true,"href":"https:\/\/armstrongyregion.com.ar\/diario\/wp-json\/wp\/v2\/categories?post=3902"},{"taxonomy":"post_tag","embeddable":true,"href":"https:\/\/armstrongyregion.com.ar\/diario\/wp-json\/wp\/v2\/tags?post=3902"}],"curies":[{"name":"wp","href":"https:\/\/api.w.org\/{rel}","templated":true}]}}