{"id":39012,"date":"2023-06-14T16:34:44","date_gmt":"2023-06-14T16:34:44","guid":{"rendered":"https:\/\/armstrongyregion.com.ar\/diario\/?p=39012"},"modified":"2023-06-14T16:34:47","modified_gmt":"2023-06-14T16:34:47","slug":"canada-de-gomez-manana-comienza-una-nueva-edicion-de-la-expo-carreras","status":"publish","type":"post","link":"https:\/\/armstrongyregion.com.ar\/diario\/canada-de-gomez-manana-comienza-una-nueva-edicion-de-la-expo-carreras\/","title":{"rendered":"Ca\u00f1ada de G\u00f3mez. Ma\u00f1ana comienza una nueva edici\u00f3n de la Expo Carreras."},"content":{"rendered":"\n<figure class=\"wp-block-image size-full\"><a href=\"http:\/\/armstrongyregion.com.ar\/diario\/wp-content\/uploads\/2023\/06\/EXPO-CARRERAS23.jpg\"><img loading=\"lazy\" decoding=\"async\" width=\"541\" height=\"541\" src=\"http:\/\/armstrongyregion.com.ar\/diario\/wp-content\/uploads\/2023\/06\/EXPO-CARRERAS23.jpg\" alt=\"\" class=\"wp-image-39013\" srcset=\"https:\/\/armstrongyregion.com.ar\/diario\/wp-content\/uploads\/2023\/06\/EXPO-CARRERAS23.jpg 541w, https:\/\/armstrongyregion.com.ar\/diario\/wp-content\/uploads\/2023\/06\/EXPO-CARRERAS23-300x300.jpg 300w, https:\/\/armstrongyregion.com.ar\/diario\/wp-content\/uploads\/2023\/06\/EXPO-CARRERAS23-150x150.jpg 150w\" sizes=\"auto, (max-width: 541px) 100vw, 541px\" \/><\/a><\/figure>\n\n\n\n<p>La Municipalidad de Ca\u00f1ada de G\u00f3mez junto a Fudeca y C\u00e1mara de la Mujer del Centro Econ\u00f3mico realizan nueva edici\u00f3n de la Expo Carreras, mostrando la amplia oferta educativa que ofrece nuestra ciudad, consolidada como polo educativo en la regi\u00f3n.<\/p>\n\n\n\n<p>La misma se llevar\u00e1 a cabo los d\u00edas 15 y 16 de junio en el Centro de la Juventud y en ella expondr\u00e1n sus propuestas Fudeca, Nivel Terciario Colegio Florentino Ameghino, Instituto Superior del Profesorado N\u00b0 5, extensi\u00f3n \u00e1ulica de la facultad de Cs. Econ\u00f3micas de la UNR, Escuela N\u00b0 692 Paula Albarrac\u00edn, Escuela de Enfermer\u00eda y Cecla N\u00b0 6626.<\/p>\n\n\n\n<p>El jueves estar\u00e1 abierta de 13.15 a 16.30 hs. y de 19 a 21 hs., mientras que el viernes podr\u00e1 visitarse de 9 a 12 hs. y 14 a 17 hs.\u00a0<\/p>\n","protected":false},"excerpt":{"rendered":"<p>La Municipalidad de Ca\u00f1ada de G\u00f3mez junto a Fudeca y C\u00e1mara de la Mujer del Centro Econ\u00f3mico realizan nueva edici\u00f3n de la Expo Carreras, mostrando la amplia oferta educativa que ofrece nuestra ciudad, consolidada como polo educativo en la regi\u00f3n. La misma se llevar\u00e1 a cabo los d\u00edas 15 y 16 de junio en el <a href=\"https:\/\/armstrongyregion.com.ar\/diario\/canada-de-gomez-manana-comienza-una-nueva-edicion-de-la-expo-carreras\/\" title=\"Read more\" >&#8230;<\/a><\/p>\n","protected":false},"author":1,"featured_media":39013,"comment_status":"open","ping_status":"open","sticky":false,"template":"","format":"image","meta":{"_jetpack_memberships_contains_paid_content":false,"footnotes":"","jetpack_publicize_message":"","jetpack_publicize_feature_enabled":true,"jetpack_social_post_already_shared":true,"jetpack_social_options":{"image_generator_settings":{"template":"highway","default_image_id":0,"enabled":false},"version":2}},"categories":[6,8,1,2,2852,7,3],"tags":[9468,9469],"class_list":["post-39012","post","type-post","status-publish","format-image","has-post-thumbnail","hentry","category-cultura-entretenimiento","category-deliberando","category-diario-armstrong","category-locales","category-policiales","category-politica","category-region","tag-canada-de-gomez-2","tag-expo-carreras","post_format-post-format-image"],"jetpack_publicize_connections":[],"jetpack_featured_media_url":"https:\/\/armstrongyregion.com.ar\/diario\/wp-content\/uploads\/2023\/06\/EXPO-CARRERAS23.jpg","jetpack_shortlink":"https:\/\/wp.me\/p62QDO-a9e","jetpack_sharing_enabled":true,"amp_enabled":true,"_links":{"self":[{"href":"https:\/\/armstrongyregion.com.ar\/diario\/wp-json\/wp\/v2\/posts\/39012","targetHints":{"allow":["GET"]}}],"collection":[{"href":"https:\/\/armstrongyregion.com.ar\/diario\/wp-json\/wp\/v2\/posts"}],"about":[{"href":"https:\/\/armstrongyregion.com.ar\/diario\/wp-json\/wp\/v2\/types\/post"}],"author":[{"embeddable":true,"href":"https:\/\/armstrongyregion.com.ar\/diario\/wp-json\/wp\/v2\/users\/1"}],"replies":[{"embeddable":true,"href":"https:\/\/armstrongyregion.com.ar\/diario\/wp-json\/wp\/v2\/comments?post=39012"}],"version-history":[{"count":1,"href":"https:\/\/armstrongyregion.com.ar\/diario\/wp-json\/wp\/v2\/posts\/39012\/revisions"}],"predecessor-version":[{"id":39014,"href":"https:\/\/armstrongyregion.com.ar\/diario\/wp-json\/wp\/v2\/posts\/39012\/revisions\/39014"}],"wp:featuredmedia":[{"embeddable":true,"href":"https:\/\/armstrongyregion.com.ar\/diario\/wp-json\/wp\/v2\/media\/39013"}],"wp:attachment":[{"href":"https:\/\/armstrongyregion.com.ar\/diario\/wp-json\/wp\/v2\/media?parent=39012"}],"wp:term":[{"taxonomy":"category","embeddable":true,"href":"https:\/\/armstrongyregion.com.ar\/diario\/wp-json\/wp\/v2\/categories?post=39012"},{"taxonomy":"post_tag","embeddable":true,"href":"https:\/\/armstrongyregion.com.ar\/diario\/wp-json\/wp\/v2\/tags?post=39012"}],"curies":[{"name":"wp","href":"https:\/\/api.w.org\/{rel}","templated":true}]}}