{"id":38991,"date":"2023-06-13T15:49:05","date_gmt":"2023-06-13T15:49:05","guid":{"rendered":"https:\/\/armstrongyregion.com.ar\/diario\/?p=38991"},"modified":"2023-06-13T15:49:07","modified_gmt":"2023-06-13T15:49:07","slug":"bacheo-de-vialidad-nacional-sobre-ruta-nacional-n-178-en-las-rosas","status":"publish","type":"post","link":"https:\/\/armstrongyregion.com.ar\/diario\/bacheo-de-vialidad-nacional-sobre-ruta-nacional-n-178-en-las-rosas\/","title":{"rendered":"Bacheo de Vialidad Nacional sobre Ruta Nacional N\u00b0 178 en Las Rosas."},"content":{"rendered":"\n<figure class=\"wp-block-image size-full\"><a href=\"http:\/\/armstrongyregion.com.ar\/diario\/wp-content\/uploads\/2023\/06\/RN-178-BACHEO-EN-LAS-ROSAS-13-6-23-1.jpg\"><img loading=\"lazy\" decoding=\"async\" width=\"480\" height=\"388\" src=\"http:\/\/armstrongyregion.com.ar\/diario\/wp-content\/uploads\/2023\/06\/RN-178-BACHEO-EN-LAS-ROSAS-13-6-23-1.jpg\" alt=\"\" class=\"wp-image-38992\" srcset=\"https:\/\/armstrongyregion.com.ar\/diario\/wp-content\/uploads\/2023\/06\/RN-178-BACHEO-EN-LAS-ROSAS-13-6-23-1.jpg 480w, https:\/\/armstrongyregion.com.ar\/diario\/wp-content\/uploads\/2023\/06\/RN-178-BACHEO-EN-LAS-ROSAS-13-6-23-1-300x243.jpg 300w\" sizes=\"auto, (max-width: 480px) 100vw, 480px\" \/><\/a><\/figure>\n\n\n\n<p>El 7\u00ba Distrito Santa Fe de Vialidad Nacional ejecuta mejoras en la traves\u00eda urbana de Ruta Nacional N\u00ba 178 por la ciudad de Las Rosas. Con personal y equipos propios las tareas comprenden el fresado de los baches y su arreglo con mezcla asf\u00e1ltica en caliente, la que una vez compactada recupera la transitabilidad de la calzada en los sectores intervenidos.<\/p>\n\n\n\n<figure class=\"wp-block-image size-full\"><a href=\"http:\/\/armstrongyregion.com.ar\/diario\/wp-content\/uploads\/2023\/06\/RN-178-BACHEO-EN-LAS-ROSAS-13-6-23-3.jpg\"><img loading=\"lazy\" decoding=\"async\" width=\"637\" height=\"448\" src=\"http:\/\/armstrongyregion.com.ar\/diario\/wp-content\/uploads\/2023\/06\/RN-178-BACHEO-EN-LAS-ROSAS-13-6-23-3.jpg\" alt=\"\" class=\"wp-image-38993\" srcset=\"https:\/\/armstrongyregion.com.ar\/diario\/wp-content\/uploads\/2023\/06\/RN-178-BACHEO-EN-LAS-ROSAS-13-6-23-3.jpg 637w, https:\/\/armstrongyregion.com.ar\/diario\/wp-content\/uploads\/2023\/06\/RN-178-BACHEO-EN-LAS-ROSAS-13-6-23-3-300x211.jpg 300w\" sizes=\"auto, (max-width: 637px) 100vw, 637px\" \/><\/a><\/figure>\n\n\n\n<p>Los trabajos se desarrollan aproximadamente entre las 9 y las 15, con reducci\u00f3n de un carril en el tramo con obras, y paso alternado de a una mano por vez coordinado por banderilleros. Estas acciones de conservaci\u00f3n, que se prolongar\u00e1n hasta el jueves inclusive, est\u00e1n concentradas en los puntos m\u00e1s deteriorados de la traves\u00eda urbana de Las Rosas.<\/p>\n","protected":false},"excerpt":{"rendered":"<p>El 7\u00ba Distrito Santa Fe de Vialidad Nacional ejecuta mejoras en la traves\u00eda urbana de Ruta Nacional N\u00ba 178 por la ciudad de Las Rosas. Con personal y equipos propios las tareas comprenden el fresado de los baches y su arreglo con mezcla asf\u00e1ltica en caliente, la que una vez compactada recupera la transitabilidad de <a href=\"https:\/\/armstrongyregion.com.ar\/diario\/bacheo-de-vialidad-nacional-sobre-ruta-nacional-n-178-en-las-rosas\/\" title=\"Read more\" >&#8230;<\/a><\/p>\n","protected":false},"author":1,"featured_media":38992,"comment_status":"open","ping_status":"open","sticky":false,"template":"","format":"image","meta":{"_jetpack_memberships_contains_paid_content":false,"footnotes":"","jetpack_publicize_message":"","jetpack_publicize_feature_enabled":true,"jetpack_social_post_already_shared":true,"jetpack_social_options":{"image_generator_settings":{"template":"highway","default_image_id":0,"enabled":false},"version":2}},"categories":[6,8,1,2,7,3],"tags":[708,19,9460,9459,621,484,118,2267],"class_list":["post-38991","post","type-post","status-publish","format-image","has-post-thumbnail","hentry","category-cultura-entretenimiento","category-deliberando","category-diario-armstrong","category-locales","category-politica","category-region","tag-bacheo","tag-de","tag-n178","tag-nacioanl","tag-nacional","tag-ruta","tag-sobre","tag-vialidad","post_format-post-format-image"],"jetpack_publicize_connections":[],"jetpack_featured_media_url":"https:\/\/armstrongyregion.com.ar\/diario\/wp-content\/uploads\/2023\/06\/RN-178-BACHEO-EN-LAS-ROSAS-13-6-23-1.jpg","jetpack_shortlink":"https:\/\/wp.me\/p62QDO-a8T","jetpack_sharing_enabled":true,"amp_enabled":true,"_links":{"self":[{"href":"https:\/\/armstrongyregion.com.ar\/diario\/wp-json\/wp\/v2\/posts\/38991","targetHints":{"allow":["GET"]}}],"collection":[{"href":"https:\/\/armstrongyregion.com.ar\/diario\/wp-json\/wp\/v2\/posts"}],"about":[{"href":"https:\/\/armstrongyregion.com.ar\/diario\/wp-json\/wp\/v2\/types\/post"}],"author":[{"embeddable":true,"href":"https:\/\/armstrongyregion.com.ar\/diario\/wp-json\/wp\/v2\/users\/1"}],"replies":[{"embeddable":true,"href":"https:\/\/armstrongyregion.com.ar\/diario\/wp-json\/wp\/v2\/comments?post=38991"}],"version-history":[{"count":1,"href":"https:\/\/armstrongyregion.com.ar\/diario\/wp-json\/wp\/v2\/posts\/38991\/revisions"}],"predecessor-version":[{"id":38994,"href":"https:\/\/armstrongyregion.com.ar\/diario\/wp-json\/wp\/v2\/posts\/38991\/revisions\/38994"}],"wp:featuredmedia":[{"embeddable":true,"href":"https:\/\/armstrongyregion.com.ar\/diario\/wp-json\/wp\/v2\/media\/38992"}],"wp:attachment":[{"href":"https:\/\/armstrongyregion.com.ar\/diario\/wp-json\/wp\/v2\/media?parent=38991"}],"wp:term":[{"taxonomy":"category","embeddable":true,"href":"https:\/\/armstrongyregion.com.ar\/diario\/wp-json\/wp\/v2\/categories?post=38991"},{"taxonomy":"post_tag","embeddable":true,"href":"https:\/\/armstrongyregion.com.ar\/diario\/wp-json\/wp\/v2\/tags?post=38991"}],"curies":[{"name":"wp","href":"https:\/\/api.w.org\/{rel}","templated":true}]}}