{"id":38986,"date":"2023-06-13T15:35:40","date_gmt":"2023-06-13T15:35:40","guid":{"rendered":"https:\/\/armstrongyregion.com.ar\/diario\/?p=38986"},"modified":"2023-06-13T15:35:43","modified_gmt":"2023-06-13T15:35:43","slug":"senador-cornaglia-agroactiva-es-la-muestra-de-que-el-sector-productivo-sigue-apostando-al-crecimiento-de-nuestro-pais","status":"publish","type":"post","link":"https:\/\/armstrongyregion.com.ar\/diario\/senador-cornaglia-agroactiva-es-la-muestra-de-que-el-sector-productivo-sigue-apostando-al-crecimiento-de-nuestro-pais\/","title":{"rendered":"Senador Cornaglia: \u201cAgroactiva es la muestra de que el sector productivo sigue apostando al crecimiento de nuestro pa\u00eds\u201d"},"content":{"rendered":"\n<figure class=\"wp-block-image size-full\"><a href=\"http:\/\/armstrongyregion.com.ar\/diario\/wp-content\/uploads\/2023\/06\/GUILLE-AGRO-23.jpg\"><img loading=\"lazy\" decoding=\"async\" width=\"480\" height=\"270\" src=\"http:\/\/armstrongyregion.com.ar\/diario\/wp-content\/uploads\/2023\/06\/GUILLE-AGRO-23.jpg\" alt=\"\" class=\"wp-image-38987\" srcset=\"https:\/\/armstrongyregion.com.ar\/diario\/wp-content\/uploads\/2023\/06\/GUILLE-AGRO-23.jpg 480w, https:\/\/armstrongyregion.com.ar\/diario\/wp-content\/uploads\/2023\/06\/GUILLE-AGRO-23-300x169.jpg 300w\" sizes=\"auto, (max-width: 480px) 100vw, 480px\" \/><\/a><\/figure>\n\n\n\n<p>El senador provincial Guillermo Cornaglia recorri\u00f3 la edici\u00f3n 2023 de la muestra Agroactiva, oportunidad donde remarc\u00f3 la necesidad e importancia de que el Estado acompa\u00f1e y fortifique al sector productivo.<\/p>\n\n\n\n<p>\u201cSiempre digo que Agroactiva es la muestra productiva rural m\u00e1s grande de todo el pa\u00eds\u201d, manifest\u00f3 Cornaglia, y destac\u00f3 que trabajadores y empresarios del sector siguen apostando a la producci\u00f3n, independientemente de las \u00e9pocas.<\/p>\n\n\n\n<p>\u201cCreo que nuestros Estados, provincial y nacional, m\u00e1s que nunca tienen que asistir a este sector que hist\u00f3ricamente siempre acompa\u00f1\u00f3 y contribuy\u00f3 a que el Estado sea cada vez m\u00e1s fuerte, m\u00e1s potente\u201d, sostuvo el legislador por el departamento Belgrano, y a\u00f1adi\u00f3: \u201cAgroactiva es la muestra de que el sector productivo en nuestra zona sigue apostando al crecimiento de nuestro pa\u00eds y m\u00e1s que nunca necesita de nuestro pa\u00eds\u201d.<\/p>\n\n\n\n<p>Guillermo Cornaglia plate\u00f3 que sin producci\u00f3n, sin laboreo de nuestras tierras, sin crecimiento en nuestras tierras, no tenemos pa\u00eds posible que asegure una calidad de vida mejor para nuestros habitantes. \u201cEs hora de que el Estado acompa\u00f1e y fortifique al sector neur\u00e1lgico que asegura el crecimiento y avance de nuestro pa\u00eds\u201d, finaliz\u00f3.<\/p>\n","protected":false},"excerpt":{"rendered":"<p>El senador provincial Guillermo Cornaglia recorri\u00f3 la edici\u00f3n 2023 de la muestra Agroactiva, oportunidad donde remarc\u00f3 la necesidad e importancia de que el Estado acompa\u00f1e y fortifique al sector productivo. \u201cSiempre digo que Agroactiva es la muestra productiva rural m\u00e1s grande de todo el pa\u00eds\u201d, manifest\u00f3 Cornaglia, y destac\u00f3 que trabajadores y empresarios del sector <a href=\"https:\/\/armstrongyregion.com.ar\/diario\/senador-cornaglia-agroactiva-es-la-muestra-de-que-el-sector-productivo-sigue-apostando-al-crecimiento-de-nuestro-pais\/\" title=\"Read more\" >&#8230;<\/a><\/p>\n","protected":false},"author":1,"featured_media":38987,"comment_status":"open","ping_status":"open","sticky":false,"template":"","format":"image","meta":{"_jetpack_memberships_contains_paid_content":false,"footnotes":"","jetpack_publicize_message":"","jetpack_publicize_feature_enabled":true,"jetpack_social_post_already_shared":true,"jetpack_social_options":{"image_generator_settings":{"template":"highway","default_image_id":0,"enabled":false},"version":2}},"categories":[8,1,2,7,3],"tags":[8750,4228,1324,16,139,31,1358,3462,108,4430,9458],"class_list":["post-38986","post","type-post","status-publish","format-image","has-post-thumbnail","hentry","category-deliberando","category-diario-armstrong","category-locales","category-politica","category-region","tag-agroactiva-2","tag-apostando","tag-cornaglia","tag-el","tag-es","tag-la","tag-muestra","tag-productivo","tag-que","tag-sector","tag-segue","post_format-post-format-image"],"jetpack_publicize_connections":[],"jetpack_featured_media_url":"https:\/\/armstrongyregion.com.ar\/diario\/wp-content\/uploads\/2023\/06\/GUILLE-AGRO-23.jpg","jetpack_shortlink":"https:\/\/wp.me\/p62QDO-a8O","jetpack_sharing_enabled":true,"amp_enabled":true,"_links":{"self":[{"href":"https:\/\/armstrongyregion.com.ar\/diario\/wp-json\/wp\/v2\/posts\/38986","targetHints":{"allow":["GET"]}}],"collection":[{"href":"https:\/\/armstrongyregion.com.ar\/diario\/wp-json\/wp\/v2\/posts"}],"about":[{"href":"https:\/\/armstrongyregion.com.ar\/diario\/wp-json\/wp\/v2\/types\/post"}],"author":[{"embeddable":true,"href":"https:\/\/armstrongyregion.com.ar\/diario\/wp-json\/wp\/v2\/users\/1"}],"replies":[{"embeddable":true,"href":"https:\/\/armstrongyregion.com.ar\/diario\/wp-json\/wp\/v2\/comments?post=38986"}],"version-history":[{"count":1,"href":"https:\/\/armstrongyregion.com.ar\/diario\/wp-json\/wp\/v2\/posts\/38986\/revisions"}],"predecessor-version":[{"id":38988,"href":"https:\/\/armstrongyregion.com.ar\/diario\/wp-json\/wp\/v2\/posts\/38986\/revisions\/38988"}],"wp:featuredmedia":[{"embeddable":true,"href":"https:\/\/armstrongyregion.com.ar\/diario\/wp-json\/wp\/v2\/media\/38987"}],"wp:attachment":[{"href":"https:\/\/armstrongyregion.com.ar\/diario\/wp-json\/wp\/v2\/media?parent=38986"}],"wp:term":[{"taxonomy":"category","embeddable":true,"href":"https:\/\/armstrongyregion.com.ar\/diario\/wp-json\/wp\/v2\/categories?post=38986"},{"taxonomy":"post_tag","embeddable":true,"href":"https:\/\/armstrongyregion.com.ar\/diario\/wp-json\/wp\/v2\/tags?post=38986"}],"curies":[{"name":"wp","href":"https:\/\/api.w.org\/{rel}","templated":true}]}}