{"id":38959,"date":"2023-06-11T14:18:45","date_gmt":"2023-06-11T14:18:45","guid":{"rendered":"https:\/\/armstrongyregion.com.ar\/diario\/?p=38959"},"modified":"2023-06-11T14:18:48","modified_gmt":"2023-06-11T14:18:48","slug":"carolina-losada-en-agroactiva-2023-aca-esta-el-equipo-y-las-propuestas-concretas-para-impulsar-al-motor-productivo-de-santa-fe","status":"publish","type":"post","link":"https:\/\/armstrongyregion.com.ar\/diario\/carolina-losada-en-agroactiva-2023-aca-esta-el-equipo-y-las-propuestas-concretas-para-impulsar-al-motor-productivo-de-santa-fe\/","title":{"rendered":"Carolina Losada en Agroactiva 2023: \u201cAc\u00e1 est\u00e1 el equipo y las propuestas concretas para impulsar al motor productivo de Santa Fe\u201d."},"content":{"rendered":"\n<figure class=\"wp-block-image size-full\"><a href=\"http:\/\/armstrongyregion.com.ar\/diario\/wp-content\/uploads\/2023\/06\/Expoagro-1-1.jpg\"><img loading=\"lazy\" decoding=\"async\" width=\"400\" height=\"254\" src=\"http:\/\/armstrongyregion.com.ar\/diario\/wp-content\/uploads\/2023\/06\/Expoagro-1-1.jpg\" alt=\"\" class=\"wp-image-38960\" srcset=\"https:\/\/armstrongyregion.com.ar\/diario\/wp-content\/uploads\/2023\/06\/Expoagro-1-1.jpg 400w, https:\/\/armstrongyregion.com.ar\/diario\/wp-content\/uploads\/2023\/06\/Expoagro-1-1-300x191.jpg 300w\" sizes=\"auto, (max-width: 400px) 100vw, 400px\" \/><\/a><\/figure>\n\n\n\n<h2 class=\"wp-block-heading\"><em>La precandidata a Gobernadora por el frente Unidos Para Cambiar Santa Fe estuvo presente en Agroactiva junto a su equipo de especialistas y referentes del sector. \u201cEl campo no est\u00e1 solo, tenemos sentido com\u00fan y un plan concreto para fortalecer a nuestro gran motor de la econom\u00eda\u201d, expres\u00f3.<\/em><\/h2>\n\n\n\n<figure class=\"wp-block-image size-full\"><a href=\"http:\/\/armstrongyregion.com.ar\/diario\/wp-content\/uploads\/2023\/06\/Expoagro3.jpg\"><img loading=\"lazy\" decoding=\"async\" width=\"790\" height=\"497\" src=\"http:\/\/armstrongyregion.com.ar\/diario\/wp-content\/uploads\/2023\/06\/Expoagro3.jpg\" alt=\"\" class=\"wp-image-38961\" srcset=\"https:\/\/armstrongyregion.com.ar\/diario\/wp-content\/uploads\/2023\/06\/Expoagro3.jpg 790w, https:\/\/armstrongyregion.com.ar\/diario\/wp-content\/uploads\/2023\/06\/Expoagro3-300x189.jpg 300w, https:\/\/armstrongyregion.com.ar\/diario\/wp-content\/uploads\/2023\/06\/Expoagro3-768x483.jpg 768w\" sizes=\"auto, (max-width: 790px) 100vw, 790px\" \/><\/a><\/figure>\n\n\n\n<p>Ante m\u00e1s de 200 personas, la Senadora Nacional disert\u00f3 junto a su grupo de profesionales formado por economistas, empresarios, productores agropecuarios, e ingenieros agr\u00f3nomos. \u201cPresentamos 15 propuestas claves para el sector productivo, y reafirmamos el compromiso de trabajar juntos codo a codo\u201d, dijo Losada. Y ampli\u00f3: \u201cSomos un equipo que est\u00e1 pensando en pol\u00edticas p\u00fablicas que defiendan la libertad y el empleo genuino; Santa Fe debe transformarse en el polo agroindustrial m\u00e1s importante de Sudam\u00e9rica\u201d.<\/p>\n\n\n\n<p>En ese contexto, todo el equipo con Losada a la cabeza presentaron las diversas propuestas para el sector, entre las que destacaron: \u201cGenerar un estado cercano que est\u00e9 a disposici\u00f3n de los que producen; simplificaci\u00f3n impositiva y desburocratizaci\u00f3n; sistema de ventanilla \u00fanica; financiamiento para inversi\u00f3n de Pymes y productores locales\u201d. Tambi\u00e9n, abordaron cuestiones vinculadas a infraestructura como, por ejemplo: Caminos rurales, electrificaci\u00f3n rural, obras viales e hidr\u00e1ulicas, manejo inteligente del agua, y plan de conectividad, entre otros.<\/p>\n\n\n\n<p>Quienes acompa\u00f1aron durante la jornada a la precandidata a gobernadora, fueron su compa\u00f1ero de f\u00f3rmula y Diputado Nacional Federico Angelini; el precandidato a Diputado Provincial y Senador Nacional, Dionisio Scarpin; Ximena Garc\u00eda (Diputada Nacional y especialista en ambiente); Germana Figueroa Casas (Diputada Nacional y especialista en asuntos tributarios); Cristian Cunha (Presidente del PRO Santa Fe, contador, y productor agropecuario); Mart\u00edn Ros\u00faa (Especialista en Derecho Econ\u00f3mico); Georgina Losada (Relaciones Internacionales); Pablo Torello (equipo Agro de Patricia Bullrich); Carlos Castellani (Empresario); Mar\u00eda Soledad Aramendi, Guillermo Farbman, y Mayco Mansilla (Ingenieros Agr\u00f3nomos); Adriano Mandolesi (Economista); Fabian Cian (Grupo Crea, productor ganadero); y Diego Pascuale (productor, Grupo Autoconvocados).<\/p>\n\n\n\n<p>Dionisio Scarpin explic\u00f3 que dentro de los proyectos desarrollados se contempla \u201cel fomento e incentivo a la generaci\u00f3n de valor agregado, la defensa de la industria de los biocombustibles, y bajar el peso del estado sobre los que producen\u201d. Tambi\u00e9n en l\u00ednea con esas declaraciones, Federico Angelini profundiz\u00f3: \u201cProponemos un estado m\u00e1s austero y eficiente, por eso bajaremos de trece ministerios a ocho, haremos que la pol\u00edtica sobre la agroindustria sea transversal al gobierno, y pelearemos desde Santa Fe con una Gobernadora que dar\u00e1 todas las batallas necesarias\u201d.<\/p>\n\n\n\n<p>En consonancia con ambos dirigentes, la mesa t\u00e9cnica de Losada insisti\u00f3 en \u201cla necesidad de impulsar una baja en las retenciones gradualmente hasta que se eliminen\u201d; tambi\u00e9n reclamaron \u201cla unificaci\u00f3n del tipo de cambio y finalizaci\u00f3n del cepo para subsanar la distorsi\u00f3n de la econom\u00eda, lo que har\u00e1 recuperar al campo como ese gran aliado de la econom\u00eda\u201d. Y enfatizaron: \u201cDebemos trabajar con pol\u00edticas integrales para prevenci\u00f3n de sequ\u00edas e inundaciones as\u00ed el campo puede proyectar y crecer; tambi\u00e9n el sector productivo enfrenta serias dificultades para incorporar personal calificado, por eso la propuesta es trabajar sobre una nueva \u00b4Ley de Educaci\u00f3n T\u00e9cnica\u00b4 que armonice la oferta con la demanda de las empresas, en el marco de una estrategia de desarrollo provincial \u00ab.<\/p>\n\n\n\n<p>Finalmente, los integrantes del equipo t\u00e9cnico, Mar\u00eda Soledad Aramendi, Guillermo Farbman, Mayco Mansilla, y Fabi\u00e1n Cian expresaron que \u201cel agro en Santa Fe por sus v\u00ednculos con los recursos renovables, sus efectos multiplicadores en la producci\u00f3n y el empleo, su extensa presencia territorial, sus capacidades cient\u00edfico-tecnol\u00f3gicas y su impacto social, tiene que ser un actor protag\u00f3nico en el desarrollo presente y futuro de Santa Fe\u201d. Y concluyeron: \u201cLlevamos tres a\u00f1os de desastre; se necesita un plan integral que aumente la productividad y la competitividad, no hay concepto m\u00e1s claro: es con el campo\u201d.<\/p>\n","protected":false},"excerpt":{"rendered":"<p>La precandidata a Gobernadora por el frente Unidos Para Cambiar Santa Fe estuvo presente en Agroactiva junto a su equipo de especialistas y referentes del sector. \u201cEl campo no est\u00e1 solo, tenemos sentido com\u00fan y un plan concreto para fortalecer a nuestro gran motor de la econom\u00eda\u201d, expres\u00f3. Ante m\u00e1s de 200 personas, la Senadora <a href=\"https:\/\/armstrongyregion.com.ar\/diario\/carolina-losada-en-agroactiva-2023-aca-esta-el-equipo-y-las-propuestas-concretas-para-impulsar-al-motor-productivo-de-santa-fe\/\" title=\"Read more\" >&#8230;<\/a><\/p>\n","protected":false},"author":1,"featured_media":38960,"comment_status":"open","ping_status":"open","sticky":false,"template":"","format":"image","meta":{"_jetpack_memberships_contains_paid_content":false,"footnotes":"","jetpack_publicize_message":"","jetpack_publicize_feature_enabled":true,"jetpack_social_post_already_shared":true,"jetpack_social_options":{"image_generator_settings":{"template":"highway","default_image_id":0,"enabled":false},"version":2}},"categories":[8,1,2,7,3],"tags":[9419,15,9411],"class_list":["post-38959","post","type-post","status-publish","format-image","has-post-thumbnail","hentry","category-deliberando","category-diario-armstrong","category-locales","category-politica","category-region","tag-agroactiva-2023","tag-en","tag-losada","post_format-post-format-image"],"jetpack_publicize_connections":[],"jetpack_featured_media_url":"https:\/\/armstrongyregion.com.ar\/diario\/wp-content\/uploads\/2023\/06\/Expoagro-1-1.jpg","jetpack_shortlink":"https:\/\/wp.me\/p62QDO-a8n","jetpack_sharing_enabled":true,"amp_enabled":true,"_links":{"self":[{"href":"https:\/\/armstrongyregion.com.ar\/diario\/wp-json\/wp\/v2\/posts\/38959","targetHints":{"allow":["GET"]}}],"collection":[{"href":"https:\/\/armstrongyregion.com.ar\/diario\/wp-json\/wp\/v2\/posts"}],"about":[{"href":"https:\/\/armstrongyregion.com.ar\/diario\/wp-json\/wp\/v2\/types\/post"}],"author":[{"embeddable":true,"href":"https:\/\/armstrongyregion.com.ar\/diario\/wp-json\/wp\/v2\/users\/1"}],"replies":[{"embeddable":true,"href":"https:\/\/armstrongyregion.com.ar\/diario\/wp-json\/wp\/v2\/comments?post=38959"}],"version-history":[{"count":1,"href":"https:\/\/armstrongyregion.com.ar\/diario\/wp-json\/wp\/v2\/posts\/38959\/revisions"}],"predecessor-version":[{"id":38962,"href":"https:\/\/armstrongyregion.com.ar\/diario\/wp-json\/wp\/v2\/posts\/38959\/revisions\/38962"}],"wp:featuredmedia":[{"embeddable":true,"href":"https:\/\/armstrongyregion.com.ar\/diario\/wp-json\/wp\/v2\/media\/38960"}],"wp:attachment":[{"href":"https:\/\/armstrongyregion.com.ar\/diario\/wp-json\/wp\/v2\/media?parent=38959"}],"wp:term":[{"taxonomy":"category","embeddable":true,"href":"https:\/\/armstrongyregion.com.ar\/diario\/wp-json\/wp\/v2\/categories?post=38959"},{"taxonomy":"post_tag","embeddable":true,"href":"https:\/\/armstrongyregion.com.ar\/diario\/wp-json\/wp\/v2\/tags?post=38959"}],"curies":[{"name":"wp","href":"https:\/\/api.w.org\/{rel}","templated":true}]}}