{"id":38939,"date":"2023-06-10T02:05:38","date_gmt":"2023-06-10T02:05:38","guid":{"rendered":"https:\/\/armstrongyregion.com.ar\/diario\/?p=38939"},"modified":"2023-06-10T02:05:40","modified_gmt":"2023-06-10T02:05:40","slug":"armstrong-la-municipalidad-anfitriona-y-una-vidriera-al-pais","status":"publish","type":"post","link":"https:\/\/armstrongyregion.com.ar\/diario\/armstrong-la-municipalidad-anfitriona-y-una-vidriera-al-pais\/","title":{"rendered":"Armstrong: La municipalidad anfitriona y una vidriera al pa\u00eds."},"content":{"rendered":"\n<figure class=\"wp-block-image size-full\"><a href=\"http:\/\/armstrongyregion.com.ar\/diario\/wp-content\/uploads\/2023\/06\/STAND-AGROACTIVA-.jpg\"><img loading=\"lazy\" decoding=\"async\" width=\"511\" height=\"389\" src=\"http:\/\/armstrongyregion.com.ar\/diario\/wp-content\/uploads\/2023\/06\/STAND-AGROACTIVA-.jpg\" alt=\"\" class=\"wp-image-38948\" srcset=\"https:\/\/armstrongyregion.com.ar\/diario\/wp-content\/uploads\/2023\/06\/STAND-AGROACTIVA-.jpg 511w, https:\/\/armstrongyregion.com.ar\/diario\/wp-content\/uploads\/2023\/06\/STAND-AGROACTIVA--300x228.jpg 300w\" sizes=\"auto, (max-width: 511px) 100vw, 511px\" \/><\/a><\/figure>\n\n\n\n<p><em>La municipalidad de Armstrong, Santa Fe, form\u00f3 parte de la megamuestra con un completo espacio donde exhibi\u00f3 su esp\u00edritu emprendedor, la cultura y su acompa\u00f1amiento p\u00fablico al desarrollo de las empresas y comercios locales<\/em><\/p>\n\n\n\n<p>En AgroActiva 2023, la municipalidad de Armstrong cuenta con un espacio destacado para mostrar la identidad, la pertinencia y el desarrollo de lo que ocurre en la ciudad, por fuera de lo relacionado a la maquinaria agr\u00edcola que ya tiene su lugar establecido.<\/p>\n\n\n\n<p>Al respecto, Rosana Siri, secretaria de Educaci\u00f3n y Desarrollo Integral de la Municipalidad de Armstrong, explic\u00f3 que est\u00e1n acompa\u00f1ando a los peque\u00f1os emprendedores de la ciudad para que puedan crecer. \u201cDesde el municipio hacemos un seguimiento de los emprendedores y desde sus inicios y los acompa\u00f1amos durante toda su etapa de crecimiento\u201d, admiti\u00f3 la vocera.<\/p>\n\n\n\n<p>Por ese motivo, en su stand hubo un espacio destinado a la UTN invitando a conocer los proyectos a llevar a cabo, otro lugar de arte denominado \u201cSabor a infancia\u201d destinado a los ni\u00f1os donde pueden dibujar y escuchar cuentos.<\/p>\n\n\n\n<p>Tambi\u00e9n el Cable Imagen Armstrong transmite en vivo, dentro de un espacio que nuclea a los medios de comunicaci\u00f3n de la localidad santafesina. Tambi\u00e9n hay venta del libro \u201cPorotito\u201d de la escritora local Mercedes Nardi, producto de las actividades culturales que se realizan en la Municipalidad de Armstrong, Creaciones Alma, FayFer, Lore Aimeri Creaciones, e Indecort.<\/p>\n\n\n\n<p><strong>El exterior tambi\u00e9n con atractivos<\/strong><\/p>\n\n\n\n<p>En el exterior de la carpa, en vivo, est\u00e1 trabajando el reconocido artista pl\u00e1stico Fabi\u00e1n Rucco creando una escultura en madera. Tambi\u00e9n se puede observar el trabajo de emprendedores de implementos peque\u00f1os, elementos de jardiner\u00eda, una empresa fabricante de paneles solares, una pionera en energ\u00eda solar, entre otras.<\/p>\n\n\n\n<p>\u201cEl centro tradicionalista El Tropero tambi\u00e9n forma parte de nuestro espacio, como una prueba cabal de que la cultura es muy importante para nuestra regi\u00f3n\u201d, cont\u00f3 Siri.<\/p>\n","protected":false},"excerpt":{"rendered":"<p>La municipalidad de Armstrong, Santa Fe, form\u00f3 parte de la megamuestra con un completo espacio donde exhibi\u00f3 su esp\u00edritu emprendedor, la cultura y su acompa\u00f1amiento p\u00fablico al desarrollo de las empresas y comercios locales En AgroActiva 2023, la municipalidad de Armstrong cuenta con un espacio destacado para mostrar la identidad, la pertinencia y el desarrollo <a href=\"https:\/\/armstrongyregion.com.ar\/diario\/armstrong-la-municipalidad-anfitriona-y-una-vidriera-al-pais\/\" title=\"Read more\" >&#8230;<\/a><\/p>\n","protected":false},"author":1,"featured_media":38948,"comment_status":"open","ping_status":"open","sticky":false,"template":"","format":"image","meta":{"_jetpack_memberships_contains_paid_content":false,"footnotes":"","jetpack_publicize_message":"","jetpack_publicize_feature_enabled":true,"jetpack_social_post_already_shared":true,"jetpack_social_options":{"image_generator_settings":{"template":"highway","default_image_id":0,"enabled":false},"version":2}},"categories":[8,1,2,7,3],"tags":[],"class_list":["post-38939","post","type-post","status-publish","format-image","has-post-thumbnail","hentry","category-deliberando","category-diario-armstrong","category-locales","category-politica","category-region","post_format-post-format-image"],"jetpack_publicize_connections":[],"jetpack_featured_media_url":"https:\/\/armstrongyregion.com.ar\/diario\/wp-content\/uploads\/2023\/06\/STAND-AGROACTIVA-.jpg","jetpack_shortlink":"https:\/\/wp.me\/p62QDO-a83","jetpack_sharing_enabled":true,"amp_enabled":true,"_links":{"self":[{"href":"https:\/\/armstrongyregion.com.ar\/diario\/wp-json\/wp\/v2\/posts\/38939","targetHints":{"allow":["GET"]}}],"collection":[{"href":"https:\/\/armstrongyregion.com.ar\/diario\/wp-json\/wp\/v2\/posts"}],"about":[{"href":"https:\/\/armstrongyregion.com.ar\/diario\/wp-json\/wp\/v2\/types\/post"}],"author":[{"embeddable":true,"href":"https:\/\/armstrongyregion.com.ar\/diario\/wp-json\/wp\/v2\/users\/1"}],"replies":[{"embeddable":true,"href":"https:\/\/armstrongyregion.com.ar\/diario\/wp-json\/wp\/v2\/comments?post=38939"}],"version-history":[{"count":1,"href":"https:\/\/armstrongyregion.com.ar\/diario\/wp-json\/wp\/v2\/posts\/38939\/revisions"}],"predecessor-version":[{"id":38949,"href":"https:\/\/armstrongyregion.com.ar\/diario\/wp-json\/wp\/v2\/posts\/38939\/revisions\/38949"}],"wp:featuredmedia":[{"embeddable":true,"href":"https:\/\/armstrongyregion.com.ar\/diario\/wp-json\/wp\/v2\/media\/38948"}],"wp:attachment":[{"href":"https:\/\/armstrongyregion.com.ar\/diario\/wp-json\/wp\/v2\/media?parent=38939"}],"wp:term":[{"taxonomy":"category","embeddable":true,"href":"https:\/\/armstrongyregion.com.ar\/diario\/wp-json\/wp\/v2\/categories?post=38939"},{"taxonomy":"post_tag","embeddable":true,"href":"https:\/\/armstrongyregion.com.ar\/diario\/wp-json\/wp\/v2\/tags?post=38939"}],"curies":[{"name":"wp","href":"https:\/\/api.w.org\/{rel}","templated":true}]}}