{"id":38926,"date":"2023-06-10T01:14:25","date_gmt":"2023-06-10T01:14:25","guid":{"rendered":"https:\/\/armstrongyregion.com.ar\/diario\/?p=38926"},"modified":"2023-06-10T01:49:48","modified_gmt":"2023-06-10T01:49:48","slug":"horacio-rodrigue-larreta-agroactiva-son-estos-lugares-a-los-que-uno-viene-y-se-va-con-las-pilas-recargadas","status":"publish","type":"post","link":"https:\/\/armstrongyregion.com.ar\/diario\/horacio-rodrigue-larreta-agroactiva-son-estos-lugares-a-los-que-uno-viene-y-se-va-con-las-pilas-recargadas\/","title":{"rendered":"Horacio Rodr\u00edguez Larreta: \u00abAgroActiva son estos lugares a los que uno viene y se va con las pilas recargadas\u00bb."},"content":{"rendered":"\n<figure class=\"wp-block-image size-full\"><a href=\"http:\/\/armstrongyregion.com.ar\/diario\/wp-content\/uploads\/2023\/06\/LARRETA-AGRO-2-1-1.jpg\"><img loading=\"lazy\" decoding=\"async\" width=\"675\" height=\"450\" src=\"http:\/\/armstrongyregion.com.ar\/diario\/wp-content\/uploads\/2023\/06\/LARRETA-AGRO-2-1-1.jpg\" alt=\"\" class=\"wp-image-38944\" srcset=\"https:\/\/armstrongyregion.com.ar\/diario\/wp-content\/uploads\/2023\/06\/LARRETA-AGRO-2-1-1.jpg 675w, https:\/\/armstrongyregion.com.ar\/diario\/wp-content\/uploads\/2023\/06\/LARRETA-AGRO-2-1-1-300x200.jpg 300w\" sizes=\"auto, (max-width: 675px) 100vw, 675px\" \/><\/a><\/figure>\n\n\n\n<h2 class=\"wp-block-heading\"><em>El jefe de gobierno porte\u00f1o mantuvo una reuni\u00f3n con productores agropecuarios de la regi\u00f3n y recorri\u00f3 la mega muestra agropecuaria que se desarrolla hasta el s\u00e1bado 10 de junio en Armstrong, Santa Fe.<\/em><\/h2>\n\n\n\n<figure class=\"wp-block-image size-full\"><a href=\"http:\/\/armstrongyregion.com.ar\/diario\/wp-content\/uploads\/2023\/06\/LARRETA-AGRO-1-1-1.jpg\"><img loading=\"lazy\" decoding=\"async\" width=\"675\" height=\"450\" src=\"http:\/\/armstrongyregion.com.ar\/diario\/wp-content\/uploads\/2023\/06\/LARRETA-AGRO-1-1-1.jpg\" alt=\"\" class=\"wp-image-38945\" srcset=\"https:\/\/armstrongyregion.com.ar\/diario\/wp-content\/uploads\/2023\/06\/LARRETA-AGRO-1-1-1.jpg 675w, https:\/\/armstrongyregion.com.ar\/diario\/wp-content\/uploads\/2023\/06\/LARRETA-AGRO-1-1-1-300x200.jpg 300w\" sizes=\"auto, (max-width: 675px) 100vw, 675px\" \/><\/a><\/figure>\n\n\n\n<p>El viernes a la ma\u00f1ana el jefe de gobierno de la Ciudad Aut\u00f3noma de Buenos Aires, Horacio Rodr\u00edguez Larreta, visit\u00f3 AgroActiva.<\/p>\n\n\n\n<figure class=\"wp-block-image size-full\"><a href=\"http:\/\/armstrongyregion.com.ar\/diario\/wp-content\/uploads\/2023\/06\/AGROACTIVA-LARRETA-3-.jpg\"><img loading=\"lazy\" decoding=\"async\" width=\"506\" height=\"346\" src=\"http:\/\/armstrongyregion.com.ar\/diario\/wp-content\/uploads\/2023\/06\/AGROACTIVA-LARRETA-3-.jpg\" alt=\"\" class=\"wp-image-38929\" srcset=\"https:\/\/armstrongyregion.com.ar\/diario\/wp-content\/uploads\/2023\/06\/AGROACTIVA-LARRETA-3-.jpg 506w, https:\/\/armstrongyregion.com.ar\/diario\/wp-content\/uploads\/2023\/06\/AGROACTIVA-LARRETA-3--300x205.jpg 300w\" sizes=\"auto, (max-width: 506px) 100vw, 506px\" \/><\/a><\/figure>\n\n\n\n<p>En el marco de sus recorridas por el pa\u00eds llevando su mensaje de precandidato presidencial se reuni\u00f3n con productores agropecuarios santafesinos, brind\u00f3 una conferencia de prensa y recorri\u00f3 la mega muestra.<\/p>\n\n\n\n<figure class=\"wp-block-image size-full\"><a href=\"http:\/\/armstrongyregion.com.ar\/diario\/wp-content\/uploads\/2023\/06\/LARRETA-AGRO-3-1-1.jpg\"><img loading=\"lazy\" decoding=\"async\" width=\"675\" height=\"450\" src=\"http:\/\/armstrongyregion.com.ar\/diario\/wp-content\/uploads\/2023\/06\/LARRETA-AGRO-3-1-1.jpg\" alt=\"\" class=\"wp-image-38946\" srcset=\"https:\/\/armstrongyregion.com.ar\/diario\/wp-content\/uploads\/2023\/06\/LARRETA-AGRO-3-1-1.jpg 675w, https:\/\/armstrongyregion.com.ar\/diario\/wp-content\/uploads\/2023\/06\/LARRETA-AGRO-3-1-1-300x200.jpg 300w\" sizes=\"auto, (max-width: 675px) 100vw, 675px\" \/><\/a><\/figure>\n\n\n\n<p>El pol\u00edtico expres\u00f3 sobre la feria: \u201cAgroActiva son esos lugares que vengo y me voy con las pilas cargadas para laburar veinte horas por d\u00eda. Al ver la gente que recorre la mega muestra te das cuenta de lo que es el potencial que tiene la Argentina. A pesar del a\u00f1o que tuvo el campo por el clima la gente est\u00e1 recorriendo y viendo en qu\u00e9 puede invertir. Esto es la Argentina, este es el motor de recuperaci\u00f3n. Esto es lo que te muestra que vale la pena hacer un esfuerzo todos juntos para sacar la Argentina adelante. Yo me voy s\u00faper entusiasmado, pero por otro lado tambi\u00e9n entendiendo la angustia de los productores, la sequ\u00eda, las retenciones y que el gobierno los vuelve loco\u201d.<\/p>\n\n\n\n<p>A partir de la reuni\u00f3n que mantuvo con productores de la zona de Armstrong, Ca\u00f1ada de G\u00f3mez, Las Parejas, Las Rosas y Villa Eloisa dio a conocer:<\/p>\n\n\n\n<p>\u00abYo estoy muy en tema, pero estudio con detalle. Vengo con mi propuesta de duplicar las exportaciones agro alimenticias en seis a\u00f1os; quitar las retenciones de los productos regionales discriminando producto por producto. Yo soy muy de ir al fondo, de estudiar, de profundizar. Aprend\u00ed un poco el tema del arroz en Entre R\u00edos, el tema los temas de, de los caminos, el problema de la hidrov\u00eda, que no se ha dragado bien, los problemas laborales y, en definitiva, nos metimos en los temas. Voy a fondo, vengo ac\u00e1, a estudiar, a aprender, a llevarme primero un mont\u00f3n de inquietudes que me vienen bien y despu\u00e9s, como te digo, esta energ\u00eda es tremenda\u201d.<\/p>\n\n\n\n<figure class=\"wp-block-image size-full\"><a href=\"http:\/\/armstrongyregion.com.ar\/diario\/wp-content\/uploads\/2023\/06\/AGROACTIVA-LARRETA-5-.jpg\"><img loading=\"lazy\" decoding=\"async\" width=\"270\" height=\"314\" src=\"http:\/\/armstrongyregion.com.ar\/diario\/wp-content\/uploads\/2023\/06\/AGROACTIVA-LARRETA-5-.jpg\" alt=\"\" class=\"wp-image-38936\" srcset=\"https:\/\/armstrongyregion.com.ar\/diario\/wp-content\/uploads\/2023\/06\/AGROACTIVA-LARRETA-5-.jpg 270w, https:\/\/armstrongyregion.com.ar\/diario\/wp-content\/uploads\/2023\/06\/AGROACTIVA-LARRETA-5--258x300.jpg 258w\" sizes=\"auto, (max-width: 270px) 100vw, 270px\" \/><\/a><\/figure>\n\n\n\n<p>En relaci\u00f3n a la fecha de presentaci\u00f3n de los frentes electorales para las elecciones, previstas para el 24 de junio, se refiri\u00f3 a las expectativas en Juntos por el Cambio bien amplio. \u201cLo importante para la gente es c\u00f3mo sacamos el pa\u00eds adelante de la mano del campo. El frente electoral se acomodar\u00e1 siempre en el marco de Juntos por el Cambio. Yo tengo la convicci\u00f3n de defender a muerte la unidad de Juntos. Esto es Juntos todos juntos. A\u00fan, cuando en alg\u00fan tema podamos tener alguna diferencia en Juntos para ganarle al Frente de Todos y terminar con el kirchnerismo. Tenemos que estar juntos y yo siempre voy a defender eso. Y tambi\u00e9n defiendo el sumar y sumar\u201d.<\/p>\n\n\n\n<p>El jefe de gobierno porte\u00f1o dej\u00f3 en claro su esp\u00edritu de ampliar la cantidad de voces dentro del espacio electoral. \u201cTenemos que agrandar nuestro espacio, debemos tener la fuerza necesaria para ganarle al \u00b4cristinismo\u00b4 y para ir adelante con todas las reformas que la Argentina necesita\u201d.<\/p>\n\n\n\n<p>El gobernador cordob\u00e9s Juan Schiaretti es una de las figuras pol\u00edticas que Larreta propone sumar a Juntos y Patricia Bullrich y Luis Juez resisten. \u201cHay que sumar a Schiaretti. Para nosotros ya est\u00e1 sumado. Hoy hubo una primera reuni\u00f3n con \u00e9l. Para m\u00ed es un lujo que un tipo como Espert, un economista que estudia muy respetado y sea parte de un proceso de cambio y despu\u00e9s seguir sumando, debemos tener actitud de ampliar. El pa\u00eds est\u00e1 en una situaci\u00f3n muy cr\u00edtica que obviamente ustedes lo saben y eso requiere grandeza, requiere ampliarnos. Tenemos que hacer todo lo que est\u00e9 a nuestro alcance, no solo para ganar sino para impulsar las reformas que la Argentina y que el campo necesita. Eso requiere mayor\u00edas. Hay que construir una mayor\u00eda que impulse todo este cambio para apoyar el campo y sacar la Argentina adelante.<\/p>\n\n\n\n<p>Los periodistas encargados de la cobertura period\u00edstica de AgroActiva le preguntaron por las retenciones a los granos y productos primarios de exportaci\u00f3n. Mostr\u00e1ndose como presidenciable anunci\u00f3 una pol\u00edtica que implementar\u00eda en caso de acceder a la primera magistratura del pa\u00eds. \u201cLo primero que voy hacer d\u00eda cero, el d\u00eda 10 de diciembre, sacar las retenciones a todas las econom\u00edas regionales. M\u00e1s de 200 productores de distintas regiones del pa\u00eds; como, por ejemplo, el olivo. Tambi\u00e9n los limones de Tucum\u00e1n con el cero de gravamen por exportaci\u00f3n. Y nuestra propuesta es bajar las retenciones, un impuesto espantoso, horrible, impuesto. Somos el \u00fanico pa\u00eds de Am\u00e9rica que tiene este gravamen. Entonces, derecho a exportaci\u00f3n hay que ir eliminando\u201d, finaliz\u00f3 Larreta<\/p>\n","protected":false},"excerpt":{"rendered":"<p>El jefe de gobierno porte\u00f1o mantuvo una reuni\u00f3n con productores agropecuarios de la regi\u00f3n y recorri\u00f3 la mega muestra agropecuaria que se desarrolla hasta el s\u00e1bado 10 de junio en Armstrong, Santa Fe. El viernes a la ma\u00f1ana el jefe de gobierno de la Ciudad Aut\u00f3noma de Buenos Aires, Horacio Rodr\u00edguez Larreta, visit\u00f3 AgroActiva. En <a href=\"https:\/\/armstrongyregion.com.ar\/diario\/horacio-rodrigue-larreta-agroactiva-son-estos-lugares-a-los-que-uno-viene-y-se-va-con-las-pilas-recargadas\/\" title=\"Read more\" >&#8230;<\/a><\/p>\n","protected":false},"author":1,"featured_media":38944,"comment_status":"open","ping_status":"open","sticky":false,"template":"","format":"image","meta":{"_jetpack_memberships_contains_paid_content":false,"footnotes":"","jetpack_publicize_message":"","jetpack_publicize_feature_enabled":true,"jetpack_social_post_already_shared":true,"jetpack_social_options":{"image_generator_settings":{"template":"highway","default_image_id":0,"enabled":false},"version":2}},"categories":[8,1,2,7,3],"tags":[8750,100,15,9446,343,86,205],"class_list":["post-38926","post","type-post","status-publish","format-image","has-post-thumbnail","hentry","category-deliberando","category-diario-armstrong","category-locales","category-politica","category-region","tag-agroactiva-2","tag-con","tag-en","tag-horacio-rodrigue-larreta","tag-reunio","tag-se","tag-verdecchia","post_format-post-format-image"],"jetpack_publicize_connections":[],"jetpack_featured_media_url":"https:\/\/armstrongyregion.com.ar\/diario\/wp-content\/uploads\/2023\/06\/LARRETA-AGRO-2-1-1.jpg","jetpack_shortlink":"https:\/\/wp.me\/p62QDO-a7Q","jetpack_sharing_enabled":true,"amp_enabled":true,"_links":{"self":[{"href":"https:\/\/armstrongyregion.com.ar\/diario\/wp-json\/wp\/v2\/posts\/38926","targetHints":{"allow":["GET"]}}],"collection":[{"href":"https:\/\/armstrongyregion.com.ar\/diario\/wp-json\/wp\/v2\/posts"}],"about":[{"href":"https:\/\/armstrongyregion.com.ar\/diario\/wp-json\/wp\/v2\/types\/post"}],"author":[{"embeddable":true,"href":"https:\/\/armstrongyregion.com.ar\/diario\/wp-json\/wp\/v2\/users\/1"}],"replies":[{"embeddable":true,"href":"https:\/\/armstrongyregion.com.ar\/diario\/wp-json\/wp\/v2\/comments?post=38926"}],"version-history":[{"count":6,"href":"https:\/\/armstrongyregion.com.ar\/diario\/wp-json\/wp\/v2\/posts\/38926\/revisions"}],"predecessor-version":[{"id":38947,"href":"https:\/\/armstrongyregion.com.ar\/diario\/wp-json\/wp\/v2\/posts\/38926\/revisions\/38947"}],"wp:featuredmedia":[{"embeddable":true,"href":"https:\/\/armstrongyregion.com.ar\/diario\/wp-json\/wp\/v2\/media\/38944"}],"wp:attachment":[{"href":"https:\/\/armstrongyregion.com.ar\/diario\/wp-json\/wp\/v2\/media?parent=38926"}],"wp:term":[{"taxonomy":"category","embeddable":true,"href":"https:\/\/armstrongyregion.com.ar\/diario\/wp-json\/wp\/v2\/categories?post=38926"},{"taxonomy":"post_tag","embeddable":true,"href":"https:\/\/armstrongyregion.com.ar\/diario\/wp-json\/wp\/v2\/tags?post=38926"}],"curies":[{"name":"wp","href":"https:\/\/api.w.org\/{rel}","templated":true}]}}