{"id":38914,"date":"2023-06-09T16:12:47","date_gmt":"2023-06-09T16:12:47","guid":{"rendered":"https:\/\/armstrongyregion.com.ar\/diario\/?p=38914"},"modified":"2023-06-09T16:12:49","modified_gmt":"2023-06-09T16:12:49","slug":"las-escuelas-rurales-de-iriondo-viajaron-a-agroactiva","status":"publish","type":"post","link":"https:\/\/armstrongyregion.com.ar\/diario\/las-escuelas-rurales-de-iriondo-viajaron-a-agroactiva\/","title":{"rendered":"Las escuelas rurales de Iriondo viajaron a AgroActiva."},"content":{"rendered":"\n<figure class=\"wp-block-image size-full\"><a href=\"http:\/\/armstrongyregion.com.ar\/diario\/wp-content\/uploads\/2023\/06\/Agroactiva-RASSETTO.jpg\"><img loading=\"lazy\" decoding=\"async\" width=\"400\" height=\"268\" src=\"http:\/\/armstrongyregion.com.ar\/diario\/wp-content\/uploads\/2023\/06\/Agroactiva-RASSETTO.jpg\" alt=\"\" class=\"wp-image-38915\" srcset=\"https:\/\/armstrongyregion.com.ar\/diario\/wp-content\/uploads\/2023\/06\/Agroactiva-RASSETTO.jpg 400w, https:\/\/armstrongyregion.com.ar\/diario\/wp-content\/uploads\/2023\/06\/Agroactiva-RASSETTO-300x201.jpg 300w\" sizes=\"auto, (max-width: 400px) 100vw, 400px\" \/><\/a><\/figure>\n\n\n\n<p>El senador Hugo Jes\u00fas Rasetto junto a Gast\u00f3n Scarola, acompa\u00f1aron a los alumnos de las<br>escuelas rurales del departamento Iriondo a visitar la Feria AgroActiva, que se realiz\u00f3 en la<br>localidad de Armstrong.<br>\u201cEs una maravillosa oportunidad para que los ni\u00f1os aprendan sobre los diferentes cultivos,<br>maquinarias y animales que forman parte de nuestra riqueza agropecuaria, pero tambi\u00e9n para<br>que nuestros peque\u00f1os h\u00e9roes rurales puedan sentirse valorados y reconocidos en su<br>entorno\u201d, expres\u00f3 el senador Rasetto.<br>Asimismo, destac\u00f3 la importancia de que los estudiantes rurales comprendan \u201cc\u00f3mo sus<br>acciones y decisiones pueden influir en el desarrollo sostenible de nuestras zonas rurales\u201d.<\/p>\n","protected":false},"excerpt":{"rendered":"<p>El senador Hugo Jes\u00fas Rasetto junto a Gast\u00f3n Scarola, acompa\u00f1aron a los alumnos de lasescuelas rurales del departamento Iriondo a visitar la Feria AgroActiva, que se realiz\u00f3 en lalocalidad de Armstrong.\u201cEs una maravillosa oportunidad para que los ni\u00f1os aprendan sobre los diferentes cultivos,maquinarias y animales que forman parte de nuestra riqueza agropecuaria, pero tambi\u00e9n paraque <a href=\"https:\/\/armstrongyregion.com.ar\/diario\/las-escuelas-rurales-de-iriondo-viajaron-a-agroactiva\/\" title=\"Read more\" >&#8230;<\/a><\/p>\n","protected":false},"author":1,"featured_media":38915,"comment_status":"open","ping_status":"open","sticky":false,"template":"","format":"image","meta":{"_jetpack_memberships_contains_paid_content":false,"footnotes":"","jetpack_publicize_message":"","jetpack_publicize_feature_enabled":true,"jetpack_social_post_already_shared":true,"jetpack_social_options":{"image_generator_settings":{"template":"highway","default_image_id":0,"enabled":false},"version":2}},"categories":[8,1,2,7,3],"tags":[33,8750,9442,8964,23,9122],"class_list":["post-38914","post","type-post","status-publish","format-image","has-post-thumbnail","hentry","category-deliberando","category-diario-armstrong","category-locales","category-politica","category-region","tag-a","tag-agroactiva-2","tag-de-iriondo","tag-escuelas-2","tag-las","tag-viajaron","post_format-post-format-image"],"jetpack_publicize_connections":[],"jetpack_featured_media_url":"https:\/\/armstrongyregion.com.ar\/diario\/wp-content\/uploads\/2023\/06\/Agroactiva-RASSETTO.jpg","jetpack_shortlink":"https:\/\/wp.me\/p62QDO-a7E","jetpack_sharing_enabled":true,"amp_enabled":true,"_links":{"self":[{"href":"https:\/\/armstrongyregion.com.ar\/diario\/wp-json\/wp\/v2\/posts\/38914","targetHints":{"allow":["GET"]}}],"collection":[{"href":"https:\/\/armstrongyregion.com.ar\/diario\/wp-json\/wp\/v2\/posts"}],"about":[{"href":"https:\/\/armstrongyregion.com.ar\/diario\/wp-json\/wp\/v2\/types\/post"}],"author":[{"embeddable":true,"href":"https:\/\/armstrongyregion.com.ar\/diario\/wp-json\/wp\/v2\/users\/1"}],"replies":[{"embeddable":true,"href":"https:\/\/armstrongyregion.com.ar\/diario\/wp-json\/wp\/v2\/comments?post=38914"}],"version-history":[{"count":1,"href":"https:\/\/armstrongyregion.com.ar\/diario\/wp-json\/wp\/v2\/posts\/38914\/revisions"}],"predecessor-version":[{"id":38916,"href":"https:\/\/armstrongyregion.com.ar\/diario\/wp-json\/wp\/v2\/posts\/38914\/revisions\/38916"}],"wp:featuredmedia":[{"embeddable":true,"href":"https:\/\/armstrongyregion.com.ar\/diario\/wp-json\/wp\/v2\/media\/38915"}],"wp:attachment":[{"href":"https:\/\/armstrongyregion.com.ar\/diario\/wp-json\/wp\/v2\/media?parent=38914"}],"wp:term":[{"taxonomy":"category","embeddable":true,"href":"https:\/\/armstrongyregion.com.ar\/diario\/wp-json\/wp\/v2\/categories?post=38914"},{"taxonomy":"post_tag","embeddable":true,"href":"https:\/\/armstrongyregion.com.ar\/diario\/wp-json\/wp\/v2\/tags?post=38914"}],"curies":[{"name":"wp","href":"https:\/\/api.w.org\/{rel}","templated":true}]}}