{"id":38904,"date":"2023-06-08T23:05:12","date_gmt":"2023-06-08T23:05:12","guid":{"rendered":"https:\/\/armstrongyregion.com.ar\/diario\/?p=38904"},"modified":"2023-06-08T23:05:14","modified_gmt":"2023-06-08T23:05:14","slug":"lilita-carrio-dijo-que-vino-a-acompanar-a-los-productores-en-agroactiva","status":"publish","type":"post","link":"https:\/\/armstrongyregion.com.ar\/diario\/lilita-carrio-dijo-que-vino-a-acompanar-a-los-productores-en-agroactiva\/","title":{"rendered":"Lilita Carri\u00f3 dijo que vino a acompa\u00f1ar a los productores en AgroActiva."},"content":{"rendered":"\n<figure class=\"wp-block-image size-full\"><a href=\"http:\/\/armstrongyregion.com.ar\/diario\/wp-content\/uploads\/2023\/06\/LILITA-23-AGROACTIVA.jpg\"><img loading=\"lazy\" decoding=\"async\" width=\"481\" height=\"310\" src=\"http:\/\/armstrongyregion.com.ar\/diario\/wp-content\/uploads\/2023\/06\/LILITA-23-AGROACTIVA.jpg\" alt=\"\" class=\"wp-image-38905\" srcset=\"https:\/\/armstrongyregion.com.ar\/diario\/wp-content\/uploads\/2023\/06\/LILITA-23-AGROACTIVA.jpg 481w, https:\/\/armstrongyregion.com.ar\/diario\/wp-content\/uploads\/2023\/06\/LILITA-23-AGROACTIVA-300x193.jpg 300w\" sizes=\"auto, (max-width: 481px) 100vw, 481px\" \/><\/a><\/figure>\n\n\n\n<p><em>La candidata a presidenta por la Coalici\u00f3n C\u00edvica, Elisa Carri\u00f3, fue una de las pol\u00edticas destacadas que pas\u00f3 por la segunda edici\u00f3n de AgroActiva en Armstrong, Santa Fe. All\u00ed realiz\u00f3 una conferencia de prensa para presentar su plan de gobierno y dio a conocer su equipo de trabajo.<\/em><\/p>\n\n\n\n<p>En la tarde de hoy, la referente de la Coalici\u00f3n C\u00edvica y pre-candidata a presidenta, Elisa Carri\u00f3, brind\u00f3 una conferencia de prensa ante los medios presentes y muchos asistentes que acompa\u00f1aron sus propuestas con aplausos.<\/p>\n\n\n\n<p>Carri\u00f3, estuvo acompa\u00f1ada por su pre-candidato a Gobernador por Santa Fe, Eduardo Maradona y la aspirante a legisladora nacional Lucila Lehmann. \u201cEstoy muy feliz de anunciarles que&nbsp;la Coalici\u00f3n C\u00edvica Santa Fe llevar\u00e1 la candidatura a gobernador de Eduardo Maradona,&nbsp;empresario rosarino, fuertemente comprometido con las Pymes de todo el pa\u00eds y la de&nbsp;Lucila Lehmann como 1\u00aa Legisladora Provincial\u201d, comenz\u00f3 afirmando Carri\u00f3.<\/p>\n\n\n\n<p>Adem\u00e1s, dej\u00f3 en suspenso el candidato que la acompa\u00f1ar\u00e1 en la f\u00f3rmula, rumbo a las pr\u00f3ximas elecciones presidenciales.&nbsp;&nbsp;\u201cLo cierto es que venimos apoyando al campo desde siempre. Vamos a presentar un proyecto que impulsa una alternativa para que las retenciones no sean un dolor de cabeza para los productores\u201d, destac\u00f3, aunque anunci\u00f3 que lo presentar\u00e1 en el lanzamiento de campa\u00f1a.<\/p>\n\n\n\n<p>\u201cElimina en cinco a\u00f1os todas las retenciones, pero en el medio pone la compensaci\u00f3n. Nos equilibra con Paraguay, con Uruguay y con el resto. Van a ver que es una propuesta que apunta a los peque\u00f1os, medianos y grandes productores\u201d, adelant\u00f3.<\/p>\n\n\n\n<p><strong>\u201cCreo que la verdad nos har\u00e1 libres\u201d<\/strong><\/p>\n\n\n\n<p>Carri\u00f3 destac\u00f3 que fue una de las primeras que se anim\u00f3 a luchar contra las retenciones y siempre fue criticada. \u201cPor oponerme a las retenciones perd\u00ed 9 legisladores. Si eso no es tener coraje, d\u00edganme lo contrario\u201d, solt\u00f3 ante el aplauso de los presentes.<\/p>\n\n\n\n<p>Adem\u00e1s, dej\u00f3 en claro que, junto a su equipo, sigue trabajando para enfrentarse al narcotr\u00e1fico, aunque tenga que \u201creforzar la seguridad\u201d privada. \u201cEstoy ac\u00e1 para defender la clase media de la Argentina. Hay que dejar de lado los subsidios sin sentidos a la pobreza y promover el ascenso social de ella, y principalmente de nuestra clase media\u201d, explic\u00f3.<\/p>\n","protected":false},"excerpt":{"rendered":"<p>La candidata a presidenta por la Coalici\u00f3n C\u00edvica, Elisa Carri\u00f3, fue una de las pol\u00edticas destacadas que pas\u00f3 por la segunda edici\u00f3n de AgroActiva en Armstrong, Santa Fe. All\u00ed realiz\u00f3 una conferencia de prensa para presentar su plan de gobierno y dio a conocer su equipo de trabajo. En la tarde de hoy, la referente <a href=\"https:\/\/armstrongyregion.com.ar\/diario\/lilita-carrio-dijo-que-vino-a-acompanar-a-los-productores-en-agroactiva\/\" title=\"Read more\" >&#8230;<\/a><\/p>\n","protected":false},"author":1,"featured_media":38905,"comment_status":"open","ping_status":"open","sticky":false,"template":"","format":"image","meta":{"_jetpack_memberships_contains_paid_content":false,"footnotes":"","jetpack_publicize_message":"","jetpack_publicize_feature_enabled":true,"jetpack_social_post_already_shared":true,"jetpack_social_options":{"image_generator_settings":{"template":"highway","default_image_id":0,"enabled":false},"version":2}},"categories":[6,8,1,2,7,3],"tags":[33,1923,8750,9439,1630],"class_list":["post-38904","post","type-post","status-publish","format-image","has-post-thumbnail","hentry","category-cultura-entretenimiento","category-deliberando","category-diario-armstrong","category-locales","category-politica","category-region","tag-a","tag-acompanar","tag-agroactiva-2","tag-lilita-carrio","tag-vino","post_format-post-format-image"],"jetpack_publicize_connections":[],"jetpack_featured_media_url":"https:\/\/armstrongyregion.com.ar\/diario\/wp-content\/uploads\/2023\/06\/LILITA-23-AGROACTIVA.jpg","jetpack_shortlink":"https:\/\/wp.me\/p62QDO-a7u","jetpack_sharing_enabled":true,"amp_enabled":true,"_links":{"self":[{"href":"https:\/\/armstrongyregion.com.ar\/diario\/wp-json\/wp\/v2\/posts\/38904","targetHints":{"allow":["GET"]}}],"collection":[{"href":"https:\/\/armstrongyregion.com.ar\/diario\/wp-json\/wp\/v2\/posts"}],"about":[{"href":"https:\/\/armstrongyregion.com.ar\/diario\/wp-json\/wp\/v2\/types\/post"}],"author":[{"embeddable":true,"href":"https:\/\/armstrongyregion.com.ar\/diario\/wp-json\/wp\/v2\/users\/1"}],"replies":[{"embeddable":true,"href":"https:\/\/armstrongyregion.com.ar\/diario\/wp-json\/wp\/v2\/comments?post=38904"}],"version-history":[{"count":1,"href":"https:\/\/armstrongyregion.com.ar\/diario\/wp-json\/wp\/v2\/posts\/38904\/revisions"}],"predecessor-version":[{"id":38906,"href":"https:\/\/armstrongyregion.com.ar\/diario\/wp-json\/wp\/v2\/posts\/38904\/revisions\/38906"}],"wp:featuredmedia":[{"embeddable":true,"href":"https:\/\/armstrongyregion.com.ar\/diario\/wp-json\/wp\/v2\/media\/38905"}],"wp:attachment":[{"href":"https:\/\/armstrongyregion.com.ar\/diario\/wp-json\/wp\/v2\/media?parent=38904"}],"wp:term":[{"taxonomy":"category","embeddable":true,"href":"https:\/\/armstrongyregion.com.ar\/diario\/wp-json\/wp\/v2\/categories?post=38904"},{"taxonomy":"post_tag","embeddable":true,"href":"https:\/\/armstrongyregion.com.ar\/diario\/wp-json\/wp\/v2\/tags?post=38904"}],"curies":[{"name":"wp","href":"https:\/\/api.w.org\/{rel}","templated":true}]}}