{"id":38901,"date":"2023-06-08T22:40:23","date_gmt":"2023-06-08T22:40:23","guid":{"rendered":"https:\/\/armstrongyregion.com.ar\/diario\/?p=38901"},"modified":"2023-06-08T22:40:25","modified_gmt":"2023-06-08T22:40:25","slug":"perotti-particio-en-agroactiva-de-la-presentacion-de-la-carrera-del-tc-en-rafaela","status":"publish","type":"post","link":"https:\/\/armstrongyregion.com.ar\/diario\/perotti-particio-en-agroactiva-de-la-presentacion-de-la-carrera-del-tc-en-rafaela\/","title":{"rendered":"Perotti partici\u00f3 en Agroactiva de la presentaci\u00f3n de la carrera del TC en Rafaela."},"content":{"rendered":"\n<figure class=\"wp-block-image size-full\"><a href=\"http:\/\/armstrongyregion.com.ar\/diario\/wp-content\/uploads\/2023\/06\/PEROTTI.TURISMOCARRETERA..jpg\"><img loading=\"lazy\" decoding=\"async\" width=\"671\" height=\"384\" src=\"http:\/\/armstrongyregion.com.ar\/diario\/wp-content\/uploads\/2023\/06\/PEROTTI.TURISMOCARRETERA..jpg\" alt=\"\" class=\"wp-image-38902\" srcset=\"https:\/\/armstrongyregion.com.ar\/diario\/wp-content\/uploads\/2023\/06\/PEROTTI.TURISMOCARRETERA..jpg 671w, https:\/\/armstrongyregion.com.ar\/diario\/wp-content\/uploads\/2023\/06\/PEROTTI.TURISMOCARRETERA.-300x172.jpg 300w\" sizes=\"auto, (max-width: 671px) 100vw, 671px\" \/><\/a><\/figure>\n\n\n\n<h2 class=\"wp-block-heading\">\u201cEl desarrollo de eventos deportivos es clave para una estrategia de turismo\u201d, destac\u00f3 el gobernador. La competencia tendr\u00e1 lugar este domingo 11 de junio.<\/h2>\n\n\n\n<figure class=\"wp-block-table\"><table><tbody><tr><td>En el marco de su visita a la muestra agroindustrial Agroactiva 2023, que se realiza en Armstrong, el gobernador Omar Perotti particip\u00f3 este jueves de la presentaci\u00f3n de la s\u00e9ptima fecha del Turismo Carretera que se disputar\u00e1 en la ciudad de Rafaela, este domingo 11 de junio.\u201cQuiero felicitarlos por esta iniciativa de hacer la presentaci\u00f3n en este \u00e1mbito\u201d, destac\u00f3 el gobernador, e invit\u00f3: \u201cEs algo muy importante para nuestra provincia tener estos dos eventos, y cuando termine Agroactiva todos pueden salir de aqu\u00ed para Rafaela y completan una semana en la provincia de Santa Fe\u201d.La competencia se desarrollar\u00e1 en el Aut\u00f3dromo Ciudad de Rafaela conocido como \u201cEl \u00d3valo\u201d, perteneciente al Club Atl\u00e9tico de Rafaela. All\u00ed se pondr\u00e1 en juego el Gran Premio Banco de Santa Fe, y el Trofeo Agricultores Federados Argentinos (AFA).\u201cEl desarrollo de eventos deportivos es clave para una estrategia de turismo, y el tener escenarios de historia es algo a cuidar en nuestra provincia, a mejorar permanentemente, y este circuito sin dudas que genera desaf\u00edos\u201d, se\u00f1al\u00f3 Omar Perotti.De la actividad participaron tambi\u00e9n el presidente de la Asociaci\u00f3n Corredores Turismo Carretera, Hugo Mazzacane, pilotos y autoridades de las empresas patrocinadoras de la competencia.<\/td><\/tr><\/tbody><\/table><\/figure>\n","protected":false},"excerpt":{"rendered":"<p>\u201cEl desarrollo de eventos deportivos es clave para una estrategia de turismo\u201d, destac\u00f3 el gobernador. La competencia tendr\u00e1 lugar este domingo 11 de junio. En el marco de su visita a la muestra agroindustrial Agroactiva 2023, que se realiza en Armstrong, el gobernador Omar Perotti particip\u00f3 este jueves de la presentaci\u00f3n de la s\u00e9ptima fecha <a href=\"https:\/\/armstrongyregion.com.ar\/diario\/perotti-particio-en-agroactiva-de-la-presentacion-de-la-carrera-del-tc-en-rafaela\/\" title=\"Read more\" >&#8230;<\/a><\/p>\n","protected":false},"author":1,"featured_media":38902,"comment_status":"open","ping_status":"open","sticky":false,"template":"","format":"image","meta":{"_jetpack_memberships_contains_paid_content":false,"footnotes":"","jetpack_publicize_message":"","jetpack_publicize_feature_enabled":true,"jetpack_social_post_already_shared":true,"jetpack_social_options":{"image_generator_settings":{"template":"highway","default_image_id":0,"enabled":false},"version":2}},"categories":[8,1,2,7,3],"tags":[8750,992,1409],"class_list":["post-38901","post","type-post","status-publish","format-image","has-post-thumbnail","hentry","category-deliberando","category-diario-armstrong","category-locales","category-politica","category-region","tag-agroactiva-2","tag-participo","tag-perotti","post_format-post-format-image"],"jetpack_publicize_connections":[],"jetpack_featured_media_url":"https:\/\/armstrongyregion.com.ar\/diario\/wp-content\/uploads\/2023\/06\/PEROTTI.TURISMOCARRETERA..jpg","jetpack_shortlink":"https:\/\/wp.me\/p62QDO-a7r","jetpack_sharing_enabled":true,"amp_enabled":true,"_links":{"self":[{"href":"https:\/\/armstrongyregion.com.ar\/diario\/wp-json\/wp\/v2\/posts\/38901","targetHints":{"allow":["GET"]}}],"collection":[{"href":"https:\/\/armstrongyregion.com.ar\/diario\/wp-json\/wp\/v2\/posts"}],"about":[{"href":"https:\/\/armstrongyregion.com.ar\/diario\/wp-json\/wp\/v2\/types\/post"}],"author":[{"embeddable":true,"href":"https:\/\/armstrongyregion.com.ar\/diario\/wp-json\/wp\/v2\/users\/1"}],"replies":[{"embeddable":true,"href":"https:\/\/armstrongyregion.com.ar\/diario\/wp-json\/wp\/v2\/comments?post=38901"}],"version-history":[{"count":1,"href":"https:\/\/armstrongyregion.com.ar\/diario\/wp-json\/wp\/v2\/posts\/38901\/revisions"}],"predecessor-version":[{"id":38903,"href":"https:\/\/armstrongyregion.com.ar\/diario\/wp-json\/wp\/v2\/posts\/38901\/revisions\/38903"}],"wp:featuredmedia":[{"embeddable":true,"href":"https:\/\/armstrongyregion.com.ar\/diario\/wp-json\/wp\/v2\/media\/38902"}],"wp:attachment":[{"href":"https:\/\/armstrongyregion.com.ar\/diario\/wp-json\/wp\/v2\/media?parent=38901"}],"wp:term":[{"taxonomy":"category","embeddable":true,"href":"https:\/\/armstrongyregion.com.ar\/diario\/wp-json\/wp\/v2\/categories?post=38901"},{"taxonomy":"post_tag","embeddable":true,"href":"https:\/\/armstrongyregion.com.ar\/diario\/wp-json\/wp\/v2\/tags?post=38901"}],"curies":[{"name":"wp","href":"https:\/\/api.w.org\/{rel}","templated":true}]}}