{"id":38891,"date":"2023-06-08T02:15:15","date_gmt":"2023-06-08T02:15:15","guid":{"rendered":"https:\/\/armstrongyregion.com.ar\/diario\/?p=38891"},"modified":"2023-06-08T02:16:20","modified_gmt":"2023-06-08T02:16:20","slug":"perotti-en-agroactiva-la-maquinaria-agricola-es-tradicion-empleo-y-conocimiento","status":"publish","type":"post","link":"https:\/\/armstrongyregion.com.ar\/diario\/perotti-en-agroactiva-la-maquinaria-agricola-es-tradicion-empleo-y-conocimiento\/","title":{"rendered":"Perotti en Agroactiva: \u201cLa maquinaria agr\u00edcola es tradici\u00f3n, empleo y conocimiento\u201d."},"content":{"rendered":"\n<figure class=\"wp-block-image size-full\"><a href=\"http:\/\/armstrongyregion.com.ar\/diario\/wp-content\/uploads\/2023\/06\/flia.crucianelli-agroact-23-1.jpg\"><img loading=\"lazy\" decoding=\"async\" width=\"570\" height=\"320\" src=\"http:\/\/armstrongyregion.com.ar\/diario\/wp-content\/uploads\/2023\/06\/flia.crucianelli-agroact-23-1.jpg\" alt=\"\" class=\"wp-image-38896\" srcset=\"https:\/\/armstrongyregion.com.ar\/diario\/wp-content\/uploads\/2023\/06\/flia.crucianelli-agroact-23-1.jpg 570w, https:\/\/armstrongyregion.com.ar\/diario\/wp-content\/uploads\/2023\/06\/flia.crucianelli-agroact-23-1-300x168.jpg 300w\" sizes=\"auto, (max-width: 570px) 100vw, 570px\" \/><\/a><\/figure>\n\n\n\n<h2 class=\"wp-block-heading\">El gobernador recorri\u00f3 en Armstrong, la edici\u00f3n 2023 de la muestra del agro, y particip\u00f3 de la firma de un convenio entre las empresas Crucianelli y Piccin (Brasil).<\/h2>\n\n\n\n<p>El gobernador de la provincia, Omar Perotti, visit\u00f3 este mi\u00e9rcoles la muestra agr\u00edcola Agroactiva 2023, que se desarrolla hasta el 10 de junio en Armstrong. En ese marco, particip\u00f3 de la firma de un convenio entre los grupos Crucianelli, de Argentina; y Piccin, de Brasil.<\/p>\n\n\n\n<p>\u201cPara nuestra provincia, la maquinaria agr\u00edcola no es una industria m\u00e1s. Es una industria con tradici\u00f3n, que creci\u00f3 y se fue fortaleciendo en muchos de nuestros pueblos y ciudades. Fue generando empleo y conocimiento; permitiendo y acompa\u00f1ando los cambios de la tecnolog\u00eda incorporada a la producci\u00f3n agr\u00edcola\u201d, destac\u00f3 Perotti.<\/p>\n\n\n\n<p>Aunque el grupo empresario argentino con sede en Armstrong ya cuenta con una filial del otro lado de la frontera, con este nuevo acuerdo establecer\u00e1 el montaje de una planta fabril para la producci\u00f3n de sembradoras cerca de San Pablo.<\/p>\n\n\n\n<p>En esa l\u00ednea, el mandatario santafesino marc\u00f3 la importancia del Mercosur, cuyo \u201cobjetivo central es una plataforma com\u00fan para el crecimiento de los v\u00ednculos industriales, y para conseguir all\u00ed la escala, para que Argentina y Brasil, Brasil y Argentina, pudiesen llegar con sus productos al mundo\u201d, expres\u00f3.&nbsp;<\/p>\n\n\n\n<p>La sociedad entre ambos grupos es para llegar a mercados m\u00e1s grandes y fortalecerse mutuamente. Tanto Crucianelli como Piccin llevan el nombre de sus fundadores y cuentan con m\u00e1s de 60 a\u00f1os de historia en el desarrollo de productos para las necesidades espec\u00edficas de sus clientes.<\/p>\n\n\n\n<p>&nbsp;\u201cQueremos felicitar a las dos familias\u201d, manifest\u00f3 el gobernador, quien agreg\u00f3: \u201cEsto habla a las claras del convencimiento de esta asociaci\u00f3n, y no me cabe dudas que va a tener un futuro muy bueno. Porque adem\u00e1s va a contagiar a otros y va a mover a partistas a ampliar el negocio dentro del sector de la m\u00e1quina agr\u00edcola y de la confianza que seguramente estas dos familias volcar\u00e1n a este nuevo emprendimiento\u201d.&nbsp;<\/p>\n\n\n\n<p>Finalmente, Perotti destac\u00f3 que \u201cson de las cosas que contagian, que motivan, que nos hacen creer profundamente en la Argentina, que nos hacen creer profundamente en estos v\u00ednculos generados del Mercosur, para desde all\u00ed vincularnos con el mundo. Tenemos las posibilidades de estar gener\u00e1ndole alimentos al mundo. Tenemos la posibilidad de generar el mayor valor agregado posible, y la capacidad y la potencialidad de crecer en nuestra producci\u00f3n agr\u00edcola\u201d, concluy\u00f3 el gobernador de la provincia.<\/p>\n\n\n\n<p><strong>UNIDOS PARA CRECER<\/strong><\/p>\n\n\n\n<p>\u201cResiliencia es la palabra justa para este proyecto. Hace 25 a\u00f1os que este sue\u00f1o viene en la cabeza de los directivos de la empresa, fue un proceso muy largo, pas\u00f3 la pandemia, pero las ganas hicieron posible empezar a construir m\u00e1quinas en el pa\u00eds vecino\u201d, explic\u00f3 a su turno Gustavo Crucianelli, CEO del Grupo Crucianelli.<br>\u201cEs un momento memorable, es un gran paso a favor del negocio agr\u00edcola\u201d, indic\u00f3 por su parte Camilo Ramos, CEO del Grupo Piccin, quien a\u00f1adi\u00f3: \u201cM\u00e1s que la firma para construcci\u00f3n de un negocio, es un compromiso para innovar en lo mejor de la tecnolog\u00eda\u201d.<\/p>\n\n\n\n<p><strong>PRESENCIA SANTAFESINA<\/strong><\/p>\n\n\n\n<p>Para este 2023, el gobierno de Omar Perotti invertir\u00e1 75 millones de pesos a trav\u00e9s del Consejo Federal de Inversiones (CFI), permitiendo la participaci\u00f3n de 140 pymes en Agroactiva, la megamuestra agroindustrial.<\/p>\n\n\n\n<p>En total, la provincia cuenta con 13.800 metros cuadrados, distribuidos en 6 lotes, en los cuales se dispondr\u00e1 una carpa institucional donde se har\u00e1 promoci\u00f3n de programas provinciales; una carpa AgTech para firmas de tecnolog\u00eda para el agro; una carpa que albergar\u00e1 a firmas industriales, alimenticias y de productos regionales; y 4 lotes exteriores con empresas metalmec\u00e1nicas y del rubro agropecuario.<\/p>\n\n\n\n<p><strong>RONDA INTERNACIONAL DE NEGOCIOS<\/strong><\/p>\n\n\n\n<p>En el d\u00eda inicial de la megamuestra, se realiz\u00f3 la apertura de la Ronda Internacional de Negocios, el lanzamiento de l\u00edneas de financiamiento y la presentaci\u00f3n del Concurso AgTech. En primer lugar, se llev\u00f3 a cabo la apertura de la Ronda Internacional de Negocios, por medio de la cual los empresarios santafesinos establecieron contactos con compradores extranjeros.<\/p>\n\n\n\n<p>Cabe destacar que, por primera vez en la historia de la muestra, esta ronda se realiza en el espacio santafesino y es organizada por la Secretar\u00eda de Comercio Exterior. En esta oportunidad participan un comprador de Australia, cuatro de Azerbaiy\u00e1n, tres de Colombia y dos de Rumania. Mientras que, en el plano nacional, las inscritas como empresas oferentes son 72 empresas de las provincias de Santa Fe, C\u00f3rdoba y Buenos Aires.<\/p>\n\n\n\n<p>Durante la celebraci\u00f3n de la apertura, el ministro de Producci\u00f3n, Ciencia y Tecnolog\u00eda, Daniel Costamagna, destac\u00f3: \u201cEs para nosotros un orgullo que esta ronda de negocios se lleve a cabo en el stand de Santa Fe. Esto es posible gracias a la labor de todo el equipo de trabajo, las empresas y los productores que son quienes le dan el sustento a un entramado tecnol\u00f3gico que hoy ya est\u00e1 llegando a 50 pa\u00edses en el mundo\u201d.<\/p>\n\n\n\n<p>Sebasti\u00e1n Fruchart, representante del CFI, indic\u00f3: \u201cAgroactiva es una muestra sumamente importante, por lo que desarrollar estas rondas les permitir\u00e1 a las empresas argentinas, y en particular santafesinas, mostrar todo su potencial\u201d.<\/p>\n\n\n\n<p>La actividad cont\u00f3 con la presencia del secretario de Comercio Exterior, Germ\u00e1n Burcher y la subsecretaria de Comercio Exterior y Nuevas Tecnolog\u00edas, Evelin Olivero. Tambi\u00e9n, participaron representantes de instituciones afines, Diego G\u00f3mez por parte del CFI; Natalia Berti de la Agencia Argentina de Inversiones y Comercio Internacional; Alejandro Saavedra, del INTA; y por parte de la Asociaci\u00f3n Argentina de Productores en Siembra Directa (Aapresid), su presidente, David Roggero, y la colaboradora Mailen Salusio.<\/p>\n\n\n\n<p><strong>L\u00cdNEA DE FINANCIAMIENTO<\/strong><\/p>\n\n\n\n<p>El Gobierno de Santa Fe, en conjunto con el Nuevo Banco de Santa Fe y la Asociaci\u00f3n Santafesina de Industriales de M\u00e1quinas Agr\u00edcolas y Sectores Afines (Asima), presentaron en Agroactiva una l\u00ednea de financiamiento destinada a micro y peque\u00f1as empresas con un cupo total de 5 mil millones de pesos. Estos cr\u00e9ditos est\u00e1n orientados a financiar la compra de maquinaria e implementos agr\u00edcolas durante la feria con un plazo irregular de 48 a 52 meses y una tasa de inter\u00e9s final del 59 por ciento.&nbsp;<\/p>\n\n\n\n<p>Sobre la misma, Costamagna destac\u00f3: \u201cEsta herramienta es posible gracias al esfuerzo tanto de los fabricantes de implementos agr\u00edcolas, como del Nuevo Banco de Santa Fe. La posibilidad que nos da Agroactiva de presentar estos cr\u00e9ditos en el marco de la feria nos permite consolidar una acompa\u00f1amiento que venimos haciendo estos a\u00f1os a un sector estrat\u00e9gico para la provincia de Santa Fe\u201d.<\/p>\n\n\n\n<p>Por su parte, la presidenta de Agroactiva, Rosana Nardi, declar\u00f3: \u201cEstas l\u00edneas de financiaci\u00f3n son muy convenientes para el sector agropecuario. Somos una empresa de servicio y nuestro principal objetivo es servir a nuestra comunidad; sabemos que todo este despliegue que hay hoy en Agroactiva no se hubiera podido realizar de no haber contado con estas herramientas financieras\u201d.<\/p>\n\n\n\n<p>El presidente de Asima, Mirko D\u2019Ascanio, manifest\u00f3 que \u201ccontar con una herramienta de financiaci\u00f3n de estas caracter\u00edsticas, es sin dudas algo que va a alentar a una mayor productividad econ\u00f3mica de los productores agropecuarios que han visto afectada su producci\u00f3n\u201d.<\/p>\n\n\n\n<p>El gerente general del Nuevo Banco de Santa Fe, Luis N\u00fa\u00f1ez, indic\u00f3: \u201cHay que apoyar a los productores porque son el coraz\u00f3n de nuestro sistema productivo. Esto es una muestra m\u00e1s del trabajo conjunto que estamos llevando adelante entre los fabricantes, el Gobierno y nosotros como agente financiero para salir adelante juntos, acompa\u00f1ando al productor en el presente y tambi\u00e9n a futuro\u201d.<\/p>\n\n\n\n<p><strong>PRESENTACI\u00d3N CONCURSO AGTECH<\/strong><\/p>\n\n\n\n<p>Por \u00faltimo, la Secretar\u00eda de Ciencia, Tecnolog\u00eda e Innovaci\u00f3n lanz\u00f3 la Semana Agtech 2023, un encuentro internacional para posicionar a la provincia de Santa Fe como referente mundial en agrotecnolog\u00eda.&nbsp;<\/p>\n\n\n\n<p>Durante la jornada, dicha cartera llev\u00f3 adelante un MeetUp Agrifintech, donde startups del mundo Agrifintech presentaron sus soluciones, con el objetivo de vincularse con potenciales usuarios, socios estrat\u00e9gicos y\/o inversores.<\/p>\n\n\n\n<p>Adem\u00e1s, se realiz\u00f3 un Concurso Agtech para startups en el marco del proyecto de cooperaci\u00f3n bilateral Di\u00e1logo Argentino-Alem\u00e1n sobre Innovaciones Agropecuarias Sustentables. Esta actividad cont\u00f3 con el apoyo de la C\u00e1mara de Industria y Comercio Argentino-Alemana (AHK Argentina) y la asistencia financiera del Ministerio Alem\u00e1n de Alimentaci\u00f3n y Agricultura.<\/p>\n","protected":false},"excerpt":{"rendered":"<p>El gobernador recorri\u00f3 en Armstrong, la edici\u00f3n 2023 de la muestra del agro, y particip\u00f3 de la firma de un convenio entre las empresas Crucianelli y Piccin (Brasil). El gobernador de la provincia, Omar Perotti, visit\u00f3 este mi\u00e9rcoles la muestra agr\u00edcola Agroactiva 2023, que se desarrolla hasta el 10 de junio en Armstrong. En ese <a href=\"https:\/\/armstrongyregion.com.ar\/diario\/perotti-en-agroactiva-la-maquinaria-agricola-es-tradicion-empleo-y-conocimiento\/\" title=\"Read more\" >&#8230;<\/a><\/p>\n","protected":false},"author":1,"featured_media":38893,"comment_status":"open","ping_status":"open","sticky":false,"template":"","format":"image","meta":{"_jetpack_memberships_contains_paid_content":false,"footnotes":"","jetpack_publicize_message":"","jetpack_publicize_feature_enabled":true,"jetpack_social_post_already_shared":true,"jetpack_social_options":{"image_generator_settings":{"template":"highway","default_image_id":0,"enabled":false},"version":2}},"categories":[6,8,1,2,7,3],"tags":[1311,8750,3540,15,139,31,1310,1409,3108,13],"class_list":["post-38891","post","type-post","status-publish","format-image","has-post-thumbnail","hentry","category-cultura-entretenimiento","category-deliberando","category-diario-armstrong","category-locales","category-politica","category-region","tag-agricola","tag-agroactiva-2","tag-empleo","tag-en","tag-es","tag-la","tag-maquinaria","tag-perotti","tag-tradicion","tag-y","post_format-post-format-image"],"jetpack_publicize_connections":[],"jetpack_featured_media_url":"https:\/\/armstrongyregion.com.ar\/diario\/wp-content\/uploads\/2023\/06\/flia.crucianelli-agroact-23.jpg","jetpack_shortlink":"https:\/\/wp.me\/p62QDO-a7h","jetpack_sharing_enabled":true,"amp_enabled":true,"_links":{"self":[{"href":"https:\/\/armstrongyregion.com.ar\/diario\/wp-json\/wp\/v2\/posts\/38891","targetHints":{"allow":["GET"]}}],"collection":[{"href":"https:\/\/armstrongyregion.com.ar\/diario\/wp-json\/wp\/v2\/posts"}],"about":[{"href":"https:\/\/armstrongyregion.com.ar\/diario\/wp-json\/wp\/v2\/types\/post"}],"author":[{"embeddable":true,"href":"https:\/\/armstrongyregion.com.ar\/diario\/wp-json\/wp\/v2\/users\/1"}],"replies":[{"embeddable":true,"href":"https:\/\/armstrongyregion.com.ar\/diario\/wp-json\/wp\/v2\/comments?post=38891"}],"version-history":[{"count":2,"href":"https:\/\/armstrongyregion.com.ar\/diario\/wp-json\/wp\/v2\/posts\/38891\/revisions"}],"predecessor-version":[{"id":38897,"href":"https:\/\/armstrongyregion.com.ar\/diario\/wp-json\/wp\/v2\/posts\/38891\/revisions\/38897"}],"wp:featuredmedia":[{"embeddable":true,"href":"https:\/\/armstrongyregion.com.ar\/diario\/wp-json\/wp\/v2\/media\/38893"}],"wp:attachment":[{"href":"https:\/\/armstrongyregion.com.ar\/diario\/wp-json\/wp\/v2\/media?parent=38891"}],"wp:term":[{"taxonomy":"category","embeddable":true,"href":"https:\/\/armstrongyregion.com.ar\/diario\/wp-json\/wp\/v2\/categories?post=38891"},{"taxonomy":"post_tag","embeddable":true,"href":"https:\/\/armstrongyregion.com.ar\/diario\/wp-json\/wp\/v2\/tags?post=38891"}],"curies":[{"name":"wp","href":"https:\/\/api.w.org\/{rel}","templated":true}]}}