{"id":38884,"date":"2023-06-07T17:09:43","date_gmt":"2023-06-07T17:09:43","guid":{"rendered":"https:\/\/armstrongyregion.com.ar\/diario\/?p=38884"},"modified":"2023-06-07T17:09:46","modified_gmt":"2023-06-07T17:09:46","slug":"canada-de-gomez-estudiantes-del-nivel-secundario-participaron-de-charlas-sobre-bullying-y-acoso-escolar","status":"publish","type":"post","link":"https:\/\/armstrongyregion.com.ar\/diario\/canada-de-gomez-estudiantes-del-nivel-secundario-participaron-de-charlas-sobre-bullying-y-acoso-escolar\/","title":{"rendered":"Ca\u00f1ada de G\u00f3mez : Estudiantes del nivel secundario participaron de charlas sobre Bullying y acoso escolar."},"content":{"rendered":"\n<p><\/p>\n\n\n\n<p><\/p>\n\n\n\n<figure class=\"wp-block-image size-full\"><a href=\"http:\/\/armstrongyregion.com.ar\/diario\/wp-content\/uploads\/2023\/06\/BULLYNG.jpg\"><img loading=\"lazy\" decoding=\"async\" width=\"400\" height=\"300\" src=\"http:\/\/armstrongyregion.com.ar\/diario\/wp-content\/uploads\/2023\/06\/BULLYNG.jpg\" alt=\"\" class=\"wp-image-38885\" srcset=\"https:\/\/armstrongyregion.com.ar\/diario\/wp-content\/uploads\/2023\/06\/BULLYNG.jpg 400w, https:\/\/armstrongyregion.com.ar\/diario\/wp-content\/uploads\/2023\/06\/BULLYNG-300x225.jpg 300w\" sizes=\"auto, (max-width: 400px) 100vw, 400px\" \/><\/a><\/figure>\n\n\n\n<p>Por iniciativa de los Centros de Estudiantes de las escuelas secundarias, se realizaron ayer en Centro de la Juventud y Colegio Florentino Ameghino, dos charlas sobre bullying, grooming y acoso escolar, dirigidas a alumnos de primer a\u00f1o.<\/p>\n\n\n\n<p>Las jornadas fueron dictadas por profesionales convocados por el Municipio y el Hospital San Jos\u00e9, como parte del trabajo en conjunto en diferentes campa\u00f1as de prevenci\u00f3n y de abordaje de problem\u00e1ticas de salud. La apertura estuvo a cargo de la intendenta Stella Cl\u00e9rici junto al presidente del Concejo, Marcelo Casalegno, el coordinador de Juventudes, Gaspar Provera, y el director del Hospital San Jos\u00e9, Dr. Gonzalo Rodr\u00edguez.<\/p>\n\n\n\n<p>\u201cEs un tema muy importante que nos atraviesa a todos, y es sumamente necesario abordarlo\u201d, expres\u00f3 Rodr\u00edguez. En tanto, Cl\u00e9rici subray\u00f3, \u201cquiero agradecer a directivos, centros de estudiantes, a todos los que se comprometieron. Muy interesante que surja de los alumnos esta jornada, necesitamos ser felices y ver felices a nuestros amigos y compa\u00f1eros\u201d, y finalmente Casalegno agreg\u00f3: \u201cSon problem\u00e1ticas que hay que poner sobre la mesa y debemos aprender de los profesionales\u201d.<\/p>\n","protected":false},"excerpt":{"rendered":"<p>Por iniciativa de los Centros de Estudiantes de las escuelas secundarias, se realizaron ayer en Centro de la Juventud y Colegio Florentino Ameghino, dos charlas sobre bullying, grooming y acoso escolar, dirigidas a alumnos de primer a\u00f1o. Las jornadas fueron dictadas por profesionales convocados por el Municipio y el Hospital San Jos\u00e9, como parte del <a href=\"https:\/\/armstrongyregion.com.ar\/diario\/canada-de-gomez-estudiantes-del-nivel-secundario-participaron-de-charlas-sobre-bullying-y-acoso-escolar\/\" title=\"Read more\" >&#8230;<\/a><\/p>\n","protected":false},"author":1,"featured_media":38885,"comment_status":"open","ping_status":"open","sticky":false,"template":"","format":"image","meta":{"_jetpack_memberships_contains_paid_content":false,"footnotes":"","jetpack_publicize_message":"","jetpack_publicize_feature_enabled":true,"jetpack_social_post_already_shared":true,"jetpack_social_options":{"image_generator_settings":{"template":"highway","default_image_id":0,"enabled":false},"version":2}},"categories":[6,8,1,7,4,3],"tags":[9435,8527,420,3806],"class_list":["post-38884","post","type-post","status-publish","format-image","has-post-thumbnail","hentry","category-cultura-entretenimiento","category-deliberando","category-diario-armstrong","category-politica","category-prevencion-salud","category-region","tag-acoso-escolar","tag-bullying","tag-canada-de-gomez","tag-charlas","post_format-post-format-image"],"jetpack_publicize_connections":[],"jetpack_featured_media_url":"https:\/\/armstrongyregion.com.ar\/diario\/wp-content\/uploads\/2023\/06\/BULLYNG.jpg","jetpack_shortlink":"https:\/\/wp.me\/p62QDO-a7a","jetpack_sharing_enabled":true,"amp_enabled":true,"_links":{"self":[{"href":"https:\/\/armstrongyregion.com.ar\/diario\/wp-json\/wp\/v2\/posts\/38884","targetHints":{"allow":["GET"]}}],"collection":[{"href":"https:\/\/armstrongyregion.com.ar\/diario\/wp-json\/wp\/v2\/posts"}],"about":[{"href":"https:\/\/armstrongyregion.com.ar\/diario\/wp-json\/wp\/v2\/types\/post"}],"author":[{"embeddable":true,"href":"https:\/\/armstrongyregion.com.ar\/diario\/wp-json\/wp\/v2\/users\/1"}],"replies":[{"embeddable":true,"href":"https:\/\/armstrongyregion.com.ar\/diario\/wp-json\/wp\/v2\/comments?post=38884"}],"version-history":[{"count":1,"href":"https:\/\/armstrongyregion.com.ar\/diario\/wp-json\/wp\/v2\/posts\/38884\/revisions"}],"predecessor-version":[{"id":38886,"href":"https:\/\/armstrongyregion.com.ar\/diario\/wp-json\/wp\/v2\/posts\/38884\/revisions\/38886"}],"wp:featuredmedia":[{"embeddable":true,"href":"https:\/\/armstrongyregion.com.ar\/diario\/wp-json\/wp\/v2\/media\/38885"}],"wp:attachment":[{"href":"https:\/\/armstrongyregion.com.ar\/diario\/wp-json\/wp\/v2\/media?parent=38884"}],"wp:term":[{"taxonomy":"category","embeddable":true,"href":"https:\/\/armstrongyregion.com.ar\/diario\/wp-json\/wp\/v2\/categories?post=38884"},{"taxonomy":"post_tag","embeddable":true,"href":"https:\/\/armstrongyregion.com.ar\/diario\/wp-json\/wp\/v2\/tags?post=38884"}],"curies":[{"name":"wp","href":"https:\/\/api.w.org\/{rel}","templated":true}]}}