{"id":38881,"date":"2023-06-07T15:42:00","date_gmt":"2023-06-07T15:42:00","guid":{"rendered":"https:\/\/armstrongyregion.com.ar\/diario\/?p=38881"},"modified":"2023-06-07T15:42:03","modified_gmt":"2023-06-07T15:42:03","slug":"comenzo-la-capacitacion-en-lenguaje-de-senas-impulsada-por-el-senador-rasetto","status":"publish","type":"post","link":"https:\/\/armstrongyregion.com.ar\/diario\/comenzo-la-capacitacion-en-lenguaje-de-senas-impulsada-por-el-senador-rasetto\/","title":{"rendered":"Comenz\u00f3 la capacitaci\u00f3n en Lenguaje de Se\u00f1as impulsada por el senador Rasetto."},"content":{"rendered":"\n<figure class=\"wp-block-image size-full\"><a href=\"http:\/\/armstrongyregion.com.ar\/diario\/wp-content\/uploads\/2023\/06\/Lengua-de-Senas-1.jpg\"><img loading=\"lazy\" decoding=\"async\" width=\"400\" height=\"268\" src=\"http:\/\/armstrongyregion.com.ar\/diario\/wp-content\/uploads\/2023\/06\/Lengua-de-Senas-1.jpg\" alt=\"\" class=\"wp-image-38882\" srcset=\"https:\/\/armstrongyregion.com.ar\/diario\/wp-content\/uploads\/2023\/06\/Lengua-de-Senas-1.jpg 400w, https:\/\/armstrongyregion.com.ar\/diario\/wp-content\/uploads\/2023\/06\/Lengua-de-Senas-1-300x201.jpg 300w\" sizes=\"auto, (max-width: 400px) 100vw, 400px\" \/><\/a><\/figure>\n\n\n\n<p>Con el objetivo de promover la inclusi\u00f3n y la comunicaci\u00f3n de las personas sordas e<br>hipoac\u00fasicas en el departamento Iriondo, se inici\u00f3 este martes una capacitaci\u00f3n en<br>Lenguaje de Se\u00f1as en la Casa del Senado de Ca\u00f1ada de G\u00f3mez. La misma fue impulsada<br>por el senador Hugo Jes\u00fas Rasetto, quien estuvo presente en el acto de apertura para dar la<br>bienvenida junto a Gast\u00f3n Scarola.<br>El senador Rasetto expres\u00f3 su satisfacci\u00f3n por el inicio de esta actividad, que consider\u00f3<br>\u201cuna oportunidad para aprender una herramienta que nos permita promover la inclusi\u00f3n y la<br>comunicaci\u00f3n de las personas sordas e hipoac\u00fasicas en nuestra comunidad\u201d. Asimismo,<br>destac\u00f3 el compromiso y la participaci\u00f3n de los asistentes, provenientes de distintos<br>\u00e1mbitos de la sociedad.<br>La capacitaci\u00f3n se extender\u00e1 por seis meses y tendr\u00e1 una modalidad te\u00f3rico-pr\u00e1ctica. Al<br>finalizar, los participantes recibir\u00e1n un certificado que acreditar\u00e1 sus conocimientos en<br>Lenguaje de Se\u00f1as.<\/p>\n","protected":false},"excerpt":{"rendered":"<p>Con el objetivo de promover la inclusi\u00f3n y la comunicaci\u00f3n de las personas sordas ehipoac\u00fasicas en el departamento Iriondo, se inici\u00f3 este martes una capacitaci\u00f3n enLenguaje de Se\u00f1as en la Casa del Senado de Ca\u00f1ada de G\u00f3mez. La misma fue impulsadapor el senador Hugo Jes\u00fas Rasetto, quien estuvo presente en el acto de apertura para <a href=\"https:\/\/armstrongyregion.com.ar\/diario\/comenzo-la-capacitacion-en-lenguaje-de-senas-impulsada-por-el-senador-rasetto\/\" title=\"Read more\" >&#8230;<\/a><\/p>\n","protected":false},"author":1,"featured_media":38882,"comment_status":"open","ping_status":"open","sticky":false,"template":"","format":"image","meta":{"_jetpack_memberships_contains_paid_content":false,"footnotes":"","jetpack_publicize_message":"","jetpack_publicize_feature_enabled":true,"jetpack_social_post_already_shared":true,"jetpack_social_options":{"image_generator_settings":{"template":"highway","default_image_id":0,"enabled":false},"version":2}},"categories":[8,1,2,7,3],"tags":[9434,19,9433,1624,60,977,1625],"class_list":["post-38881","post","type-post","status-publish","format-image","has-post-thumbnail","hentry","category-deliberando","category-diario-armstrong","category-locales","category-politica","category-region","tag-capacitacion-2","tag-de","tag-impulsada","tag-lengua","tag-por","tag-rasetto","tag-senas","post_format-post-format-image"],"jetpack_publicize_connections":[],"jetpack_featured_media_url":"https:\/\/armstrongyregion.com.ar\/diario\/wp-content\/uploads\/2023\/06\/Lengua-de-Senas-1.jpg","jetpack_shortlink":"https:\/\/wp.me\/p62QDO-a77","jetpack_sharing_enabled":true,"amp_enabled":true,"_links":{"self":[{"href":"https:\/\/armstrongyregion.com.ar\/diario\/wp-json\/wp\/v2\/posts\/38881","targetHints":{"allow":["GET"]}}],"collection":[{"href":"https:\/\/armstrongyregion.com.ar\/diario\/wp-json\/wp\/v2\/posts"}],"about":[{"href":"https:\/\/armstrongyregion.com.ar\/diario\/wp-json\/wp\/v2\/types\/post"}],"author":[{"embeddable":true,"href":"https:\/\/armstrongyregion.com.ar\/diario\/wp-json\/wp\/v2\/users\/1"}],"replies":[{"embeddable":true,"href":"https:\/\/armstrongyregion.com.ar\/diario\/wp-json\/wp\/v2\/comments?post=38881"}],"version-history":[{"count":1,"href":"https:\/\/armstrongyregion.com.ar\/diario\/wp-json\/wp\/v2\/posts\/38881\/revisions"}],"predecessor-version":[{"id":38883,"href":"https:\/\/armstrongyregion.com.ar\/diario\/wp-json\/wp\/v2\/posts\/38881\/revisions\/38883"}],"wp:featuredmedia":[{"embeddable":true,"href":"https:\/\/armstrongyregion.com.ar\/diario\/wp-json\/wp\/v2\/media\/38882"}],"wp:attachment":[{"href":"https:\/\/armstrongyregion.com.ar\/diario\/wp-json\/wp\/v2\/media?parent=38881"}],"wp:term":[{"taxonomy":"category","embeddable":true,"href":"https:\/\/armstrongyregion.com.ar\/diario\/wp-json\/wp\/v2\/categories?post=38881"},{"taxonomy":"post_tag","embeddable":true,"href":"https:\/\/armstrongyregion.com.ar\/diario\/wp-json\/wp\/v2\/tags?post=38881"}],"curies":[{"name":"wp","href":"https:\/\/api.w.org\/{rel}","templated":true}]}}