{"id":38878,"date":"2023-06-07T01:59:59","date_gmt":"2023-06-07T01:59:59","guid":{"rendered":"https:\/\/armstrongyregion.com.ar\/diario\/?p=38878"},"modified":"2023-06-07T02:00:07","modified_gmt":"2023-06-07T02:00:07","slug":"la-provincia-vinculara-la-industria-audiovisual-con-la-agroindustria-en-agroactiva-2023","status":"publish","type":"post","link":"https:\/\/armstrongyregion.com.ar\/diario\/la-provincia-vinculara-la-industria-audiovisual-con-la-agroindustria-en-agroactiva-2023\/","title":{"rendered":"La provincia vincular\u00e1 la industria audiovisual con la agroindustria en Agroactiva 2023."},"content":{"rendered":"\n<figure class=\"wp-block-image size-full\"><a href=\"http:\/\/armstrongyregion.com.ar\/diario\/wp-content\/uploads\/2023\/06\/agoactiva-23-.jpg\"><img loading=\"lazy\" decoding=\"async\" width=\"480\" height=\"320\" src=\"http:\/\/armstrongyregion.com.ar\/diario\/wp-content\/uploads\/2023\/06\/agoactiva-23-.jpg\" alt=\"\" class=\"wp-image-38879\" srcset=\"https:\/\/armstrongyregion.com.ar\/diario\/wp-content\/uploads\/2023\/06\/agoactiva-23-.jpg 480w, https:\/\/armstrongyregion.com.ar\/diario\/wp-content\/uploads\/2023\/06\/agoactiva-23--300x200.jpg 300w\" sizes=\"auto, (max-width: 480px) 100vw, 480px\" \/><\/a><\/figure>\n\n\n\n<h2 class=\"wp-block-heading\">Se brindar\u00e1 una charla especial este viernes, a las 12:00, en el Sal\u00f3n Auditorio del stand de Santa Fe, con entrada gratuita.<\/h2>\n\n\n\n<p>En el marco de la participaci\u00f3n del gobierno provincial en la megamuestra Agroactiva 2023, a trav\u00e9s del programa Santa Fe Expone, los ministerios de Cultura, y Producci\u00f3n, Ciencia y Tecnolog\u00eda; la Secretar\u00eda de Turismo; y la Comisi\u00f3n de Filmaciones de Santa Fe brindar\u00e1n la charla especial \u201cVinculaci\u00f3n entre la industria audiovisual y la agroindustria\u201d, este viernes desde las 12 horas en el Sal\u00f3n Auditorio del stand de la provincia de Santa Fe, con entrada gratuita.<\/p>\n\n\n\n<p>El objetivo de esta charla es posibilitar espacios de sinergia entre los profesionales audiovisuales y las empresas agroindustriales que asistan a Agroactiva 2023. Tanto los profesionales, como las casas productoras, pueden prestar servicios para el desarrollo de producciones cinematogr\u00e1ficas o campa\u00f1as publicitarias; mientras que las empresas agroindustriales pueden ofrecer sus escenarios naturales o espacios institucionales como locaciones; o tambi\u00e9n brindar servicios de log\u00edstica para rodajes.<\/p>\n\n\n\n<p>Esta articulaci\u00f3n p\u00fablico-privada es la labor diaria de la Comisi\u00f3n de Filmaciones, que funciona como un centro de operaciones, facilitando a productores audiovisuales nacionales e internacionales toda la informaci\u00f3n necesaria para la realizaci\u00f3n de rodajes en el territorio provincial. A su vez, a trav\u00e9s de su web, da a conocer un directorio de profesionales, servicios y empresas de la industria audiovisual de la provincia de Santa Fe.<\/p>\n\n\n\n<p>La producci\u00f3n de una pieza audiovisual significa mucho m\u00e1s que reactivar el trabajo de la industria audiovisual, ya que impacta econ\u00f3micamente en el turismo, la hoteler\u00eda y el circuito gastron\u00f3mico. En consecuencia, aumenta el empleo en las empresas auxiliares implicadas: carpinteros, decoradores, iluminadores, actores, maquilladores, catering, turismo rural y productos regionales.<\/p>\n","protected":false},"excerpt":{"rendered":"<p>Se brindar\u00e1 una charla especial este viernes, a las 12:00, en el Sal\u00f3n Auditorio del stand de Santa Fe, con entrada gratuita. En el marco de la participaci\u00f3n del gobierno provincial en la megamuestra Agroactiva 2023, a trav\u00e9s del programa Santa Fe Expone, los ministerios de Cultura, y Producci\u00f3n, Ciencia y Tecnolog\u00eda; la Secretar\u00eda de <a href=\"https:\/\/armstrongyregion.com.ar\/diario\/la-provincia-vinculara-la-industria-audiovisual-con-la-agroindustria-en-agroactiva-2023\/\" title=\"Read more\" >&#8230;<\/a><\/p>\n","protected":false},"author":1,"featured_media":38879,"comment_status":"open","ping_status":"open","sticky":false,"template":"","format":"image","meta":{"_jetpack_memberships_contains_paid_content":false,"footnotes":"","jetpack_publicize_message":"","jetpack_publicize_feature_enabled":true,"jetpack_social_post_already_shared":true,"jetpack_social_options":{"image_generator_settings":{"template":"highway","default_image_id":0,"enabled":false},"version":2}},"categories":[6,8,1,2,7,3],"tags":[9419,2633,9432,100,15,1603,31,8640,9431],"class_list":["post-38878","post","type-post","status-publish","format-image","has-post-thumbnail","hentry","category-cultura-entretenimiento","category-deliberando","category-diario-armstrong","category-locales","category-politica","category-region","tag-agroactiva-2023","tag-agroindustria","tag-audiovisual-2","tag-con","tag-en","tag-industria","tag-la","tag-provincia-2","tag-vinculara","post_format-post-format-image"],"jetpack_publicize_connections":[],"jetpack_featured_media_url":"https:\/\/armstrongyregion.com.ar\/diario\/wp-content\/uploads\/2023\/06\/agoactiva-23-.jpg","jetpack_shortlink":"https:\/\/wp.me\/p62QDO-a74","jetpack_sharing_enabled":true,"amp_enabled":true,"_links":{"self":[{"href":"https:\/\/armstrongyregion.com.ar\/diario\/wp-json\/wp\/v2\/posts\/38878","targetHints":{"allow":["GET"]}}],"collection":[{"href":"https:\/\/armstrongyregion.com.ar\/diario\/wp-json\/wp\/v2\/posts"}],"about":[{"href":"https:\/\/armstrongyregion.com.ar\/diario\/wp-json\/wp\/v2\/types\/post"}],"author":[{"embeddable":true,"href":"https:\/\/armstrongyregion.com.ar\/diario\/wp-json\/wp\/v2\/users\/1"}],"replies":[{"embeddable":true,"href":"https:\/\/armstrongyregion.com.ar\/diario\/wp-json\/wp\/v2\/comments?post=38878"}],"version-history":[{"count":1,"href":"https:\/\/armstrongyregion.com.ar\/diario\/wp-json\/wp\/v2\/posts\/38878\/revisions"}],"predecessor-version":[{"id":38880,"href":"https:\/\/armstrongyregion.com.ar\/diario\/wp-json\/wp\/v2\/posts\/38878\/revisions\/38880"}],"wp:featuredmedia":[{"embeddable":true,"href":"https:\/\/armstrongyregion.com.ar\/diario\/wp-json\/wp\/v2\/media\/38879"}],"wp:attachment":[{"href":"https:\/\/armstrongyregion.com.ar\/diario\/wp-json\/wp\/v2\/media?parent=38878"}],"wp:term":[{"taxonomy":"category","embeddable":true,"href":"https:\/\/armstrongyregion.com.ar\/diario\/wp-json\/wp\/v2\/categories?post=38878"},{"taxonomy":"post_tag","embeddable":true,"href":"https:\/\/armstrongyregion.com.ar\/diario\/wp-json\/wp\/v2\/tags?post=38878"}],"curies":[{"name":"wp","href":"https:\/\/api.w.org\/{rel}","templated":true}]}}