{"id":38874,"date":"2023-06-07T01:49:42","date_gmt":"2023-06-07T01:49:42","guid":{"rendered":"https:\/\/armstrongyregion.com.ar\/diario\/?p=38874"},"modified":"2023-06-07T01:49:45","modified_gmt":"2023-06-07T01:49:45","slug":"carpa-institucional-en-agro-activa-2023","status":"publish","type":"post","link":"https:\/\/armstrongyregion.com.ar\/diario\/carpa-institucional-en-agro-activa-2023\/","title":{"rendered":"Carpa institucional en Agro Activa 2023."},"content":{"rendered":"\n<figure class=\"wp-block-image size-full\"><a href=\"http:\/\/armstrongyregion.com.ar\/diario\/wp-content\/uploads\/2023\/06\/agroactiva-6-6-23-.jpg\"><img loading=\"lazy\" decoding=\"async\" width=\"540\" height=\"540\" src=\"http:\/\/armstrongyregion.com.ar\/diario\/wp-content\/uploads\/2023\/06\/agroactiva-6-6-23-.jpg\" alt=\"\" class=\"wp-image-38875\" srcset=\"https:\/\/armstrongyregion.com.ar\/diario\/wp-content\/uploads\/2023\/06\/agroactiva-6-6-23-.jpg 540w, https:\/\/armstrongyregion.com.ar\/diario\/wp-content\/uploads\/2023\/06\/agroactiva-6-6-23--300x300.jpg 300w, https:\/\/armstrongyregion.com.ar\/diario\/wp-content\/uploads\/2023\/06\/agroactiva-6-6-23--150x150.jpg 150w\" sizes=\"auto, (max-width: 540px) 100vw, 540px\" \/><\/a><\/figure>\n\n\n\n<p>El pr\u00f3ximo mi\u00e9rcoles 7 de junio a las 10:30 hs. ser\u00e1 la habilitaci\u00f3n oficial de la carpa institucional de la Municipalidad de Armstrong en el marco de una nueva edici\u00f3n de la mega muestra AgroActiva 2023, nuevamente en nuestra localidad.<\/p>\n\n\n\n<figure class=\"wp-block-image size-full\"><a href=\"http:\/\/armstrongyregion.com.ar\/diario\/wp-content\/uploads\/2023\/06\/agroactiva-6-6-23-b.jpg\"><img loading=\"lazy\" decoding=\"async\" width=\"360\" height=\"800\" src=\"http:\/\/armstrongyregion.com.ar\/diario\/wp-content\/uploads\/2023\/06\/agroactiva-6-6-23-b.jpg\" alt=\"\" class=\"wp-image-38876\" srcset=\"https:\/\/armstrongyregion.com.ar\/diario\/wp-content\/uploads\/2023\/06\/agroactiva-6-6-23-b.jpg 360w, https:\/\/armstrongyregion.com.ar\/diario\/wp-content\/uploads\/2023\/06\/agroactiva-6-6-23-b-135x300.jpg 135w\" sizes=\"auto, (max-width: 360px) 100vw, 360px\" \/><\/a><\/figure>\n\n\n\n<p>Este espacio tiene que ver con la identidad, la pertinencia y el desarrollo de lo que ocurre en la ciudad, por fuera de lo relacionado a la maquinaria agr\u00edcola que ya tiene su lugar establecido.<\/p>\n\n\n\n<p>Estar\u00e1 ubicada en el lote 116 A, rodeada por Calle de la Cultura, Calle de la Siembra, Calle Armstrong y Calle de las provincias argentinas. El p\u00fablico se encontrar\u00e1 con el comercio, emprendedores de Sabores y Colores Locales e instituciones armstronenses.<\/p>\n\n\n\n<p>Habr\u00e1 un espacio destinado a la UTN invitando a conocer los proyectos a llevar a cabo, otro espacio de arte denominado \u201cSabor a infancia\u201d destinado a los ni\u00f1os donde podr\u00e1n dibujar y escuchar cuentos, Cable Imagen Armstrong, venta del libro \u201cPorotito\u201d de la escritora local Mercedes Nardi, producto de las actividades culturales que se realizan en la Municipalidad de Armstrong, Creaciones Alma, FayFer, Lore Aimeri Creaciones, e Indecort.<\/p>\n\n\n\n<p>Tambi\u00e9n estar\u00e1 el C.T. El Tropero con una pulper\u00eda y venta de torta asada, Embutidos Turd\u00f3, Cuchiller\u00eda La Estrella, Caf\u00e9 Pr\u00edncipe, Craciones Malvina Sisnero, Cubanitos rellenos y pastelitos, y La Cocina de Su con alimentos libres de gluten.<\/p>\n\n\n\n<p>Instituciones locales est\u00e1n invitadas tambi\u00e9n a mostrar sus danzas y su m\u00fasica con el siguiente cronograma:<\/p>\n\n\n\n<ul class=\"wp-block-list\">\n<li>Mi\u00e9rcoles 7: 11 hs. Gustavo Borgatello en el stand del C.T. El Tropero<\/li>\n\n\n\n<li>Jueves 8: 13:30 hs. Folclore de Adultos del C.T. El Tropero<\/li>\n\n\n\n<li>Viernes 9: Fernando Izaguirre en el stand del C.T. El Tropero<\/li>\n\n\n\n<li>S\u00e1bado 10: 10 hs. Grupo local Cruz del Sur; 11 hs. Ensamble de Vientos del Conservatorio Municipal; 13 hs. Coro de Adultos y Coro de Ni\u00f1os; 13:30 hs. Ensamble Folcl\u00f3rico y Ballet Juvenil del C.T. El Tropero; 14 hs. Grupo de danzas de ni\u00f1os de Bemba Color\u00e1; 15:30 hs. Q\u00b4Man\u00eda<\/li>\n<\/ul>\n\n\n\n<p>En el exterior de la carpa, en vivo, estar\u00e1 trabajando el reconocido artista pl\u00e1stico Fabi\u00e1n Rucco creando una escultura en madera, emprendedores de implementos peque\u00f1os Fiol, elementos de jardiner\u00eda de Nico Lagassa, la empresa del Sr. Rodr\u00edguez, y se contar\u00e1 con paneles solares como una muestra, siendo Armstrong una pionera en energ\u00eda solar.<\/p>\n\n\n\n<p>Municipalidad de Armstrong ha coordinado y puesto a disposici\u00f3n un transporte gratuito para 7\u00b0 grado del nivel primario, y nivel secundario, con los cursos que designe cada una de las escuelas, para que puedan visitar la exposici\u00f3n.<\/p>\n","protected":false},"excerpt":{"rendered":"<p>El pr\u00f3ximo mi\u00e9rcoles 7 de junio a las 10:30 hs. ser\u00e1 la habilitaci\u00f3n oficial de la carpa institucional de la Municipalidad de Armstrong en el marco de una nueva edici\u00f3n de la mega muestra AgroActiva 2023, nuevamente en nuestra localidad. Este espacio tiene que ver con la identidad, la pertinencia y el desarrollo de lo <a href=\"https:\/\/armstrongyregion.com.ar\/diario\/carpa-institucional-en-agro-activa-2023\/\" title=\"Read more\" >&#8230;<\/a><\/p>\n","protected":false},"author":1,"featured_media":38875,"comment_status":"open","ping_status":"open","sticky":false,"template":"","format":"image","meta":{"_jetpack_memberships_contains_paid_content":false,"footnotes":"","jetpack_publicize_message":"","jetpack_publicize_feature_enabled":true,"jetpack_social_post_already_shared":true,"jetpack_social_options":{"image_generator_settings":{"template":"highway","default_image_id":0,"enabled":false},"version":2}},"categories":[6,8,1,2,7,3],"tags":[9430,6831,1922],"class_list":["post-38874","post","type-post","status-publish","format-image","has-post-thumbnail","hentry","category-cultura-entretenimiento","category-deliberando","category-diario-armstrong","category-locales","category-politica","category-region","tag-agro-activa2023","tag-carpa","tag-institucional","post_format-post-format-image"],"jetpack_publicize_connections":[],"jetpack_featured_media_url":"https:\/\/armstrongyregion.com.ar\/diario\/wp-content\/uploads\/2023\/06\/agroactiva-6-6-23-.jpg","jetpack_shortlink":"https:\/\/wp.me\/p62QDO-a70","jetpack_sharing_enabled":true,"amp_enabled":true,"_links":{"self":[{"href":"https:\/\/armstrongyregion.com.ar\/diario\/wp-json\/wp\/v2\/posts\/38874","targetHints":{"allow":["GET"]}}],"collection":[{"href":"https:\/\/armstrongyregion.com.ar\/diario\/wp-json\/wp\/v2\/posts"}],"about":[{"href":"https:\/\/armstrongyregion.com.ar\/diario\/wp-json\/wp\/v2\/types\/post"}],"author":[{"embeddable":true,"href":"https:\/\/armstrongyregion.com.ar\/diario\/wp-json\/wp\/v2\/users\/1"}],"replies":[{"embeddable":true,"href":"https:\/\/armstrongyregion.com.ar\/diario\/wp-json\/wp\/v2\/comments?post=38874"}],"version-history":[{"count":1,"href":"https:\/\/armstrongyregion.com.ar\/diario\/wp-json\/wp\/v2\/posts\/38874\/revisions"}],"predecessor-version":[{"id":38877,"href":"https:\/\/armstrongyregion.com.ar\/diario\/wp-json\/wp\/v2\/posts\/38874\/revisions\/38877"}],"wp:featuredmedia":[{"embeddable":true,"href":"https:\/\/armstrongyregion.com.ar\/diario\/wp-json\/wp\/v2\/media\/38875"}],"wp:attachment":[{"href":"https:\/\/armstrongyregion.com.ar\/diario\/wp-json\/wp\/v2\/media?parent=38874"}],"wp:term":[{"taxonomy":"category","embeddable":true,"href":"https:\/\/armstrongyregion.com.ar\/diario\/wp-json\/wp\/v2\/categories?post=38874"},{"taxonomy":"post_tag","embeddable":true,"href":"https:\/\/armstrongyregion.com.ar\/diario\/wp-json\/wp\/v2\/tags?post=38874"}],"curies":[{"name":"wp","href":"https:\/\/api.w.org\/{rel}","templated":true}]}}