{"id":38833,"date":"2023-06-05T14:54:15","date_gmt":"2023-06-05T14:54:15","guid":{"rendered":"https:\/\/armstrongyregion.com.ar\/diario\/?p=38833"},"modified":"2023-06-05T14:54:18","modified_gmt":"2023-06-05T14:54:18","slug":"correa-disfruto-de-una-tarde-de-cultura-iriondo-con-el-senador-rasetto","status":"publish","type":"post","link":"https:\/\/armstrongyregion.com.ar\/diario\/correa-disfruto-de-una-tarde-de-cultura-iriondo-con-el-senador-rasetto\/","title":{"rendered":"Correa disfrut\u00f3 de una tarde de Cultura Iriondo con el senador Rasetto."},"content":{"rendered":"\n<figure class=\"wp-block-image size-full\"><a href=\"http:\/\/armstrongyregion.com.ar\/diario\/wp-content\/uploads\/2023\/06\/CulturaIriondo-Correa.jpg\"><img loading=\"lazy\" decoding=\"async\" width=\"640\" height=\"428\" src=\"http:\/\/armstrongyregion.com.ar\/diario\/wp-content\/uploads\/2023\/06\/CulturaIriondo-Correa.jpg\" alt=\"\" class=\"wp-image-38834\" srcset=\"https:\/\/armstrongyregion.com.ar\/diario\/wp-content\/uploads\/2023\/06\/CulturaIriondo-Correa.jpg 640w, https:\/\/armstrongyregion.com.ar\/diario\/wp-content\/uploads\/2023\/06\/CulturaIriondo-Correa-300x201.jpg 300w\" sizes=\"auto, (max-width: 640px) 100vw, 640px\" \/><\/a><\/figure>\n\n\n\n<p>El Polideportivo Comunal de Correa fue el escenario de la novena edici\u00f3n de Cultura Iriondo, la<br>feria itinerante que recorre el departamento con una variada oferta cultural y gastron\u00f3mica. El<br>evento, organizado por el senador Hugo Rasetto, la Comuna de Correa y su presidente<br>comunal Nahuel Cejas, reuni\u00f3 a feriantes, instituciones y artistas que brindaron sus shows al<br>p\u00fablico presente.<br>\u201cEs una alegr\u00eda poder compartir esta propuesta con los vecinos de Correa y con los artistas que<br>nos acompa\u00f1an en cada encuentro. Quiero felicitar a la Comuna y a todos los que hicieron<br>posible esta jornada\u201d, dijo el senador Rasetto, quien adelant\u00f3 que la pr\u00f3xima cita de Cultura<br>Iriondo ser\u00e1 en Carrizales.<br>Entre los artistas que se presentaron en el escenario se destacaron \u201cTuki\u201d Bragalenti, Vanesa<br>Ledesma, el Ballet Huellas Criollas, Nico Scrinci, Pe\u00f1a El Amanecer, Nestor Lobo, la Compa\u00f1\u00eda<br>Alma Argentina, Soledad D\u00edaz y el Ballet La Paisanada.<\/p>\n","protected":false},"excerpt":{"rendered":"<p>El Polideportivo Comunal de Correa fue el escenario de la novena edici\u00f3n de Cultura Iriondo, laferia itinerante que recorre el departamento con una variada oferta cultural y gastron\u00f3mica. Elevento, organizado por el senador Hugo Rasetto, la Comuna de Correa y su presidentecomunal Nahuel Cejas, reuni\u00f3 a feriantes, instituciones y artistas que brindaron sus shows alp\u00fablico <a href=\"https:\/\/armstrongyregion.com.ar\/diario\/correa-disfruto-de-una-tarde-de-cultura-iriondo-con-el-senador-rasetto\/\" title=\"Read more\" >&#8230;<\/a><\/p>\n","protected":false},"author":1,"featured_media":38834,"comment_status":"open","ping_status":"open","sticky":false,"template":"","format":"image","meta":{"_jetpack_memberships_contains_paid_content":false,"footnotes":"","jetpack_publicize_message":"","jetpack_publicize_feature_enabled":true,"jetpack_social_post_already_shared":true,"jetpack_social_options":{"image_generator_settings":{"template":"highway","default_image_id":0,"enabled":false},"version":2}},"categories":[8,1,7,3],"tags":[100,303,19,9417,1969,8605,977,3808,103],"class_list":["post-38833","post","type-post","status-publish","format-image","has-post-thumbnail","hentry","category-deliberando","category-diario-armstrong","category-politica","category-region","tag-con","tag-correa","tag-de","tag-de-cultura","tag-disfruto","tag-iriondo-2","tag-rasetto","tag-tarde","tag-una","post_format-post-format-image"],"jetpack_publicize_connections":[],"jetpack_featured_media_url":"https:\/\/armstrongyregion.com.ar\/diario\/wp-content\/uploads\/2023\/06\/CulturaIriondo-Correa.jpg","jetpack_shortlink":"https:\/\/wp.me\/p62QDO-a6l","jetpack_sharing_enabled":true,"amp_enabled":true,"_links":{"self":[{"href":"https:\/\/armstrongyregion.com.ar\/diario\/wp-json\/wp\/v2\/posts\/38833","targetHints":{"allow":["GET"]}}],"collection":[{"href":"https:\/\/armstrongyregion.com.ar\/diario\/wp-json\/wp\/v2\/posts"}],"about":[{"href":"https:\/\/armstrongyregion.com.ar\/diario\/wp-json\/wp\/v2\/types\/post"}],"author":[{"embeddable":true,"href":"https:\/\/armstrongyregion.com.ar\/diario\/wp-json\/wp\/v2\/users\/1"}],"replies":[{"embeddable":true,"href":"https:\/\/armstrongyregion.com.ar\/diario\/wp-json\/wp\/v2\/comments?post=38833"}],"version-history":[{"count":1,"href":"https:\/\/armstrongyregion.com.ar\/diario\/wp-json\/wp\/v2\/posts\/38833\/revisions"}],"predecessor-version":[{"id":38835,"href":"https:\/\/armstrongyregion.com.ar\/diario\/wp-json\/wp\/v2\/posts\/38833\/revisions\/38835"}],"wp:featuredmedia":[{"embeddable":true,"href":"https:\/\/armstrongyregion.com.ar\/diario\/wp-json\/wp\/v2\/media\/38834"}],"wp:attachment":[{"href":"https:\/\/armstrongyregion.com.ar\/diario\/wp-json\/wp\/v2\/media?parent=38833"}],"wp:term":[{"taxonomy":"category","embeddable":true,"href":"https:\/\/armstrongyregion.com.ar\/diario\/wp-json\/wp\/v2\/categories?post=38833"},{"taxonomy":"post_tag","embeddable":true,"href":"https:\/\/armstrongyregion.com.ar\/diario\/wp-json\/wp\/v2\/tags?post=38833"}],"curies":[{"name":"wp","href":"https:\/\/api.w.org\/{rel}","templated":true}]}}