{"id":38830,"date":"2023-06-05T03:03:03","date_gmt":"2023-06-05T03:03:03","guid":{"rendered":"https:\/\/armstrongyregion.com.ar\/diario\/?p=38830"},"modified":"2023-06-05T03:03:06","modified_gmt":"2023-06-05T03:03:06","slug":"maxi-pullaro-santa-fe-tiene-todo-para-crecer","status":"publish","type":"post","link":"https:\/\/armstrongyregion.com.ar\/diario\/maxi-pullaro-santa-fe-tiene-todo-para-crecer\/","title":{"rendered":"Maxi Pullaro: \u00abSanta Fe tiene todo para crecer\u00bb."},"content":{"rendered":"\n<figure class=\"wp-block-image size-full\"><a href=\"http:\/\/armstrongyregion.com.ar\/diario\/wp-content\/uploads\/2023\/06\/Pullaro-2.jpg\"><img loading=\"lazy\" decoding=\"async\" width=\"512\" height=\"384\" src=\"http:\/\/armstrongyregion.com.ar\/diario\/wp-content\/uploads\/2023\/06\/Pullaro-2.jpg\" alt=\"\" class=\"wp-image-38831\" srcset=\"https:\/\/armstrongyregion.com.ar\/diario\/wp-content\/uploads\/2023\/06\/Pullaro-2.jpg 512w, https:\/\/armstrongyregion.com.ar\/diario\/wp-content\/uploads\/2023\/06\/Pullaro-2-300x225.jpg 300w\" sizes=\"auto, (max-width: 512px) 100vw, 512px\" \/><\/a><\/figure>\n\n\n\n<h2 class=\"wp-block-heading\"><em>El precandidato a gobernador de Juntos por el Cambio manifest\u00f3 su confianza en las condiciones que tiene la provincia para superar la cr\u00edtica situaci\u00f3n econ\u00f3mica y social. \u201cTenemos un plan de desarrollo serio que incluye a todos los sectores productivos\u201d, expres\u00f3.<\/em><\/h2>\n\n\n\n<p>Maximiliano Pullaro fue el primero que hizo p\u00fablica su intenci\u00f3n de competir por la gobernaci\u00f3n de Santa Fe. El radical dentro de Juntos por el Cambio, que lleva de vice a Gisela Scaglia, una persona de confianza de Horacio Larreta, recorre incansablemente la provincia y manifiesta la convicci\u00f3n de que con una buena gesti\u00f3n, Santa Fe tiene todo para crecer.<\/p>\n\n\n\n<p>\u201cNac\u00ed ac\u00e1 en Santa Fe, y toda mi vida estudi\u00e9 y trabaj\u00e9 ac\u00e1\u201d dice Pullaro, y remarca que \u201cjunto a cada uno de los equipos t\u00e9cnicos construimos un plan para cada \u00e1rea de gesti\u00f3n, pensado tambi\u00e9n en cada micro regi\u00f3n. El potencial productivo del campo santafesino es enorme y hoy no lo estamos aprovechando porque el gobierno decidi\u00f3 tenerlo de enemigo en lugar de impulsar su desarrollo\u201d, expres\u00f3 el legislador.<\/p>\n\n\n\n<p>\u201cCuando fui ministro de Miguel Lifschitz, siempre habl\u00e1bamos de la potencia que tiene la producci\u00f3n agropecuaria, la fuerza de nuestras industrias y la capacidad de trabajo de los santafesinos\u201d, recuerda, y agrega \u201cMe rebela la forma en que se llevan los recursos para sostener a los punteros del conurbano bonaerense\u201d.<\/p>\n\n\n\n<p>Pullaro viene trabajando en el armado de su plan de gobierno con un equipo que tiene exministros, secretarios y directores de la gesti\u00f3n de Miguel Lifschitz. \u201cGente que sabe gestionar, que tiene experiencia, capacidad y car\u00e1cter para hacerlo; pero adem\u00e1s hay personas del sector privado porque creo en el trabajo entre lo p\u00fablico y lo privado como un motor de empuje y crecimiento\u201d, afirm\u00f3.<\/p>\n","protected":false},"excerpt":{"rendered":"<p>El precandidato a gobernador de Juntos por el Cambio manifest\u00f3 su confianza en las condiciones que tiene la provincia para superar la cr\u00edtica situaci\u00f3n econ\u00f3mica y social. \u201cTenemos un plan de desarrollo serio que incluye a todos los sectores productivos\u201d, expres\u00f3. Maximiliano Pullaro fue el primero que hizo p\u00fablica su intenci\u00f3n de competir por la <a href=\"https:\/\/armstrongyregion.com.ar\/diario\/maxi-pullaro-santa-fe-tiene-todo-para-crecer\/\" title=\"Read more\" >&#8230;<\/a><\/p>\n","protected":false},"author":1,"featured_media":38831,"comment_status":"open","ping_status":"open","sticky":false,"template":"","format":"image","meta":{"_jetpack_memberships_contains_paid_content":false,"footnotes":"","jetpack_publicize_message":"","jetpack_publicize_feature_enabled":true,"jetpack_social_post_already_shared":true,"jetpack_social_options":{"image_generator_settings":{"template":"highway","default_image_id":0,"enabled":false},"version":2}},"categories":[6,8,1,2,7,3],"tags":[3579,9217,81,3381,3017,866],"class_list":["post-38830","post","type-post","status-publish","format-image","has-post-thumbnail","hentry","category-cultura-entretenimiento","category-deliberando","category-diario-armstrong","category-locales","category-politica","category-region","tag-crecer","tag-maxi-pullaro","tag-para","tag-santa-fe","tag-tiene","tag-todo","post_format-post-format-image"],"jetpack_publicize_connections":[],"jetpack_featured_media_url":"https:\/\/armstrongyregion.com.ar\/diario\/wp-content\/uploads\/2023\/06\/Pullaro-2.jpg","jetpack_shortlink":"https:\/\/wp.me\/p62QDO-a6i","jetpack_sharing_enabled":true,"amp_enabled":true,"_links":{"self":[{"href":"https:\/\/armstrongyregion.com.ar\/diario\/wp-json\/wp\/v2\/posts\/38830","targetHints":{"allow":["GET"]}}],"collection":[{"href":"https:\/\/armstrongyregion.com.ar\/diario\/wp-json\/wp\/v2\/posts"}],"about":[{"href":"https:\/\/armstrongyregion.com.ar\/diario\/wp-json\/wp\/v2\/types\/post"}],"author":[{"embeddable":true,"href":"https:\/\/armstrongyregion.com.ar\/diario\/wp-json\/wp\/v2\/users\/1"}],"replies":[{"embeddable":true,"href":"https:\/\/armstrongyregion.com.ar\/diario\/wp-json\/wp\/v2\/comments?post=38830"}],"version-history":[{"count":1,"href":"https:\/\/armstrongyregion.com.ar\/diario\/wp-json\/wp\/v2\/posts\/38830\/revisions"}],"predecessor-version":[{"id":38832,"href":"https:\/\/armstrongyregion.com.ar\/diario\/wp-json\/wp\/v2\/posts\/38830\/revisions\/38832"}],"wp:featuredmedia":[{"embeddable":true,"href":"https:\/\/armstrongyregion.com.ar\/diario\/wp-json\/wp\/v2\/media\/38831"}],"wp:attachment":[{"href":"https:\/\/armstrongyregion.com.ar\/diario\/wp-json\/wp\/v2\/media?parent=38830"}],"wp:term":[{"taxonomy":"category","embeddable":true,"href":"https:\/\/armstrongyregion.com.ar\/diario\/wp-json\/wp\/v2\/categories?post=38830"},{"taxonomy":"post_tag","embeddable":true,"href":"https:\/\/armstrongyregion.com.ar\/diario\/wp-json\/wp\/v2\/tags?post=38830"}],"curies":[{"name":"wp","href":"https:\/\/api.w.org\/{rel}","templated":true}]}}