{"id":38823,"date":"2023-06-04T23:28:11","date_gmt":"2023-06-04T23:28:11","guid":{"rendered":"https:\/\/armstrongyregion.com.ar\/diario\/?p=38823"},"modified":"2023-06-04T23:28:13","modified_gmt":"2023-06-04T23:28:13","slug":"mendiguren-con-industriales-en-armstrong-queremos-que-nuestra-maquinaria-agricola-sea-un-jugador-a-nivel-mundial","status":"publish","type":"post","link":"https:\/\/armstrongyregion.com.ar\/diario\/mendiguren-con-industriales-en-armstrong-queremos-que-nuestra-maquinaria-agricola-sea-un-jugador-a-nivel-mundial\/","title":{"rendered":"Mendiguren con industriales en Armstrong: \u201cQueremos que nuestra maquinaria agr\u00edcola sea un jugador a nivel mundial\u201d"},"content":{"rendered":"\n<figure class=\"wp-block-image size-full\"><a href=\"http:\/\/armstrongyregion.com.ar\/diario\/wp-content\/uploads\/2023\/06\/mENDIGUREN-2-.jpg\"><img loading=\"lazy\" decoding=\"async\" width=\"610\" height=\"427\" src=\"http:\/\/armstrongyregion.com.ar\/diario\/wp-content\/uploads\/2023\/06\/mENDIGUREN-2-.jpg\" alt=\"\" class=\"wp-image-38824\" srcset=\"https:\/\/armstrongyregion.com.ar\/diario\/wp-content\/uploads\/2023\/06\/mENDIGUREN-2-.jpg 610w, https:\/\/armstrongyregion.com.ar\/diario\/wp-content\/uploads\/2023\/06\/mENDIGUREN-2--300x210.jpg 300w\" sizes=\"auto, (max-width: 610px) 100vw, 610px\" \/><\/a><\/figure>\n\n\n\n<h2 class=\"wp-block-heading\">Encuentro con empresarios y referentes locales.<\/h2>\n\n\n\n<p>El secretario de Industria y Desarrollo Productivo de la Naci\u00f3n, Jos\u00e9 Ignacio de Mendiguren, junto con la directora de Trenes Argentinos, Eliana Gramigna, y los concejales del partido Renovaci\u00f3n por Armstrong, mantuvo un encuentro con industriales y referentes regionales en la localidad santafesina, con quienes abord\u00f3 las distintas herramientas de financiamiento, capacitaci\u00f3n y asistencia t\u00e9cnica que tiene el Estado nacional para impulsar el desarrollo de los sectores productivos estrat\u00e9gicos de la regi\u00f3n. Adem\u00e1s, visit\u00f3 la planta de Crucianelli, que proyecta seguir expandi\u00e9ndose para aumentar su capacidad productiva y sustituir importaciones.<\/p>\n\n\n\n<figure class=\"wp-block-image size-full\"><a href=\"http:\/\/armstrongyregion.com.ar\/diario\/wp-content\/uploads\/2023\/06\/MENDIGUREN-1-.jpg\"><img loading=\"lazy\" decoding=\"async\" width=\"610\" height=\"427\" src=\"http:\/\/armstrongyregion.com.ar\/diario\/wp-content\/uploads\/2023\/06\/MENDIGUREN-1-.jpg\" alt=\"\" class=\"wp-image-38825\" srcset=\"https:\/\/armstrongyregion.com.ar\/diario\/wp-content\/uploads\/2023\/06\/MENDIGUREN-1-.jpg 610w, https:\/\/armstrongyregion.com.ar\/diario\/wp-content\/uploads\/2023\/06\/MENDIGUREN-1--300x210.jpg 300w\" sizes=\"auto, (max-width: 610px) 100vw, 610px\" \/><\/a><\/figure>\n\n\n\n<p><\/p>\n\n\n\n<p>\u201cQuisimos estar ac\u00e1, en este coraz\u00f3n productivo de la Argentina, porque nuestro rumbo es claro: estamos a favor de la producci\u00f3n, del valor agregado y del desarrollo. Por eso anunciamos ac\u00e1 el nuevo r\u00e9gimen de bienes de capital, que es una medida que favorece much\u00edsimo a la industria de la maquinaria agr\u00edcola pero tambi\u00e9n a todos los fabricantes, para seguir alentando sectores estrat\u00e9gicos y promover la incorporaci\u00f3n de tecnolog\u00eda y el empleo\u201d, asegur\u00f3 Mendiguren. Y agreg\u00f3: \u201cEsta es una de las regiones de mayor producci\u00f3n de maquinaria agr\u00edcola del mundo, y nosotros, desde el equipo de Sergio Massa, queremos que esta industria no solamente juegue localmente, sino que tambi\u00e9n sea un jugador a nivel mundial. Sabemos que tiene las condiciones y queremos potenciarlas\u201d.<\/p>\n\n\n\n<figure class=\"wp-block-image size-full\"><a href=\"http:\/\/armstrongyregion.com.ar\/diario\/wp-content\/uploads\/2023\/06\/mENDIGURES.3-.jpg\"><img loading=\"lazy\" decoding=\"async\" width=\"610\" height=\"427\" src=\"http:\/\/armstrongyregion.com.ar\/diario\/wp-content\/uploads\/2023\/06\/mENDIGURES.3-.jpg\" alt=\"\" class=\"wp-image-38826\" srcset=\"https:\/\/armstrongyregion.com.ar\/diario\/wp-content\/uploads\/2023\/06\/mENDIGURES.3-.jpg 610w, https:\/\/armstrongyregion.com.ar\/diario\/wp-content\/uploads\/2023\/06\/mENDIGURES.3--300x210.jpg 300w\" sizes=\"auto, (max-width: 610px) 100vw, 610px\" \/><\/a><\/figure>\n\n\n\n<p>En la reuni\u00f3n, realizada en el Hotel F\u00e1brica Armstrong, estuvieron presentes el gerente comercial de Metal\u00fargica Santa Rosa, Guillermo Carena; el gerente de la Cooperativa de Provisi\u00f3n de Obras y Servicios P\u00fablicos Ltda. de Armstrong, Ricardo Airasca; la titular de Metal\u00fargica Kaf\u00fa, Natalia Vecchi; el director de Fabrinor, Emiliano Palmero; el gerente de Fadesi, Lisandro Abrate; el gerente de Estudio L&amp;P y presidente del consejo de administraci\u00f3n de la Fundaci\u00f3n para el Apoyo al Cambio Organizacional (FUNDACO), Ariel Pagliero. Tambi\u00e9n participaron los concejales del partido Renovaci\u00f3n por Armstrong, Emiliano Gramigna y Jes\u00fas Urqu\u00eda.<\/p>\n\n\n\n<p>\u201cEsta visita del secretario Mendiguren es importante no solo por la federalizaci\u00f3n de la pol\u00edtica econ\u00f3mica, sino tambi\u00e9n por lo central que es para los industriales poder tener contacto con los actores directos, que son los que toman las decisiones que repercuten en su actividad diaria\u201d, expres\u00f3 Eliana Gramigna. Y a\u00f1adi\u00f3: \u201cLa pol\u00edtica econ\u00f3mica que lleva adelante Sergio Massa es clara: para poder atravesar una situaci\u00f3n con dificultades como la que estamos viviendo es imprescindible apoyar al sector productivo que es el motor de toda la econom\u00eda nacional. Por eso para nosotros, como armstronenses, es un orgullo poder acercar todas estas herramientas a nuestra comunidad y a un sector productivo tan estrat\u00e9gico en ese camino al desarrollo\u201d.<\/p>\n\n\n\n<figure class=\"wp-block-image size-full\"><a href=\"http:\/\/armstrongyregion.com.ar\/diario\/wp-content\/uploads\/2023\/06\/MENDIGUREN-4-.jpg\"><img loading=\"lazy\" decoding=\"async\" width=\"450\" height=\"315\" src=\"http:\/\/armstrongyregion.com.ar\/diario\/wp-content\/uploads\/2023\/06\/MENDIGUREN-4-.jpg\" alt=\"\" class=\"wp-image-38827\" srcset=\"https:\/\/armstrongyregion.com.ar\/diario\/wp-content\/uploads\/2023\/06\/MENDIGUREN-4-.jpg 450w, https:\/\/armstrongyregion.com.ar\/diario\/wp-content\/uploads\/2023\/06\/MENDIGUREN-4--300x210.jpg 300w\" sizes=\"auto, (max-width: 450px) 100vw, 450px\" \/><\/a><\/figure>\n\n\n\n<p>Tras el encuentro, el secretario realiz\u00f3 una visita a la planta de Crucianelli, empresa l\u00edder en el mercado de sembradoras que proyecta expandir su capacidad productiva y sustituir importaciones. All\u00ed recorri\u00f3 sus instalaciones y convers\u00f3 con sus autoridades quienes destacaron que el valor agregado de la firma se encuentra en la rob\u00f3tica y en el software hecho en Armstrong.<\/p>\n\n\n\n<figure class=\"wp-block-image size-full\"><a href=\"http:\/\/armstrongyregion.com.ar\/diario\/wp-content\/uploads\/2023\/06\/MENDIGUREN-5-.jpg\"><img loading=\"lazy\" decoding=\"async\" width=\"610\" height=\"427\" src=\"http:\/\/armstrongyregion.com.ar\/diario\/wp-content\/uploads\/2023\/06\/MENDIGUREN-5-.jpg\" alt=\"\" class=\"wp-image-38828\" srcset=\"https:\/\/armstrongyregion.com.ar\/diario\/wp-content\/uploads\/2023\/06\/MENDIGUREN-5-.jpg 610w, https:\/\/armstrongyregion.com.ar\/diario\/wp-content\/uploads\/2023\/06\/MENDIGUREN-5--300x210.jpg 300w\" sizes=\"auto, (max-width: 610px) 100vw, 610px\" \/><\/a><\/figure>\n\n\n\n<p>En ese marco, Mendiguren conoci\u00f3 tambi\u00e9n las iniciativas de formaci\u00f3n que lleva adelante la Fundaci\u00f3n Nazareno Crucianelli con alumnos de escuelas primarias y secundarias para formarlos en rob\u00f3tica y electr\u00f3nica b\u00e1sica, entre otros oficios, as\u00ed como su primer acuerdo de cooperaci\u00f3n universitaria para desarrollar la Tecnicatura en Maquinaria Agr\u00edcola, en convenio con la Universidad Nacional de Rafaela (UNRAF).<\/p>\n","protected":false},"excerpt":{"rendered":"<p>Encuentro con empresarios y referentes locales. El secretario de Industria y Desarrollo Productivo de la Naci\u00f3n, Jos\u00e9 Ignacio de Mendiguren, junto con la directora de Trenes Argentinos, Eliana Gramigna, y los concejales del partido Renovaci\u00f3n por Armstrong, mantuvo un encuentro con industriales y referentes regionales en la localidad santafesina, con quienes abord\u00f3 las distintas herramientas <a href=\"https:\/\/armstrongyregion.com.ar\/diario\/mendiguren-con-industriales-en-armstrong-queremos-que-nuestra-maquinaria-agricola-sea-un-jugador-a-nivel-mundial\/\" title=\"Read more\" >&#8230;<\/a><\/p>\n","protected":false},"author":1,"featured_media":38824,"comment_status":"open","ping_status":"open","sticky":false,"template":"","format":"image","meta":{"_jetpack_memberships_contains_paid_content":false,"footnotes":"","jetpack_publicize_message":"","jetpack_publicize_feature_enabled":true,"jetpack_social_post_already_shared":true,"jetpack_social_options":{"image_generator_settings":{"template":"highway","default_image_id":0,"enabled":false},"version":2}},"categories":[6,8,1,2,7,3],"tags":[20,100,141,15,979,2329,9416],"class_list":["post-38823","post","type-post","status-publish","format-image","has-post-thumbnail","hentry","category-cultura-entretenimiento","category-deliberando","category-diario-armstrong","category-locales","category-politica","category-region","tag-armstrong","tag-con","tag-emiliano","tag-en","tag-gramigna","tag-industriales","tag-mendiguren","post_format-post-format-image"],"jetpack_publicize_connections":[],"jetpack_featured_media_url":"https:\/\/armstrongyregion.com.ar\/diario\/wp-content\/uploads\/2023\/06\/mENDIGUREN-2-.jpg","jetpack_shortlink":"https:\/\/wp.me\/p62QDO-a6b","jetpack_sharing_enabled":true,"amp_enabled":true,"_links":{"self":[{"href":"https:\/\/armstrongyregion.com.ar\/diario\/wp-json\/wp\/v2\/posts\/38823","targetHints":{"allow":["GET"]}}],"collection":[{"href":"https:\/\/armstrongyregion.com.ar\/diario\/wp-json\/wp\/v2\/posts"}],"about":[{"href":"https:\/\/armstrongyregion.com.ar\/diario\/wp-json\/wp\/v2\/types\/post"}],"author":[{"embeddable":true,"href":"https:\/\/armstrongyregion.com.ar\/diario\/wp-json\/wp\/v2\/users\/1"}],"replies":[{"embeddable":true,"href":"https:\/\/armstrongyregion.com.ar\/diario\/wp-json\/wp\/v2\/comments?post=38823"}],"version-history":[{"count":1,"href":"https:\/\/armstrongyregion.com.ar\/diario\/wp-json\/wp\/v2\/posts\/38823\/revisions"}],"predecessor-version":[{"id":38829,"href":"https:\/\/armstrongyregion.com.ar\/diario\/wp-json\/wp\/v2\/posts\/38823\/revisions\/38829"}],"wp:featuredmedia":[{"embeddable":true,"href":"https:\/\/armstrongyregion.com.ar\/diario\/wp-json\/wp\/v2\/media\/38824"}],"wp:attachment":[{"href":"https:\/\/armstrongyregion.com.ar\/diario\/wp-json\/wp\/v2\/media?parent=38823"}],"wp:term":[{"taxonomy":"category","embeddable":true,"href":"https:\/\/armstrongyregion.com.ar\/diario\/wp-json\/wp\/v2\/categories?post=38823"},{"taxonomy":"post_tag","embeddable":true,"href":"https:\/\/armstrongyregion.com.ar\/diario\/wp-json\/wp\/v2\/tags?post=38823"}],"curies":[{"name":"wp","href":"https:\/\/api.w.org\/{rel}","templated":true}]}}