{"id":38819,"date":"2023-06-03T17:23:15","date_gmt":"2023-06-03T17:23:15","guid":{"rendered":"https:\/\/armstrongyregion.com.ar\/diario\/?p=38819"},"modified":"2023-06-03T17:23:18","modified_gmt":"2023-06-03T17:23:18","slug":"las-rosas-accidente-fatal-en-parque-general-san-martin","status":"publish","type":"post","link":"https:\/\/armstrongyregion.com.ar\/diario\/las-rosas-accidente-fatal-en-parque-general-san-martin\/","title":{"rendered":"Las Rosas: Accidente fatal en parque General San Mart\u00edn."},"content":{"rendered":"\n<figure class=\"wp-block-image size-full\"><a href=\"http:\/\/armstrongyregion.com.ar\/diario\/wp-content\/uploads\/2023\/06\/ACCIDENTE-PARQUE-LASROSAS.jpg\"><img loading=\"lazy\" decoding=\"async\" width=\"489\" height=\"247\" src=\"http:\/\/armstrongyregion.com.ar\/diario\/wp-content\/uploads\/2023\/06\/ACCIDENTE-PARQUE-LASROSAS.jpg\" alt=\"\" class=\"wp-image-38820\" srcset=\"https:\/\/armstrongyregion.com.ar\/diario\/wp-content\/uploads\/2023\/06\/ACCIDENTE-PARQUE-LASROSAS.jpg 489w, https:\/\/armstrongyregion.com.ar\/diario\/wp-content\/uploads\/2023\/06\/ACCIDENTE-PARQUE-LASROSAS-300x152.jpg 300w\" sizes=\"auto, (max-width: 489px) 100vw, 489px\" \/><\/a><\/figure>\n\n\n\n<p>En las inmediaciones del Parque General San Martin, se produjo un accidente entre un utilitario y un autom\u00f3vil. Producto de la colisi\u00f3n hubo personas con lesiones de distinta consideraci\u00f3n por lo que fueron derivadas al SAMCO local, donde uno de ellos falleci\u00f3.<\/p>\n\n\n\n<p>La colisi\u00f3n se produjo entre un cami\u00f3n utilitario con un solo ocupante y un Renault Stepway en el que viajaban cuatro personas que proven\u00edan desde la provincia de C\u00f3rdoba, de la localidad de Cintra, los que resultaron&nbsp;con lesiones de distinta consideraci\u00f3n.<\/p>\n\n\n\n<p>Horas m\u00e1s tarde se confirm\u00f3 el fallecimiento de uno de los accidentados en la tarde del viernes; se trata de uno de los ocupantes del rodado menor que proven\u00eda de la Provincia de C\u00f3rdoba. El deceso de la infortunada v\u00edctima fue confirmado por el director del hospital de nuestra ciudad el Dr. Alejandro Luna.<br>Trabaj\u00f3 en el lugar personal de Bomberos Hospital y Polic\u00eda de Las Rosas.<\/p>\n\n\n\n<p>Informe y foto: Renacer Regional<\/p>\n","protected":false},"excerpt":{"rendered":"<p>En las inmediaciones del Parque General San Martin, se produjo un accidente entre un utilitario y un autom\u00f3vil. Producto de la colisi\u00f3n hubo personas con lesiones de distinta consideraci\u00f3n por lo que fueron derivadas al SAMCO local, donde uno de ellos falleci\u00f3. La colisi\u00f3n se produjo entre un cami\u00f3n utilitario con un solo ocupante y <a href=\"https:\/\/armstrongyregion.com.ar\/diario\/las-rosas-accidente-fatal-en-parque-general-san-martin\/\" title=\"Read more\" >&#8230;<\/a><\/p>\n","protected":false},"author":1,"featured_media":38820,"comment_status":"open","ping_status":"open","sticky":false,"template":"","format":"image","meta":{"_jetpack_memberships_contains_paid_content":false,"footnotes":"","jetpack_publicize_message":"","jetpack_publicize_feature_enabled":true,"jetpack_social_post_already_shared":true,"jetpack_social_options":{"image_generator_settings":{"template":"highway","default_image_id":0,"enabled":false},"version":2}},"categories":[6,8,1,7,3],"tags":[694,695,9415,8883,1226],"class_list":["post-38819","post","type-post","status-publish","format-image","has-post-thumbnail","hentry","category-cultura-entretenimiento","category-deliberando","category-diario-armstrong","category-politica","category-region","tag-accidente","tag-fatal","tag-geral-san-martin","tag-las-rosas-2","tag-parque","post_format-post-format-image"],"jetpack_publicize_connections":[],"jetpack_featured_media_url":"https:\/\/armstrongyregion.com.ar\/diario\/wp-content\/uploads\/2023\/06\/ACCIDENTE-PARQUE-LASROSAS.jpg","jetpack_shortlink":"https:\/\/wp.me\/p62QDO-a67","jetpack_sharing_enabled":true,"amp_enabled":true,"_links":{"self":[{"href":"https:\/\/armstrongyregion.com.ar\/diario\/wp-json\/wp\/v2\/posts\/38819","targetHints":{"allow":["GET"]}}],"collection":[{"href":"https:\/\/armstrongyregion.com.ar\/diario\/wp-json\/wp\/v2\/posts"}],"about":[{"href":"https:\/\/armstrongyregion.com.ar\/diario\/wp-json\/wp\/v2\/types\/post"}],"author":[{"embeddable":true,"href":"https:\/\/armstrongyregion.com.ar\/diario\/wp-json\/wp\/v2\/users\/1"}],"replies":[{"embeddable":true,"href":"https:\/\/armstrongyregion.com.ar\/diario\/wp-json\/wp\/v2\/comments?post=38819"}],"version-history":[{"count":1,"href":"https:\/\/armstrongyregion.com.ar\/diario\/wp-json\/wp\/v2\/posts\/38819\/revisions"}],"predecessor-version":[{"id":38821,"href":"https:\/\/armstrongyregion.com.ar\/diario\/wp-json\/wp\/v2\/posts\/38819\/revisions\/38821"}],"wp:featuredmedia":[{"embeddable":true,"href":"https:\/\/armstrongyregion.com.ar\/diario\/wp-json\/wp\/v2\/media\/38820"}],"wp:attachment":[{"href":"https:\/\/armstrongyregion.com.ar\/diario\/wp-json\/wp\/v2\/media?parent=38819"}],"wp:term":[{"taxonomy":"category","embeddable":true,"href":"https:\/\/armstrongyregion.com.ar\/diario\/wp-json\/wp\/v2\/categories?post=38819"},{"taxonomy":"post_tag","embeddable":true,"href":"https:\/\/armstrongyregion.com.ar\/diario\/wp-json\/wp\/v2\/tags?post=38819"}],"curies":[{"name":"wp","href":"https:\/\/api.w.org\/{rel}","templated":true}]}}