{"id":38816,"date":"2023-06-03T16:51:00","date_gmt":"2023-06-03T16:51:00","guid":{"rendered":"https:\/\/armstrongyregion.com.ar\/diario\/?p=38816"},"modified":"2023-06-03T16:51:03","modified_gmt":"2023-06-03T16:51:03","slug":"el-sueno-de-la-casa-propia-se-hizo-realidad-en-bouquet","status":"publish","type":"post","link":"https:\/\/armstrongyregion.com.ar\/diario\/el-sueno-de-la-casa-propia-se-hizo-realidad-en-bouquet\/","title":{"rendered":"El sue\u00f1o de la casa propia se hizo realidad en Bouquet."},"content":{"rendered":"\n<figure class=\"wp-block-image size-full\"><a href=\"http:\/\/armstrongyregion.com.ar\/diario\/wp-content\/uploads\/2023\/06\/SUENO-CASA-PROPIA-.jpg\"><img loading=\"lazy\" decoding=\"async\" width=\"535\" height=\"448\" src=\"http:\/\/armstrongyregion.com.ar\/diario\/wp-content\/uploads\/2023\/06\/SUENO-CASA-PROPIA-.jpg\" alt=\"\" class=\"wp-image-38817\" srcset=\"https:\/\/armstrongyregion.com.ar\/diario\/wp-content\/uploads\/2023\/06\/SUENO-CASA-PROPIA-.jpg 535w, https:\/\/armstrongyregion.com.ar\/diario\/wp-content\/uploads\/2023\/06\/SUENO-CASA-PROPIA--300x251.jpg 300w\" sizes=\"auto, (max-width: 535px) 100vw, 535px\" \/><\/a><\/figure>\n\n\n\n<h2 class=\"wp-block-heading\">El presidente comunal Luis Raffo y el gobernador de Santa Fe, Omar Perotti, entregaron viviendas a 11 familias de la localidad.<\/h2>\n\n\n\n<p>Luis Raffo agradeci\u00f3 al gobernador el esfuerzo y el trabajo realizado para hacer posible la obra que estuvo paralizada durante a\u00f1os.<\/p>\n\n\n\n<p>\u201cHoy se corona el trabajo y vamos a seguir con esta gesti\u00f3n, porque acabamos de firmar un convenio para construir 20 viviendas m\u00e1s en la localidad\u201d, agreg\u00f3 Raffo.<\/p>\n\n\n\n<p>Las unidades habitacionales cuentan con dos dormitorios, instalaciones y conexiones para agua potable, cloacas, energ\u00eda el\u00e9ctrica, gas envasado y termotanques solares, y demandaron una inversi\u00f3n superior a los 116 millones de pesos.<\/p>\n\n\n\n<p>De la actividad participaron tambi\u00e9n los subsecretarios de Gesti\u00f3n del H\u00e1bitat, Mar\u00eda Silvia Cortopassi, y de Pol\u00edtica de Inclusi\u00f3n y Desarrollo Territorial, Sergio Tasello, y el intendente de Las Parejas, Horacio Compagnucci, entre otros.<\/p>\n\n\n\n<figure class=\"wp-block-image\"><img decoding=\"async\" src=\"http:\/\/renacerfm.com.ar\/download\/multimedia.normal.907bec570d034cd8.RkJfSU1HXzE2ODU2OTI1MTkxODhfbm9ybWFsLndlYnA%3D.webp\" alt=\"FB_IMG_1685692519188\"\/><\/figure>\n\n\n\n<p>Renacer fm<a href=\"https:\/\/renacerfm.com.ar\/usuario\/2\/renacer-regional\"><\/a><\/p>\n","protected":false},"excerpt":{"rendered":"<p>El presidente comunal Luis Raffo y el gobernador de Santa Fe, Omar Perotti, entregaron viviendas a 11 familias de la localidad. Luis Raffo agradeci\u00f3 al gobernador el esfuerzo y el trabajo realizado para hacer posible la obra que estuvo paralizada durante a\u00f1os. \u201cHoy se corona el trabajo y vamos a seguir con esta gesti\u00f3n, porque <a href=\"https:\/\/armstrongyregion.com.ar\/diario\/el-sueno-de-la-casa-propia-se-hizo-realidad-en-bouquet\/\" title=\"Read more\" >&#8230;<\/a><\/p>\n","protected":false},"author":1,"featured_media":38817,"comment_status":"open","ping_status":"open","sticky":false,"template":"","format":"image","meta":{"_jetpack_memberships_contains_paid_content":false,"footnotes":"","jetpack_publicize_message":"","jetpack_publicize_feature_enabled":true,"jetpack_social_post_already_shared":true,"jetpack_social_options":{"image_generator_settings":{"template":"highway","default_image_id":0,"enabled":false},"version":2}},"categories":[6,8,1,2,7,3],"tags":[8843,325,16,1197,9414,9352,86,9413],"class_list":["post-38816","post","type-post","status-publish","format-image","has-post-thumbnail","hentry","category-cultura-entretenimiento","category-deliberando","category-diario-armstrong","category-locales","category-politica","category-region","tag-bouquet-2","tag-casa","tag-el","tag-hizo","tag-propia","tag-realidad-2","tag-se","tag-sueno-2","post_format-post-format-image"],"jetpack_publicize_connections":[],"jetpack_featured_media_url":"https:\/\/armstrongyregion.com.ar\/diario\/wp-content\/uploads\/2023\/06\/SUENO-CASA-PROPIA-.jpg","jetpack_shortlink":"https:\/\/wp.me\/p62QDO-a64","jetpack_sharing_enabled":true,"amp_enabled":true,"_links":{"self":[{"href":"https:\/\/armstrongyregion.com.ar\/diario\/wp-json\/wp\/v2\/posts\/38816","targetHints":{"allow":["GET"]}}],"collection":[{"href":"https:\/\/armstrongyregion.com.ar\/diario\/wp-json\/wp\/v2\/posts"}],"about":[{"href":"https:\/\/armstrongyregion.com.ar\/diario\/wp-json\/wp\/v2\/types\/post"}],"author":[{"embeddable":true,"href":"https:\/\/armstrongyregion.com.ar\/diario\/wp-json\/wp\/v2\/users\/1"}],"replies":[{"embeddable":true,"href":"https:\/\/armstrongyregion.com.ar\/diario\/wp-json\/wp\/v2\/comments?post=38816"}],"version-history":[{"count":1,"href":"https:\/\/armstrongyregion.com.ar\/diario\/wp-json\/wp\/v2\/posts\/38816\/revisions"}],"predecessor-version":[{"id":38818,"href":"https:\/\/armstrongyregion.com.ar\/diario\/wp-json\/wp\/v2\/posts\/38816\/revisions\/38818"}],"wp:featuredmedia":[{"embeddable":true,"href":"https:\/\/armstrongyregion.com.ar\/diario\/wp-json\/wp\/v2\/media\/38817"}],"wp:attachment":[{"href":"https:\/\/armstrongyregion.com.ar\/diario\/wp-json\/wp\/v2\/media?parent=38816"}],"wp:term":[{"taxonomy":"category","embeddable":true,"href":"https:\/\/armstrongyregion.com.ar\/diario\/wp-json\/wp\/v2\/categories?post=38816"},{"taxonomy":"post_tag","embeddable":true,"href":"https:\/\/armstrongyregion.com.ar\/diario\/wp-json\/wp\/v2\/tags?post=38816"}],"curies":[{"name":"wp","href":"https:\/\/api.w.org\/{rel}","templated":true}]}}