{"id":388,"date":"2015-01-10T03:53:46","date_gmt":"2015-01-10T03:53:46","guid":{"rendered":"https:\/\/armstrongyregion.com.ar\/diario\/?p=388"},"modified":"2015-01-10T03:53:46","modified_gmt":"2015-01-10T03:53:46","slug":"uom-armstrong-polideportivo-avances-y-proyectos","status":"publish","type":"post","link":"https:\/\/armstrongyregion.com.ar\/diario\/uom-armstrong-polideportivo-avances-y-proyectos\/","title":{"rendered":"UOM Armstrong. Polideportivo avances y proyectos."},"content":{"rendered":"<p><a href=\"http:\/\/armstrongyregion.com.ar\/diario\/wp-content\/uploads\/2015\/01\/quincho-UOM.jpg\"><img loading=\"lazy\" decoding=\"async\" class=\"alignnone size-medium wp-image-389\" src=\"http:\/\/armstrongyregion.com.ar\/diario\/wp-content\/uploads\/2015\/01\/quincho-UOM-300x200.jpg\" alt=\"quincho UOM\" width=\"300\" height=\"200\" srcset=\"https:\/\/armstrongyregion.com.ar\/diario\/wp-content\/uploads\/2015\/01\/quincho-UOM-300x200.jpg 300w, https:\/\/armstrongyregion.com.ar\/diario\/wp-content\/uploads\/2015\/01\/quincho-UOM.jpg 450w\" sizes=\"auto, (max-width: 300px) 100vw, 300px\" \/><\/a>Daniel Mart\u00ednez, Secret de Organizaci\u00f3n de la Comisi\u00f3n directiva de la seccional Ca\u00f1ada de G\u00f3mez, en dialogo con nuestro medio, inform\u00f3 sobre los avances y proyectos a cumplir en el predio del polideportivo de la UOM.<br \/>\nExpres\u00f3 que, \u00a8Si bien este no fue el mejor a\u00f1o, hemos tratado de progresar en el predio, colocamos los bicicleteros con la colaboraci\u00f3n de algunos delegados, y estamos en la concreci\u00f3n de este quincho, a trav\u00e9s de una solicitud que le planteamos al senador Crossetti\u00a8.<br \/>\nMart\u00ednez ampli\u00f3 &#8211; \u00a8Estamos programando un sal\u00f3n de usos m\u00faltiples tambi\u00e9n, con capacidad para 300 personas, el proyecto y anteproyecto tuvieron un costo que respaldamos nosotros, pero para construirlo con todos los servicios hemos gestionado un subsidio a naci\u00f3n y el mismo ya est\u00e1 en marcha\u00a8.<br \/>\nA\u00f1adi\u00f3 &#8211; \u00a8Queremos darle un mayor y mejor servicio a nuestros afiliados dentro de la seccional y tambi\u00e9n queremos trasladarlos a este predio\u00a8.<br \/>\nFinalmente argumento que est\u00e1 proyectado hacer una pileta de nataci\u00f3n, pero por el momento deben ir paso a paso con los recursos que obtienen d\u00eda a d\u00eda.<\/p>\n","protected":false},"excerpt":{"rendered":"<p>Daniel Mart\u00ednez, Secret de Organizaci\u00f3n de la Comisi\u00f3n directiva de la seccional Ca\u00f1ada de G\u00f3mez, en dialogo con nuestro medio, inform\u00f3 sobre los avances y proyectos a cumplir en el predio del polideportivo de la UOM. Expres\u00f3 que, \u00a8Si bien este no fue el mejor a\u00f1o, hemos tratado de progresar en el predio, colocamos los <a href=\"https:\/\/armstrongyregion.com.ar\/diario\/uom-armstrong-polideportivo-avances-y-proyectos\/\" title=\"Read more\" >&#8230;<\/a><\/p>\n","protected":false},"author":2,"featured_media":389,"comment_status":"open","ping_status":"open","sticky":false,"template":"","format":"standard","meta":{"_jetpack_memberships_contains_paid_content":false,"footnotes":"","jetpack_publicize_message":"","jetpack_publicize_feature_enabled":true,"jetpack_social_post_already_shared":false,"jetpack_social_options":{"image_generator_settings":{"template":"highway","default_image_id":0,"enabled":false},"version":2}},"categories":[1,2],"tags":[20,384,383,385,382,13],"class_list":["post-388","post","type-post","status-publish","format-standard","has-post-thumbnail","hentry","category-diario-armstrong","category-locales","tag-armstrong","tag-avances","tag-polideportivo","tag-proyectos","tag-uom","tag-y"],"jetpack_publicize_connections":[],"jetpack_featured_media_url":"https:\/\/armstrongyregion.com.ar\/diario\/wp-content\/uploads\/2015\/01\/quincho-UOM.jpg","jetpack_shortlink":"https:\/\/wp.me\/p62QDO-6g","jetpack_sharing_enabled":true,"amp_enabled":true,"_links":{"self":[{"href":"https:\/\/armstrongyregion.com.ar\/diario\/wp-json\/wp\/v2\/posts\/388","targetHints":{"allow":["GET"]}}],"collection":[{"href":"https:\/\/armstrongyregion.com.ar\/diario\/wp-json\/wp\/v2\/posts"}],"about":[{"href":"https:\/\/armstrongyregion.com.ar\/diario\/wp-json\/wp\/v2\/types\/post"}],"author":[{"embeddable":true,"href":"https:\/\/armstrongyregion.com.ar\/diario\/wp-json\/wp\/v2\/users\/2"}],"replies":[{"embeddable":true,"href":"https:\/\/armstrongyregion.com.ar\/diario\/wp-json\/wp\/v2\/comments?post=388"}],"version-history":[{"count":0,"href":"https:\/\/armstrongyregion.com.ar\/diario\/wp-json\/wp\/v2\/posts\/388\/revisions"}],"wp:featuredmedia":[{"embeddable":true,"href":"https:\/\/armstrongyregion.com.ar\/diario\/wp-json\/wp\/v2\/media\/389"}],"wp:attachment":[{"href":"https:\/\/armstrongyregion.com.ar\/diario\/wp-json\/wp\/v2\/media?parent=388"}],"wp:term":[{"taxonomy":"category","embeddable":true,"href":"https:\/\/armstrongyregion.com.ar\/diario\/wp-json\/wp\/v2\/categories?post=388"},{"taxonomy":"post_tag","embeddable":true,"href":"https:\/\/armstrongyregion.com.ar\/diario\/wp-json\/wp\/v2\/tags?post=388"}],"curies":[{"name":"wp","href":"https:\/\/api.w.org\/{rel}","templated":true}]}}