{"id":38792,"date":"2023-06-01T22:53:34","date_gmt":"2023-06-01T22:53:34","guid":{"rendered":"https:\/\/armstrongyregion.com.ar\/diario\/?p=38792"},"modified":"2023-06-01T22:53:36","modified_gmt":"2023-06-01T22:53:36","slug":"correa-se-prepara-para-recibir-una-nueva-edicion-de-cultura-iriondo","status":"publish","type":"post","link":"https:\/\/armstrongyregion.com.ar\/diario\/correa-se-prepara-para-recibir-una-nueva-edicion-de-cultura-iriondo\/","title":{"rendered":"Correa se prepara para recibir una nueva edici\u00f3n de Cultura Iriondo."},"content":{"rendered":"\n<figure class=\"wp-block-image size-full\"><a href=\"http:\/\/armstrongyregion.com.ar\/diario\/wp-content\/uploads\/2023\/06\/Cultura-Iriondo-Correa.jpg\"><img loading=\"lazy\" decoding=\"async\" width=\"480\" height=\"480\" src=\"http:\/\/armstrongyregion.com.ar\/diario\/wp-content\/uploads\/2023\/06\/Cultura-Iriondo-Correa.jpg\" alt=\"\" class=\"wp-image-38794\" srcset=\"https:\/\/armstrongyregion.com.ar\/diario\/wp-content\/uploads\/2023\/06\/Cultura-Iriondo-Correa.jpg 480w, https:\/\/armstrongyregion.com.ar\/diario\/wp-content\/uploads\/2023\/06\/Cultura-Iriondo-Correa-300x300.jpg 300w, https:\/\/armstrongyregion.com.ar\/diario\/wp-content\/uploads\/2023\/06\/Cultura-Iriondo-Correa-150x150.jpg 150w\" sizes=\"auto, (max-width: 480px) 100vw, 480px\" \/><\/a><\/figure>\n\n\n\n<p>El pr\u00f3ximo domingo 4 de junio, el Polideportivo Comunal de Correa ser\u00e1 el escenario de<br>una nueva edici\u00f3n de la feria itinerante del Departamento Iriondo, organizada por la<br>Comuna de Correa, su presidente comunal, Nahuel Cejas y el senador Hugo Jes\u00fas Rasetto.<br>La propuesta incluye actividades para toda la familia, como payasos, artesanos,<br>gastronom\u00eda, juegos para ni\u00f1os, n\u00fameros musicales, malabaristas y mucho m\u00e1s.<br>\u201cEstamos muy contentos de poder llevar Cultura Iriondo a Correa, una localidad que tiene<br>mucho para ofrecer y que se suma a este proyecto que busca promover la cultura y el<br>turismo en nuestro departamento\u201d, expres\u00f3 el senador Rasetto. Adem\u00e1s, invit\u00f3 a los vecinos<br>de Correa que quieran participar del escenario con su canto o baile a inscribirse en<br>www.rasetto.ar\/cantobaile , y a los artesanos de Iriondo que quieran mostrar sus productos<br>a hacer lo mismo en www.rasetto.ar\/artesanos .<br>La cita es el domingo 4 de junio a partir de las 13 horas en el Polideportivo Comunal de<br>Correa. La entrada es libre y gratuita. \u201cLos esperamos a todos para disfrutar de una tarde<br>\u00fanica llena de diversi\u00f3n y cultura. Sumate a ser parte de la cultura de Iriondo entre todos\u201d,<br>concluy\u00f3 Rasetto.<\/p>\n","protected":false},"excerpt":{"rendered":"<p>El pr\u00f3ximo domingo 4 de junio, el Polideportivo Comunal de Correa ser\u00e1 el escenario deuna nueva edici\u00f3n de la feria itinerante del Departamento Iriondo, organizada por laComuna de Correa, su presidente comunal, Nahuel Cejas y el senador Hugo Jes\u00fas Rasetto.La propuesta incluye actividades para toda la familia, como payasos, artesanos,gastronom\u00eda, juegos para ni\u00f1os, n\u00fameros musicales, <a href=\"https:\/\/armstrongyregion.com.ar\/diario\/correa-se-prepara-para-recibir-una-nueva-edicion-de-cultura-iriondo\/\" title=\"Read more\" >&#8230;<\/a><\/p>\n","protected":false},"author":1,"featured_media":38794,"comment_status":"open","ping_status":"open","sticky":false,"template":"","format":"image","meta":{"_jetpack_memberships_contains_paid_content":false,"footnotes":"","jetpack_publicize_message":"","jetpack_publicize_feature_enabled":true,"jetpack_social_post_already_shared":true,"jetpack_social_options":{"image_generator_settings":{"template":"highway","default_image_id":0,"enabled":false},"version":2}},"categories":[6,8,1,2,7,3],"tags":[303,47,19,9407,8605,275,81,4592,86,103],"class_list":["post-38792","post","type-post","status-publish","format-image","has-post-thumbnail","hentry","category-cultura-entretenimiento","category-deliberando","category-diario-armstrong","category-locales","category-politica","category-region","tag-correa","tag-cultura","tag-de","tag-edicion-2","tag-iriondo-2","tag-nueva","tag-para","tag-prepara","tag-se","tag-una","post_format-post-format-image"],"jetpack_publicize_connections":[],"jetpack_featured_media_url":"https:\/\/armstrongyregion.com.ar\/diario\/wp-content\/uploads\/2023\/06\/Cultura-Iriondo-Correa.jpg","jetpack_shortlink":"https:\/\/wp.me\/p62QDO-a5G","jetpack_sharing_enabled":true,"amp_enabled":true,"_links":{"self":[{"href":"https:\/\/armstrongyregion.com.ar\/diario\/wp-json\/wp\/v2\/posts\/38792","targetHints":{"allow":["GET"]}}],"collection":[{"href":"https:\/\/armstrongyregion.com.ar\/diario\/wp-json\/wp\/v2\/posts"}],"about":[{"href":"https:\/\/armstrongyregion.com.ar\/diario\/wp-json\/wp\/v2\/types\/post"}],"author":[{"embeddable":true,"href":"https:\/\/armstrongyregion.com.ar\/diario\/wp-json\/wp\/v2\/users\/1"}],"replies":[{"embeddable":true,"href":"https:\/\/armstrongyregion.com.ar\/diario\/wp-json\/wp\/v2\/comments?post=38792"}],"version-history":[{"count":2,"href":"https:\/\/armstrongyregion.com.ar\/diario\/wp-json\/wp\/v2\/posts\/38792\/revisions"}],"predecessor-version":[{"id":38796,"href":"https:\/\/armstrongyregion.com.ar\/diario\/wp-json\/wp\/v2\/posts\/38792\/revisions\/38796"}],"wp:featuredmedia":[{"embeddable":true,"href":"https:\/\/armstrongyregion.com.ar\/diario\/wp-json\/wp\/v2\/media\/38794"}],"wp:attachment":[{"href":"https:\/\/armstrongyregion.com.ar\/diario\/wp-json\/wp\/v2\/media?parent=38792"}],"wp:term":[{"taxonomy":"category","embeddable":true,"href":"https:\/\/armstrongyregion.com.ar\/diario\/wp-json\/wp\/v2\/categories?post=38792"},{"taxonomy":"post_tag","embeddable":true,"href":"https:\/\/armstrongyregion.com.ar\/diario\/wp-json\/wp\/v2\/tags?post=38792"}],"curies":[{"name":"wp","href":"https:\/\/api.w.org\/{rel}","templated":true}]}}