{"id":38788,"date":"2023-06-01T22:36:35","date_gmt":"2023-06-01T22:36:35","guid":{"rendered":"https:\/\/armstrongyregion.com.ar\/diario\/?p=38788"},"modified":"2023-06-01T22:39:27","modified_gmt":"2023-06-01T22:39:27","slug":"maradona-nosotros-si-somos-una-alternativa-real-con-caras-nuevas-que-es-lo-que-la-provincia-necesita-hoy","status":"publish","type":"post","link":"https:\/\/armstrongyregion.com.ar\/diario\/maradona-nosotros-si-somos-una-alternativa-real-con-caras-nuevas-que-es-lo-que-la-provincia-necesita-hoy\/","title":{"rendered":"Maradona \u201cNosotros si somos una alternativa real, con caras nuevas, que es lo que la provincia necesita hoy\u201d."},"content":{"rendered":"\n<figure class=\"wp-block-image size-full\"><a href=\"http:\/\/armstrongyregion.com.ar\/diario\/wp-content\/uploads\/2023\/06\/maradona_foto.jpg\"><img loading=\"lazy\" decoding=\"async\" width=\"646\" height=\"319\" src=\"http:\/\/armstrongyregion.com.ar\/diario\/wp-content\/uploads\/2023\/06\/maradona_foto.jpg\" alt=\"\" class=\"wp-image-38789\" srcset=\"https:\/\/armstrongyregion.com.ar\/diario\/wp-content\/uploads\/2023\/06\/maradona_foto.jpg 646w, https:\/\/armstrongyregion.com.ar\/diario\/wp-content\/uploads\/2023\/06\/maradona_foto-300x148.jpg 300w\" sizes=\"auto, (max-width: 646px) 100vw, 646px\" \/><\/a><\/figure>\n\n\n\n<p>\u201cNosotros somos una alternativa nueva, con caras nuevas y realmente con ganas de sacar a Santa Fe adelante, porque del otro lado tenemos a los mismos que nos llevaron al 50% de pobreza y al 11% de indigencia y hoy estan cubriendo cargos; tienen mandato por dos a\u00f1os mas y encima se vuelven a postular. Nosotros si somos una alternativa real, que es lo que la pcia necesita hoy\u201d; expresaba el candidato a Gobernador por la Coalicion C\u00edvica <strong>Eduardo Maradona,<\/strong> acompa\u00f1ado por la dirigente santafesina <strong>Lucila Lehmann, quienes estuvieron visitando instituciones de la ciudad de Armstrong y se reunieron tambien con los referentes regionales y locales, como Ra\u00fal Cejas, Gerardo Coloti, Andrea Tosi, Walter Musso y Alejandra Pr\u00edncipe, Julieta Molina, entre otros.<\/strong><\/p>\n\n\n\n<figure class=\"wp-block-embed is-type-video is-provider-youtube wp-block-embed-youtube wp-embed-aspect-16-9 wp-has-aspect-ratio\"><div class=\"wp-block-embed__wrapper\">\n<iframe loading=\"lazy\" title=\"Eduardo Maradona Y Lucila Lehmann de recorrida por Armstrong. Coalici\u00f3n C\u00edvica. Andrea Tossi,\" width=\"800\" height=\"450\" src=\"https:\/\/www.youtube.com\/embed\/cogveh9hTWw?feature=oembed\" frameborder=\"0\" allow=\"accelerometer; autoplay; clipboard-write; encrypted-media; gyroscope; picture-in-picture; web-share\" allowfullscreen><\/iframe>\n<\/div><figcaption class=\"wp-element-caption\">VIDEO WALTER MUSSO.<\/figcaption><\/figure>\n\n\n\n<p>Vale la pena recordar que el elegido de Elisa Carri\u00f3, es propietario de una firma denominada&nbsp;<strong>Gaspel&nbsp;<\/strong>que fund\u00f3 en 1985 en Rosario y se dedica a la comercializaci\u00f3n de materiales de construcci\u00f3n, revestimientos, sanitarios y calefacci\u00f3n, tanto para minoristas como para grandes obras.<\/p>\n\n\n\n<p>Su trayectoria institucional hoy lo tiene como miembro de&nbsp;<strong>Monapy<\/strong>, el Movimiento Nacional de Pymes que canaliza a un empresariado de todo el pa\u00eds que no se siente representado por la C\u00e1mara Argentina de la Mediana Empresa (Came).<\/p>\n\n\n\n<p>De hecho Maradona lo ha expresado en distintos reportajes el a\u00f1o pasado: \u201cLa Came no nos representa porque nunca en la vida hizo nada\u201d. Su discurso como dirigente empresario pone eje en la falta de financiamiento, el peso de las cargas sociales y la litigiosidad laboral.<\/p>\n\n\n\n<p>Tambi\u00e9n participa de&nbsp;<strong>Protegiendo Santa Fe<\/strong>, una movida de instituciones de la sociedad civil que interact\u00faan en forma permanente con los legisladores nacionales por Santa Fe para abordar las problem\u00e1ticas espec\u00edficas de la provincia, y en particular el seguimiento presupuestario en sus faces de elaboraci\u00f3n, sanci\u00f3n y nivel de ejecuci\u00f3n.<\/p>\n","protected":false},"excerpt":{"rendered":"<p>\u201cNosotros somos una alternativa nueva, con caras nuevas y realmente con ganas de sacar a Santa Fe adelante, porque del otro lado tenemos a los mismos que nos llevaron al 50% de pobreza y al 11% de indigencia y hoy estan cubriendo cargos; tienen mandato por dos a\u00f1os mas y encima se vuelven a postular. <a href=\"https:\/\/armstrongyregion.com.ar\/diario\/maradona-nosotros-si-somos-una-alternativa-real-con-caras-nuevas-que-es-lo-que-la-provincia-necesita-hoy\/\" title=\"Read more\" >&#8230;<\/a><\/p>\n","protected":false},"author":1,"featured_media":38789,"comment_status":"open","ping_status":"open","sticky":false,"template":"","format":"image","meta":{"_jetpack_memberships_contains_paid_content":false,"footnotes":"","jetpack_publicize_message":"","jetpack_publicize_feature_enabled":true,"jetpack_social_post_already_shared":true,"jetpack_social_options":{"image_generator_settings":{"template":"highway","default_image_id":0,"enabled":false},"version":2}},"categories":[6,8,1,2,7,3],"tags":[20,9404,9403],"class_list":["post-38788","post","type-post","status-publish","format-image","has-post-thumbnail","hentry","category-cultura-entretenimiento","category-deliberando","category-diario-armstrong","category-locales","category-politica","category-region","tag-armstrong","tag-coalicion-civica","tag-maradona","post_format-post-format-image"],"jetpack_publicize_connections":[],"jetpack_featured_media_url":"https:\/\/armstrongyregion.com.ar\/diario\/wp-content\/uploads\/2023\/06\/maradona_foto.jpg","jetpack_shortlink":"https:\/\/wp.me\/p62QDO-a5C","jetpack_sharing_enabled":true,"amp_enabled":true,"_links":{"self":[{"href":"https:\/\/armstrongyregion.com.ar\/diario\/wp-json\/wp\/v2\/posts\/38788","targetHints":{"allow":["GET"]}}],"collection":[{"href":"https:\/\/armstrongyregion.com.ar\/diario\/wp-json\/wp\/v2\/posts"}],"about":[{"href":"https:\/\/armstrongyregion.com.ar\/diario\/wp-json\/wp\/v2\/types\/post"}],"author":[{"embeddable":true,"href":"https:\/\/armstrongyregion.com.ar\/diario\/wp-json\/wp\/v2\/users\/1"}],"replies":[{"embeddable":true,"href":"https:\/\/armstrongyregion.com.ar\/diario\/wp-json\/wp\/v2\/comments?post=38788"}],"version-history":[{"count":2,"href":"https:\/\/armstrongyregion.com.ar\/diario\/wp-json\/wp\/v2\/posts\/38788\/revisions"}],"predecessor-version":[{"id":38793,"href":"https:\/\/armstrongyregion.com.ar\/diario\/wp-json\/wp\/v2\/posts\/38788\/revisions\/38793"}],"wp:featuredmedia":[{"embeddable":true,"href":"https:\/\/armstrongyregion.com.ar\/diario\/wp-json\/wp\/v2\/media\/38789"}],"wp:attachment":[{"href":"https:\/\/armstrongyregion.com.ar\/diario\/wp-json\/wp\/v2\/media?parent=38788"}],"wp:term":[{"taxonomy":"category","embeddable":true,"href":"https:\/\/armstrongyregion.com.ar\/diario\/wp-json\/wp\/v2\/categories?post=38788"},{"taxonomy":"post_tag","embeddable":true,"href":"https:\/\/armstrongyregion.com.ar\/diario\/wp-json\/wp\/v2\/tags?post=38788"}],"curies":[{"name":"wp","href":"https:\/\/api.w.org\/{rel}","templated":true}]}}