{"id":38772,"date":"2023-05-31T02:08:18","date_gmt":"2023-05-31T02:08:18","guid":{"rendered":"https:\/\/armstrongyregion.com.ar\/diario\/?p=38772"},"modified":"2023-05-31T03:21:44","modified_gmt":"2023-05-31T03:21:44","slug":"el-13-de-la-maquinaria-agricola-del-pais-se-fabrica-en-el-departamento-belgrano","status":"publish","type":"post","link":"https:\/\/armstrongyregion.com.ar\/diario\/el-13-de-la-maquinaria-agricola-del-pais-se-fabrica-en-el-departamento-belgrano\/","title":{"rendered":"El 13% de la maquinaria agr\u00edcola del pa\u00eds se fabrica en el Departamento Belgrano."},"content":{"rendered":"\n<figure class=\"wp-block-image size-large\"><a href=\"http:\/\/armstrongyregion.com.ar\/diario\/wp-content\/uploads\/2023\/05\/Scaglia-1-.jpg\"><img loading=\"lazy\" decoding=\"async\" width=\"1024\" height=\"765\" src=\"http:\/\/armstrongyregion.com.ar\/diario\/wp-content\/uploads\/2023\/05\/Scaglia-1--1024x765.jpg\" alt=\"\" class=\"wp-image-38773\" srcset=\"https:\/\/armstrongyregion.com.ar\/diario\/wp-content\/uploads\/2023\/05\/Scaglia-1--1024x765.jpg 1024w, https:\/\/armstrongyregion.com.ar\/diario\/wp-content\/uploads\/2023\/05\/Scaglia-1--300x224.jpg 300w, https:\/\/armstrongyregion.com.ar\/diario\/wp-content\/uploads\/2023\/05\/Scaglia-1--768x574.jpg 768w, https:\/\/armstrongyregion.com.ar\/diario\/wp-content\/uploads\/2023\/05\/Scaglia-1-.jpg 1080w\" sizes=\"auto, (max-width: 1024px) 100vw, 1024px\" \/><\/a><\/figure>\n\n\n\n<p>El intendente local Dr. Pablo Verdecchia estuvo de recorrida por el departamento junto a la pre-candidata a Vice-Gobernadora Gisela Scaglia y la Diputada Silvana Di Stefano.<\/p>\n\n\n\n<figure class=\"wp-block-image size-full\"><a href=\"http:\/\/armstrongyregion.com.ar\/diario\/wp-content\/uploads\/2023\/05\/Scaglia-2-.jpg\"><img loading=\"lazy\" decoding=\"async\" width=\"480\" height=\"356\" src=\"http:\/\/armstrongyregion.com.ar\/diario\/wp-content\/uploads\/2023\/05\/Scaglia-2-.jpg\" alt=\"\" class=\"wp-image-38774\" srcset=\"https:\/\/armstrongyregion.com.ar\/diario\/wp-content\/uploads\/2023\/05\/Scaglia-2-.jpg 480w, https:\/\/armstrongyregion.com.ar\/diario\/wp-content\/uploads\/2023\/05\/Scaglia-2--300x223.jpg 300w\" sizes=\"auto, (max-width: 480px) 100vw, 480px\" \/><\/a><\/figure>\n\n\n\n<p>Scaglia expres\u00f3; \u00abSeguimos recorriendo nuestra provincia de punta a punta. Dialogamos con vecinos, empresarios e instituciones. Con Maximiliano Pullaro sabemos lo que hay que hacer para cambiar Santa Fe\u00bb.<\/p>\n\n\n\n<figure class=\"wp-block-image size-full\"><a href=\"http:\/\/armstrongyregion.com.ar\/diario\/wp-content\/uploads\/2023\/05\/Scaglia-3-.jpg\"><img loading=\"lazy\" decoding=\"async\" width=\"480\" height=\"357\" src=\"http:\/\/armstrongyregion.com.ar\/diario\/wp-content\/uploads\/2023\/05\/Scaglia-3-.jpg\" alt=\"\" class=\"wp-image-38775\" srcset=\"https:\/\/armstrongyregion.com.ar\/diario\/wp-content\/uploads\/2023\/05\/Scaglia-3-.jpg 480w, https:\/\/armstrongyregion.com.ar\/diario\/wp-content\/uploads\/2023\/05\/Scaglia-3--300x223.jpg 300w\" sizes=\"auto, (max-width: 480px) 100vw, 480px\" \/><\/a><\/figure>\n\n\n\n<p>En Montes de Oca se reunieron con su Pte. Comunal Emanuel Sagripanti, con quien repasaron la agenda de propuestas y proyectos, los acompa\u00f1\u00f3 tambien la Arquitecta Sandra Cl\u00e9rici compa\u00f1era de formula de Verdecchia.<\/p>\n\n\n\n<figure class=\"wp-block-image size-full\"><a href=\"http:\/\/armstrongyregion.com.ar\/diario\/wp-content\/uploads\/2023\/05\/Scaglia-4-.jpg\"><img loading=\"lazy\" decoding=\"async\" width=\"540\" height=\"404\" src=\"http:\/\/armstrongyregion.com.ar\/diario\/wp-content\/uploads\/2023\/05\/Scaglia-4-.jpg\" alt=\"\" class=\"wp-image-38776\" srcset=\"https:\/\/armstrongyregion.com.ar\/diario\/wp-content\/uploads\/2023\/05\/Scaglia-4-.jpg 540w, https:\/\/armstrongyregion.com.ar\/diario\/wp-content\/uploads\/2023\/05\/Scaglia-4--300x224.jpg 300w\" sizes=\"auto, (max-width: 540px) 100vw, 540px\" \/><\/a><\/figure>\n\n\n\n<p>Luego se dirigieron en comitiva a la ciudad parejense, donde visitaron la empresa KADAE S.A. que desde hace 49 a\u00f1os apuesta a producir y generar empleo en dicha ciudad.<\/p>\n\n\n\n<p>Finalmente en la ciudad de Armstrong, visitaron el CCIyR, donde se sum\u00f3 el concejal Prof. Alejandro Pertusati, aqui dialogaron sobre los sectores del campo, de la industria y del comercio. Compartiendo que la pol\u00edtica tiene que acompa\u00f1ar a las empresas que producen valor agregado.<\/p>\n\n\n\n<p>Verdecchia expres\u00f3: \u00abEl departamento Belgrano produce el 13% de la maquinaria agr\u00edcola que se fabrica en el pa\u00eds. Imaginen de lo que ser\u00edamos capaces si el Kirchnerismo nos sacara el pie de encima. Belgrano puede ser uno de los motores que impulse la recuperaci\u00f3n de nuestra Argentina\u00bb.<\/p>\n","protected":false},"excerpt":{"rendered":"<p>El intendente local Dr. Pablo Verdecchia estuvo de recorrida por el departamento junto a la pre-candidata a Vice-Gobernadora Gisela Scaglia y la Diputada Silvana Di Stefano. Scaglia expres\u00f3; \u00abSeguimos recorriendo nuestra provincia de punta a punta. Dialogamos con vecinos, empresarios e instituciones. Con Maximiliano Pullaro sabemos lo que hay que hacer para cambiar Santa Fe\u00bb. <a href=\"https:\/\/armstrongyregion.com.ar\/diario\/el-13-de-la-maquinaria-agricola-del-pais-se-fabrica-en-el-departamento-belgrano\/\" title=\"Read more\" >&#8230;<\/a><\/p>\n","protected":false},"author":1,"featured_media":38773,"comment_status":"open","ping_status":"open","sticky":false,"template":"","format":"image","meta":{"_jetpack_memberships_contains_paid_content":false,"footnotes":"","jetpack_publicize_message":"","jetpack_publicize_feature_enabled":true,"jetpack_social_post_already_shared":true,"jetpack_social_options":{"image_generator_settings":{"template":"highway","default_image_id":0,"enabled":false},"version":2}},"categories":[8,1,2,7,3],"tags":[8606,9401,872,287,9400],"class_list":["post-38772","post","type-post","status-publish","format-image","has-post-thumbnail","hentry","category-deliberando","category-diario-armstrong","category-locales","category-politica","category-region","tag-belgrano-2","tag-con-verdecchia","tag-departamento","tag-recorrio","tag-scaglia","post_format-post-format-image"],"jetpack_publicize_connections":[],"jetpack_featured_media_url":"https:\/\/armstrongyregion.com.ar\/diario\/wp-content\/uploads\/2023\/05\/Scaglia-1-.jpg","jetpack_shortlink":"https:\/\/wp.me\/p62QDO-a5m","jetpack_sharing_enabled":true,"amp_enabled":true,"_links":{"self":[{"href":"https:\/\/armstrongyregion.com.ar\/diario\/wp-json\/wp\/v2\/posts\/38772","targetHints":{"allow":["GET"]}}],"collection":[{"href":"https:\/\/armstrongyregion.com.ar\/diario\/wp-json\/wp\/v2\/posts"}],"about":[{"href":"https:\/\/armstrongyregion.com.ar\/diario\/wp-json\/wp\/v2\/types\/post"}],"author":[{"embeddable":true,"href":"https:\/\/armstrongyregion.com.ar\/diario\/wp-json\/wp\/v2\/users\/1"}],"replies":[{"embeddable":true,"href":"https:\/\/armstrongyregion.com.ar\/diario\/wp-json\/wp\/v2\/comments?post=38772"}],"version-history":[{"count":1,"href":"https:\/\/armstrongyregion.com.ar\/diario\/wp-json\/wp\/v2\/posts\/38772\/revisions"}],"predecessor-version":[{"id":38777,"href":"https:\/\/armstrongyregion.com.ar\/diario\/wp-json\/wp\/v2\/posts\/38772\/revisions\/38777"}],"wp:featuredmedia":[{"embeddable":true,"href":"https:\/\/armstrongyregion.com.ar\/diario\/wp-json\/wp\/v2\/media\/38773"}],"wp:attachment":[{"href":"https:\/\/armstrongyregion.com.ar\/diario\/wp-json\/wp\/v2\/media?parent=38772"}],"wp:term":[{"taxonomy":"category","embeddable":true,"href":"https:\/\/armstrongyregion.com.ar\/diario\/wp-json\/wp\/v2\/categories?post=38772"},{"taxonomy":"post_tag","embeddable":true,"href":"https:\/\/armstrongyregion.com.ar\/diario\/wp-json\/wp\/v2\/tags?post=38772"}],"curies":[{"name":"wp","href":"https:\/\/api.w.org\/{rel}","templated":true}]}}