{"id":38719,"date":"2023-05-27T21:34:27","date_gmt":"2023-05-27T21:34:27","guid":{"rendered":"https:\/\/armstrongyregion.com.ar\/diario\/?p=38719"},"modified":"2023-05-27T21:34:29","modified_gmt":"2023-05-27T21:34:29","slug":"las-rosas-informe-del-senor-intendente-respecto-al-paro-municipal","status":"publish","type":"post","link":"https:\/\/armstrongyregion.com.ar\/diario\/las-rosas-informe-del-senor-intendente-respecto-al-paro-municipal\/","title":{"rendered":"Las Rosas. Informe del Se\u00f1or Intendente respecto al paro municipal."},"content":{"rendered":"\n<figure class=\"wp-block-image size-full\"><a href=\"http:\/\/armstrongyregion.com.ar\/diario\/wp-content\/uploads\/2022\/08\/Javier-Meyer-9-8-22-.jpg\"><img loading=\"lazy\" decoding=\"async\" width=\"597\" height=\"405\" src=\"http:\/\/armstrongyregion.com.ar\/diario\/wp-content\/uploads\/2022\/08\/Javier-Meyer-9-8-22-.jpg\" alt=\"\" class=\"wp-image-35399\" srcset=\"https:\/\/armstrongyregion.com.ar\/diario\/wp-content\/uploads\/2022\/08\/Javier-Meyer-9-8-22-.jpg 597w, https:\/\/armstrongyregion.com.ar\/diario\/wp-content\/uploads\/2022\/08\/Javier-Meyer-9-8-22--300x204.jpg 300w\" sizes=\"auto, (max-width: 597px) 100vw, 597px\" \/><\/a><\/figure>\n\n\n\n<h2 class=\"wp-block-heading\">El intendente de Las Rosas, Javier Meyer, realiz\u00f3 un resumen de la actualidad del conflicto municipal.<\/h2>\n\n\n\n<p><\/p>\n\n\n\n<figure class=\"wp-block-audio\"><audio controls src=\"http:\/\/armstrongyregion.com.ar\/diario\/wp-content\/uploads\/2023\/05\/multimedia.audio_.81fa05ef0efa10ba.MjYtMDUtMjMgTm90YSBKYXZpZXIgTWV5ZXIgKDEpLm1wMw.mp3\"><\/audio><figcaption class=\"wp-element-caption\">Intendente Javier Meyer<\/figcaption><\/figure>\n\n\n\n<p><\/p>\n\n\n\n<p>Javier Meyer pas\u00f3 por los estudios de Renacer Regional y realiz\u00f3 un resumen de la situacion actual dada en el municipio. Aclar\u00f3 que la medida de fuerza sigue adelante y que esta es realizada de manera inconstitucional.<\/p>\n\n\n\n<p>Adem\u00e1s mencion\u00f3 que va a elevar la denuncia a fiscal\u00eda.<\/p>\n\n\n\n<p>Fuente: Renacer Regional.<\/p>\n","protected":false},"excerpt":{"rendered":"<p>El intendente de Las Rosas, Javier Meyer, realiz\u00f3 un resumen de la actualidad del conflicto municipal. Javier Meyer pas\u00f3 por los estudios de Renacer Regional y realiz\u00f3 un resumen de la situacion actual dada en el municipio. Aclar\u00f3 que la medida de fuerza sigue adelante y que esta es realizada de manera inconstitucional. Adem\u00e1s mencion\u00f3 <a href=\"https:\/\/armstrongyregion.com.ar\/diario\/las-rosas-informe-del-senor-intendente-respecto-al-paro-municipal\/\" title=\"Read more\" >&#8230;<\/a><\/p>\n","protected":false},"author":1,"featured_media":35399,"comment_status":"open","ping_status":"open","sticky":false,"template":"","format":"image","meta":{"_jetpack_memberships_contains_paid_content":false,"footnotes":"","jetpack_publicize_message":"","jetpack_publicize_feature_enabled":true,"jetpack_social_post_already_shared":true,"jetpack_social_options":{"image_generator_settings":{"template":"highway","default_image_id":0,"enabled":false},"version":2}},"categories":[6,8,1,2,7,3],"tags":[179,53,8653,8503,8655,1026,3796,9387],"class_list":["post-38719","post","type-post","status-publish","format-image","has-post-thumbnail","hentry","category-cultura-entretenimiento","category-deliberando","category-diario-armstrong","category-locales","category-politica","category-region","tag-al","tag-del","tag-informe-2","tag-intendente-2","tag-municipal-2","tag-paro","tag-respecto","tag-senor","post_format-post-format-image"],"jetpack_publicize_connections":[],"jetpack_featured_media_url":"https:\/\/armstrongyregion.com.ar\/diario\/wp-content\/uploads\/2022\/08\/Javier-Meyer-9-8-22-.jpg","jetpack_shortlink":"https:\/\/wp.me\/p62QDO-a4v","jetpack_sharing_enabled":true,"amp_enabled":true,"_links":{"self":[{"href":"https:\/\/armstrongyregion.com.ar\/diario\/wp-json\/wp\/v2\/posts\/38719","targetHints":{"allow":["GET"]}}],"collection":[{"href":"https:\/\/armstrongyregion.com.ar\/diario\/wp-json\/wp\/v2\/posts"}],"about":[{"href":"https:\/\/armstrongyregion.com.ar\/diario\/wp-json\/wp\/v2\/types\/post"}],"author":[{"embeddable":true,"href":"https:\/\/armstrongyregion.com.ar\/diario\/wp-json\/wp\/v2\/users\/1"}],"replies":[{"embeddable":true,"href":"https:\/\/armstrongyregion.com.ar\/diario\/wp-json\/wp\/v2\/comments?post=38719"}],"version-history":[{"count":1,"href":"https:\/\/armstrongyregion.com.ar\/diario\/wp-json\/wp\/v2\/posts\/38719\/revisions"}],"predecessor-version":[{"id":38721,"href":"https:\/\/armstrongyregion.com.ar\/diario\/wp-json\/wp\/v2\/posts\/38719\/revisions\/38721"}],"wp:featuredmedia":[{"embeddable":true,"href":"https:\/\/armstrongyregion.com.ar\/diario\/wp-json\/wp\/v2\/media\/35399"}],"wp:attachment":[{"href":"https:\/\/armstrongyregion.com.ar\/diario\/wp-json\/wp\/v2\/media?parent=38719"}],"wp:term":[{"taxonomy":"category","embeddable":true,"href":"https:\/\/armstrongyregion.com.ar\/diario\/wp-json\/wp\/v2\/categories?post=38719"},{"taxonomy":"post_tag","embeddable":true,"href":"https:\/\/armstrongyregion.com.ar\/diario\/wp-json\/wp\/v2\/tags?post=38719"}],"curies":[{"name":"wp","href":"https:\/\/api.w.org\/{rel}","templated":true}]}}