{"id":38708,"date":"2023-05-26T22:02:58","date_gmt":"2023-05-26T22:02:58","guid":{"rendered":"https:\/\/armstrongyregion.com.ar\/diario\/?p=38708"},"modified":"2023-05-26T22:03:00","modified_gmt":"2023-05-26T22:03:00","slug":"adhesion-por-el-dia-mundial-del-reciclaje","status":"publish","type":"post","link":"https:\/\/armstrongyregion.com.ar\/diario\/adhesion-por-el-dia-mundial-del-reciclaje\/","title":{"rendered":"Adhesi\u00f3n por el D\u00eda Mundial del Reciclaje."},"content":{"rendered":"\n<figure class=\"wp-block-image size-full\"><a href=\"http:\/\/armstrongyregion.com.ar\/diario\/wp-content\/uploads\/2022\/06\/Bloque-UCR-.jpg\"><img loading=\"lazy\" decoding=\"async\" width=\"463\" height=\"388\" src=\"http:\/\/armstrongyregion.com.ar\/diario\/wp-content\/uploads\/2022\/06\/Bloque-UCR-.jpg\" alt=\"\" class=\"wp-image-34788\" srcset=\"https:\/\/armstrongyregion.com.ar\/diario\/wp-content\/uploads\/2022\/06\/Bloque-UCR-.jpg 463w, https:\/\/armstrongyregion.com.ar\/diario\/wp-content\/uploads\/2022\/06\/Bloque-UCR--300x251.jpg 300w\" sizes=\"auto, (max-width: 463px) 100vw, 463px\" \/><\/a><\/figure>\n\n\n\n<p>El bloque oficialista integrado por Prof. Alejandro Pertusati e Ing. Guillermo Luzzi, presentaron una adhesion por el Dia Mundial del Reciclaje.<\/p>\n\n\n\n<p>En dialogo con los medios locales Pertusati expres\u00f3: \u201cAprovechando la fecha del D\u00eda Mundial del reciclaje, queremos seguir apuntando a la conscientizaci\u00f3n de las personas, como dato importante en los ultimos tres a\u00f1os m\u00e1s de 400 toneladas de residuos se han procesado en la ciudad y significa un crecimiento anual de un 40%, es fundamental para la sustentabilidad, para el cuidado del medioambiente, tambien se ha sumado en los \u00faltimos d\u00edas el tratamiento de los deshechos de hormig\u00f3n, que tambi\u00e9n se reciclan y se van a utilizar en las calles de la ciudad\u201d.<\/p>\n\n\n\n<p>Siguendo la misma l\u00ednea de discurso Pertusati dijo: \u201cEl municipio esta llevando adelante este proceso y apunta a un Armstrong sustentable, pensando siempre en el concepto de que no existe un planeta B. Tenemos que conscientizar y pedir que se sigan utilizando los puntos verdes, que se siga llevando material a la planta de reciclaje en este momento ubicada en Schaer y Paran\u00e1 pronto a mudarse en el predio del PEIRA donde se va a optimizar mucho el trabajo. Hoy se esta trabajando con estadisticas y es muy importante que el tema medio ambiente se siga encarando de la mejor manera\u201d.<\/p>\n","protected":false},"excerpt":{"rendered":"<p>El bloque oficialista integrado por Prof. Alejandro Pertusati e Ing. Guillermo Luzzi, presentaron una adhesion por el Dia Mundial del Reciclaje. En dialogo con los medios locales Pertusati expres\u00f3: \u201cAprovechando la fecha del D\u00eda Mundial del reciclaje, queremos seguir apuntando a la conscientizaci\u00f3n de las personas, como dato importante en los ultimos tres a\u00f1os m\u00e1s <a href=\"https:\/\/armstrongyregion.com.ar\/diario\/adhesion-por-el-dia-mundial-del-reciclaje\/\" title=\"Read more\" >&#8230;<\/a><\/p>\n","protected":false},"author":1,"featured_media":34788,"comment_status":"open","ping_status":"open","sticky":false,"template":"","format":"image","meta":{"_jetpack_memberships_contains_paid_content":false,"footnotes":"","jetpack_publicize_message":"","jetpack_publicize_feature_enabled":true,"jetpack_social_post_already_shared":true,"jetpack_social_options":{"image_generator_settings":{"template":"highway","default_image_id":0,"enabled":false},"version":2}},"categories":[6,8,1,2,7,3],"tags":[9385,53,793,16,1890,60,8476],"class_list":["post-38708","post","type-post","status-publish","format-image","has-post-thumbnail","hentry","category-cultura-entretenimiento","category-deliberando","category-diario-armstrong","category-locales","category-politica","category-region","tag-adhesion","tag-del","tag-dia","tag-el","tag-mundial","tag-por","tag-reciclaje","post_format-post-format-image"],"jetpack_publicize_connections":[],"jetpack_featured_media_url":"https:\/\/armstrongyregion.com.ar\/diario\/wp-content\/uploads\/2022\/06\/Bloque-UCR-.jpg","jetpack_shortlink":"https:\/\/wp.me\/p62QDO-a4k","jetpack_sharing_enabled":true,"amp_enabled":true,"_links":{"self":[{"href":"https:\/\/armstrongyregion.com.ar\/diario\/wp-json\/wp\/v2\/posts\/38708","targetHints":{"allow":["GET"]}}],"collection":[{"href":"https:\/\/armstrongyregion.com.ar\/diario\/wp-json\/wp\/v2\/posts"}],"about":[{"href":"https:\/\/armstrongyregion.com.ar\/diario\/wp-json\/wp\/v2\/types\/post"}],"author":[{"embeddable":true,"href":"https:\/\/armstrongyregion.com.ar\/diario\/wp-json\/wp\/v2\/users\/1"}],"replies":[{"embeddable":true,"href":"https:\/\/armstrongyregion.com.ar\/diario\/wp-json\/wp\/v2\/comments?post=38708"}],"version-history":[{"count":2,"href":"https:\/\/armstrongyregion.com.ar\/diario\/wp-json\/wp\/v2\/posts\/38708\/revisions"}],"predecessor-version":[{"id":38710,"href":"https:\/\/armstrongyregion.com.ar\/diario\/wp-json\/wp\/v2\/posts\/38708\/revisions\/38710"}],"wp:featuredmedia":[{"embeddable":true,"href":"https:\/\/armstrongyregion.com.ar\/diario\/wp-json\/wp\/v2\/media\/34788"}],"wp:attachment":[{"href":"https:\/\/armstrongyregion.com.ar\/diario\/wp-json\/wp\/v2\/media?parent=38708"}],"wp:term":[{"taxonomy":"category","embeddable":true,"href":"https:\/\/armstrongyregion.com.ar\/diario\/wp-json\/wp\/v2\/categories?post=38708"},{"taxonomy":"post_tag","embeddable":true,"href":"https:\/\/armstrongyregion.com.ar\/diario\/wp-json\/wp\/v2\/tags?post=38708"}],"curies":[{"name":"wp","href":"https:\/\/api.w.org\/{rel}","templated":true}]}}