{"id":38686,"date":"2023-05-23T22:27:49","date_gmt":"2023-05-23T22:27:49","guid":{"rendered":"https:\/\/armstrongyregion.com.ar\/diario\/?p=38686"},"modified":"2023-05-23T22:27:52","modified_gmt":"2023-05-23T22:27:52","slug":"invitacion-para-el-acto-del-25-de-mayo-de-2023","status":"publish","type":"post","link":"https:\/\/armstrongyregion.com.ar\/diario\/invitacion-para-el-acto-del-25-de-mayo-de-2023\/","title":{"rendered":"Invitaci\u00f3n para el acto del 25 de Mayo de 2023."},"content":{"rendered":"\n<figure class=\"wp-block-image size-full\"><a href=\"http:\/\/armstrongyregion.com.ar\/diario\/wp-content\/uploads\/2023\/05\/25mayo.jpg\"><img loading=\"lazy\" decoding=\"async\" width=\"400\" height=\"400\" src=\"http:\/\/armstrongyregion.com.ar\/diario\/wp-content\/uploads\/2023\/05\/25mayo.jpg\" alt=\"\" class=\"wp-image-38687\" srcset=\"https:\/\/armstrongyregion.com.ar\/diario\/wp-content\/uploads\/2023\/05\/25mayo.jpg 400w, https:\/\/armstrongyregion.com.ar\/diario\/wp-content\/uploads\/2023\/05\/25mayo-300x300.jpg 300w, https:\/\/armstrongyregion.com.ar\/diario\/wp-content\/uploads\/2023\/05\/25mayo-150x150.jpg 150w\" sizes=\"auto, (max-width: 400px) 100vw, 400px\" \/><\/a><\/figure>\n\n\n\n<h2 class=\"wp-block-heading\">La Municipalidad de Armstrong junto a los niveles inicial, primario y secundario de la Escuela Normal Superior N\u00b0 33 \u201cDr. Mariano Moreno\u201d invitan a participar del acto oficial el jueves 25 de mayo a las 14:30 hs. en Plaza San Mart\u00edn.<\/h2>\n\n\n\n<p>Participar\u00e1n tambi\u00e9n el Coro de Adultos, Coro de Ni\u00f1os y Kinder del Conservatorio Municipal de M\u00fasica.<\/p>\n\n\n\n<p>Se cumplen 213 a\u00f1os de la Revoluci\u00f3n de Mayo y la creaci\u00f3n del Primer Gobierno Patrio de nuestro pa\u00eds. Por ello se invita a embanderar el frente de todos los edificios.<\/p>\n\n\n\n<p>En caso de lluvia se realizar\u00e1 en la Estaci\u00f3n M\u00e1s.<\/p>\n","protected":false},"excerpt":{"rendered":"<p>La Municipalidad de Armstrong junto a los niveles inicial, primario y secundario de la Escuela Normal Superior N\u00b0 33 \u201cDr. Mariano Moreno\u201d invitan a participar del acto oficial el jueves 25 de mayo a las 14:30 hs. en Plaza San Mart\u00edn. Participar\u00e1n tambi\u00e9n el Coro de Adultos, Coro de Ni\u00f1os y Kinder del Conservatorio Municipal <a href=\"https:\/\/armstrongyregion.com.ar\/diario\/invitacion-para-el-acto-del-25-de-mayo-de-2023\/\" title=\"Read more\" >&#8230;<\/a><\/p>\n","protected":false},"author":1,"featured_media":38687,"comment_status":"open","ping_status":"open","sticky":false,"template":"","format":"image","meta":{"_jetpack_memberships_contains_paid_content":false,"footnotes":"","jetpack_publicize_message":"","jetpack_publicize_feature_enabled":true,"jetpack_social_post_already_shared":true,"jetpack_social_options":{"image_generator_settings":{"template":"highway","default_image_id":0,"enabled":false},"version":2}},"categories":[6,8,1,2,7,3],"tags":[9378,1212,616],"class_list":["post-38686","post","type-post","status-publish","format-image","has-post-thumbnail","hentry","category-cultura-entretenimiento","category-deliberando","category-diario-armstrong","category-locales","category-politica","category-region","tag-25-de-mayo","tag-acto","tag-invitacion","post_format-post-format-image"],"jetpack_publicize_connections":[],"jetpack_featured_media_url":"https:\/\/armstrongyregion.com.ar\/diario\/wp-content\/uploads\/2023\/05\/25mayo.jpg","jetpack_shortlink":"https:\/\/wp.me\/p62QDO-a3Y","jetpack_sharing_enabled":true,"amp_enabled":true,"_links":{"self":[{"href":"https:\/\/armstrongyregion.com.ar\/diario\/wp-json\/wp\/v2\/posts\/38686","targetHints":{"allow":["GET"]}}],"collection":[{"href":"https:\/\/armstrongyregion.com.ar\/diario\/wp-json\/wp\/v2\/posts"}],"about":[{"href":"https:\/\/armstrongyregion.com.ar\/diario\/wp-json\/wp\/v2\/types\/post"}],"author":[{"embeddable":true,"href":"https:\/\/armstrongyregion.com.ar\/diario\/wp-json\/wp\/v2\/users\/1"}],"replies":[{"embeddable":true,"href":"https:\/\/armstrongyregion.com.ar\/diario\/wp-json\/wp\/v2\/comments?post=38686"}],"version-history":[{"count":1,"href":"https:\/\/armstrongyregion.com.ar\/diario\/wp-json\/wp\/v2\/posts\/38686\/revisions"}],"predecessor-version":[{"id":38688,"href":"https:\/\/armstrongyregion.com.ar\/diario\/wp-json\/wp\/v2\/posts\/38686\/revisions\/38688"}],"wp:featuredmedia":[{"embeddable":true,"href":"https:\/\/armstrongyregion.com.ar\/diario\/wp-json\/wp\/v2\/media\/38687"}],"wp:attachment":[{"href":"https:\/\/armstrongyregion.com.ar\/diario\/wp-json\/wp\/v2\/media?parent=38686"}],"wp:term":[{"taxonomy":"category","embeddable":true,"href":"https:\/\/armstrongyregion.com.ar\/diario\/wp-json\/wp\/v2\/categories?post=38686"},{"taxonomy":"post_tag","embeddable":true,"href":"https:\/\/armstrongyregion.com.ar\/diario\/wp-json\/wp\/v2\/tags?post=38686"}],"curies":[{"name":"wp","href":"https:\/\/api.w.org\/{rel}","templated":true}]}}