{"id":38673,"date":"2023-05-22T20:38:48","date_gmt":"2023-05-22T20:38:48","guid":{"rendered":"https:\/\/armstrongyregion.com.ar\/diario\/?p=38673"},"modified":"2023-05-22T20:38:50","modified_gmt":"2023-05-22T20:38:50","slug":"pablo-verdecchia-cuando-pullaro-sea-gobernador-se-terminan-los-aprietes-sindicales","status":"publish","type":"post","link":"https:\/\/armstrongyregion.com.ar\/diario\/pablo-verdecchia-cuando-pullaro-sea-gobernador-se-terminan-los-aprietes-sindicales\/","title":{"rendered":"Pablo Verdecchia: \u00abCuando Pullaro sea gobernador se terminan los aprietes sindicales\u00bb."},"content":{"rendered":"\n<figure class=\"wp-block-image size-full\"><a href=\"http:\/\/armstrongyregion.com.ar\/diario\/wp-content\/uploads\/2023\/05\/Pullaro-Pablo_2-.jpg\"><img loading=\"lazy\" decoding=\"async\" width=\"640\" height=\"519\" src=\"http:\/\/armstrongyregion.com.ar\/diario\/wp-content\/uploads\/2023\/05\/Pullaro-Pablo_2-.jpg\" alt=\"\" class=\"wp-image-38674\" srcset=\"https:\/\/armstrongyregion.com.ar\/diario\/wp-content\/uploads\/2023\/05\/Pullaro-Pablo_2-.jpg 640w, https:\/\/armstrongyregion.com.ar\/diario\/wp-content\/uploads\/2023\/05\/Pullaro-Pablo_2--300x243.jpg 300w\" sizes=\"auto, (max-width: 640px) 100vw, 640px\" \/><\/a><\/figure>\n\n\n\n<p>En la ciudad de Las Rosas el precandidato a Senador Provincial del Departamento<br>Belgrano Pablo Verdecchia junto al Intendente Javier Meyer recibieron a<br>Maximiliano Pullaro, acompa\u00f1ado por quien completa la formula en la carrera a la<br>Gobernaci\u00f3n Gisela Scaglia, y quien encabeza la lista de pre candidatos a<br>Diputados Provinciales Jos\u00e9 Corral y brindaron una conferencia de prensa en la<br>plaza Manuel Belgrano de la ciudad cabecera del departamento.<\/p>\n\n\n\n<figure class=\"wp-block-image size-full\"><a href=\"http:\/\/armstrongyregion.com.ar\/diario\/wp-content\/uploads\/2023\/05\/Pullaro-Pablo-1-.jpg\"><img loading=\"lazy\" decoding=\"async\" width=\"640\" height=\"570\" src=\"http:\/\/armstrongyregion.com.ar\/diario\/wp-content\/uploads\/2023\/05\/Pullaro-Pablo-1-.jpg\" alt=\"\" class=\"wp-image-38675\" srcset=\"https:\/\/armstrongyregion.com.ar\/diario\/wp-content\/uploads\/2023\/05\/Pullaro-Pablo-1-.jpg 640w, https:\/\/armstrongyregion.com.ar\/diario\/wp-content\/uploads\/2023\/05\/Pullaro-Pablo-1--300x267.jpg 300w\" sizes=\"auto, (max-width: 640px) 100vw, 640px\" \/><\/a><\/figure>\n\n\n\n<p><br>Durante la conferencia el Intendente anfitri\u00f3n, Javier Meyer agradeci\u00f3 la presencia<br>y el apoyo brindado en este momento dif\u00edcil que vive Las Rosas por las medidas<br>sindicales que son claras actitudes mafiosas que rayan la ilegalidad como ya se<br>manifestaron en otras ciudades de la provincia, seg\u00fan palabras del Intendente.<br>A su vez, el Intendente Verdecchia manifest\u00f3: \u201cEn este momento necesitamos<br>personas que tengan convicci\u00f3n y car\u00e1cter para ocuparse de los problemas que<br>afectan a la gente y frenar la kirchnerizaci\u00f3n de nuestras ciudades como proponen<br>algunas mafias sindicales. En Santa Fe no es tiempo de improvisados y Pullaro es<br>la persona que est\u00e1 m\u00e1s preparada para poner los limites necesarios\u201d.<\/p>\n\n\n\n<figure class=\"wp-block-image size-full\"><a href=\"http:\/\/armstrongyregion.com.ar\/diario\/wp-content\/uploads\/2023\/05\/Pullaro-pablo-3-.jpg\"><img loading=\"lazy\" decoding=\"async\" width=\"494\" height=\"409\" src=\"http:\/\/armstrongyregion.com.ar\/diario\/wp-content\/uploads\/2023\/05\/Pullaro-pablo-3-.jpg\" alt=\"\" class=\"wp-image-38676\" srcset=\"https:\/\/armstrongyregion.com.ar\/diario\/wp-content\/uploads\/2023\/05\/Pullaro-pablo-3-.jpg 494w, https:\/\/armstrongyregion.com.ar\/diario\/wp-content\/uploads\/2023\/05\/Pullaro-pablo-3--300x248.jpg 300w\" sizes=\"auto, (max-width: 494px) 100vw, 494px\" \/><\/a><\/figure>\n\n\n\n<p><br>Para finalizar Pullaro se refiri\u00f3 a la educaci\u00f3n, \u201crige la marcha continua para la no<br>repitencia de los alumnos eliminando el m\u00e9rito y es uno de los temas que vamos a<br>resolver\u201d; tambi\u00e9n hizo menci\u00f3n a la dura realidad en materia de seguridad que<br>atraviesa la provincia, \u201cla paz y orden resulto ser una estafa a los santafesinos por<br>parte de un gobierno que no tiene la capacidad ni el coraje para hacer frente a las<br>organizaciones delictivas.\u201d<\/p>\n","protected":false},"excerpt":{"rendered":"<p>En la ciudad de Las Rosas el precandidato a Senador Provincial del DepartamentoBelgrano Pablo Verdecchia junto al Intendente Javier Meyer recibieron aMaximiliano Pullaro, acompa\u00f1ado por quien completa la formula en la carrera a laGobernaci\u00f3n Gisela Scaglia, y quien encabeza la lista de pre candidatos aDiputados Provinciales Jos\u00e9 Corral y brindaron una conferencia de prensa en <a href=\"https:\/\/armstrongyregion.com.ar\/diario\/pablo-verdecchia-cuando-pullaro-sea-gobernador-se-terminan-los-aprietes-sindicales\/\" title=\"Read more\" >&#8230;<\/a><\/p>\n","protected":false},"author":1,"featured_media":38675,"comment_status":"open","ping_status":"open","sticky":false,"template":"","format":"image","meta":{"_jetpack_memberships_contains_paid_content":false,"footnotes":"","jetpack_publicize_message":"","jetpack_publicize_feature_enabled":true,"jetpack_social_post_already_shared":true,"jetpack_social_options":{"image_generator_settings":{"template":"highway","default_image_id":0,"enabled":false},"version":2}},"categories":[6,8,1,2,7,3],"tags":[1753,766,2646,2846,3872,9376,9374],"class_list":["post-38673","post","type-post","status-publish","format-image","has-post-thumbnail","hentry","category-cultura-entretenimiento","category-deliberando","category-diario-armstrong","category-locales","category-politica","category-region","tag-cuando","tag-gobernador","tag-pablo-verdecchia","tag-pullaro","tag-sea","tag-sindicales","tag-terminan","post_format-post-format-image"],"jetpack_publicize_connections":[],"jetpack_featured_media_url":"https:\/\/armstrongyregion.com.ar\/diario\/wp-content\/uploads\/2023\/05\/Pullaro-Pablo-1-.jpg","jetpack_shortlink":"https:\/\/wp.me\/p62QDO-a3L","jetpack_sharing_enabled":true,"amp_enabled":true,"_links":{"self":[{"href":"https:\/\/armstrongyregion.com.ar\/diario\/wp-json\/wp\/v2\/posts\/38673","targetHints":{"allow":["GET"]}}],"collection":[{"href":"https:\/\/armstrongyregion.com.ar\/diario\/wp-json\/wp\/v2\/posts"}],"about":[{"href":"https:\/\/armstrongyregion.com.ar\/diario\/wp-json\/wp\/v2\/types\/post"}],"author":[{"embeddable":true,"href":"https:\/\/armstrongyregion.com.ar\/diario\/wp-json\/wp\/v2\/users\/1"}],"replies":[{"embeddable":true,"href":"https:\/\/armstrongyregion.com.ar\/diario\/wp-json\/wp\/v2\/comments?post=38673"}],"version-history":[{"count":1,"href":"https:\/\/armstrongyregion.com.ar\/diario\/wp-json\/wp\/v2\/posts\/38673\/revisions"}],"predecessor-version":[{"id":38677,"href":"https:\/\/armstrongyregion.com.ar\/diario\/wp-json\/wp\/v2\/posts\/38673\/revisions\/38677"}],"wp:featuredmedia":[{"embeddable":true,"href":"https:\/\/armstrongyregion.com.ar\/diario\/wp-json\/wp\/v2\/media\/38675"}],"wp:attachment":[{"href":"https:\/\/armstrongyregion.com.ar\/diario\/wp-json\/wp\/v2\/media?parent=38673"}],"wp:term":[{"taxonomy":"category","embeddable":true,"href":"https:\/\/armstrongyregion.com.ar\/diario\/wp-json\/wp\/v2\/categories?post=38673"},{"taxonomy":"post_tag","embeddable":true,"href":"https:\/\/armstrongyregion.com.ar\/diario\/wp-json\/wp\/v2\/tags?post=38673"}],"curies":[{"name":"wp","href":"https:\/\/api.w.org\/{rel}","templated":true}]}}