{"id":38641,"date":"2023-05-20T00:48:14","date_gmt":"2023-05-20T00:48:14","guid":{"rendered":"https:\/\/armstrongyregion.com.ar\/diario\/?p=38641"},"modified":"2023-05-20T00:48:17","modified_gmt":"2023-05-20T00:48:17","slug":"conflicto-municipal-verdecchia-brindo-su-apoyo-al-intendente-javier-meyer","status":"publish","type":"post","link":"https:\/\/armstrongyregion.com.ar\/diario\/conflicto-municipal-verdecchia-brindo-su-apoyo-al-intendente-javier-meyer\/","title":{"rendered":"Conflicto Municipal: Verdecchia brind\u00f3 su apoyo al intendente Javier Meyer."},"content":{"rendered":"\n<figure class=\"wp-block-image size-full\"><a href=\"http:\/\/armstrongyregion.com.ar\/diario\/wp-content\/uploads\/2023\/05\/Paro-Provincial-.jpg\"><img loading=\"lazy\" decoding=\"async\" width=\"711\" height=\"699\" src=\"http:\/\/armstrongyregion.com.ar\/diario\/wp-content\/uploads\/2023\/05\/Paro-Provincial-.jpg\" alt=\"\" class=\"wp-image-38644\" srcset=\"https:\/\/armstrongyregion.com.ar\/diario\/wp-content\/uploads\/2023\/05\/Paro-Provincial-.jpg 711w, https:\/\/armstrongyregion.com.ar\/diario\/wp-content\/uploads\/2023\/05\/Paro-Provincial--300x295.jpg 300w\" sizes=\"auto, (max-width: 711px) 100vw, 711px\" \/><\/a><\/figure>\n\n\n\n<h2 class=\"wp-block-heading\">En medio del conflicto municipal de Las Rosas, el intendente de Armstrong apoy\u00f3 la postura tomada por Meyer.<\/h2>\n\n\n\n<figure class=\"wp-block-audio\"><audio controls src=\"http:\/\/armstrongyregion.com.ar\/diario\/wp-content\/uploads\/2023\/05\/multimedia.audio_.b2b748e7f12b05e7.V2hhdHNBcHAtQXVkaW8tMjAyMy0wNS0xOS1hdC0xOS4ubXAz.mp3\"><\/audio><figcaption class=\"wp-element-caption\"><strong>Nota Intendente de Armstrong. Dr. Pablo Verdecchia.<\/strong><\/figcaption><\/figure>\n\n\n\n<p><\/p>\n\n\n\n<figure class=\"wp-block-audio\"><audio controls src=\"http:\/\/armstrongyregion.com.ar\/diario\/wp-content\/uploads\/2023\/05\/multimedia.audio_.b170ec81aa5e98ae.V2hhdHNBcHAtQXVkaW8tMjAyMy0wNS0xOS1hdC0xOS4ubXAz.mp3\"><\/audio><figcaption class=\"wp-element-caption\"><strong>Nota Intendente de Las Rosas: Javier Meyer.<\/strong><\/figcaption><\/figure>\n\n\n\n<p><\/p>\n\n\n\n<p>El intendente de Armstrong Pablo Verdecchia estuvo esta ma\u00f1ana en Las Rosas y brindo todo su apoyo a Javier Meyer. Se mostr\u00f3 acompa\u00f1ando la decisi\u00f3n del ejecutivo local y sostuvo lo siguiente:<\/p>\n\n\n\n<p>\u00abSi, si cuando uno ve determinados cosas no puede dejar de preocuparse, en todos estos d\u00edas estamos angustiados, preocupados, cansados, pero ver la situaci\u00f3n de lo que fue esta ma\u00f1ana en la ciudad de Las Rosas, la verdad llega un punto donde uno dice basta, no podemos seguir permitiendo que esta conurbanizacion de nuestras ciudades&#8230;que no estamos acostumbrados a esto, esta gente se piensa que con los aprietes, que con las amenazas pueden conseguir cosas, eso basta, y cuando uno ve a Javier y lo venimos hablando a esto, no se esta ac\u00e1 para robar, o por b\u00fasqueda de poder, uno esta con vocaci\u00f3n de servicio y cuando uno ve que unos tipos que vienen y no solo que no est\u00e1n trabajando hace 10 d\u00edas. Sino que vienen y siguen ensuciando, siguen rompiendo, quemando cubiertas, cosas que no estamos acostumbrados, la verdad que estas cuestiones pol\u00edticas y siempre le hablo a todos los pol\u00edticos, basta, basta, no podemos hacer este tipo de medidas pol\u00edticas teniendo en cuenta la situaci\u00f3n en la que estamos viviendo\u00bb. &nbsp;<\/p>\n\n\n\n<p>\u00abLa gente esta cansada de esto, con la inflaci\u00f3n que hay la esta pasando muy mal. Y encima ve a estos tipos que por no trabajar quieren seguir cobrando, \u00bfhasta donde vamos a llegar?\u00bb.<\/p>\n\n\n\n<p>Fuente: Renacer FM<\/p>\n","protected":false},"excerpt":{"rendered":"<p>En medio del conflicto municipal de Las Rosas, el intendente de Armstrong apoy\u00f3 la postura tomada por Meyer. El intendente de Armstrong Pablo Verdecchia estuvo esta ma\u00f1ana en Las Rosas y brindo todo su apoyo a Javier Meyer. Se mostr\u00f3 acompa\u00f1ando la decisi\u00f3n del ejecutivo local y sostuvo lo siguiente: \u00abSi, si cuando uno ve <a href=\"https:\/\/armstrongyregion.com.ar\/diario\/conflicto-municipal-verdecchia-brindo-su-apoyo-al-intendente-javier-meyer\/\" title=\"Read more\" >&#8230;<\/a><\/p>\n","protected":false},"author":1,"featured_media":38644,"comment_status":"open","ping_status":"open","sticky":false,"template":"","format":"image","meta":{"_jetpack_memberships_contains_paid_content":false,"footnotes":"","jetpack_publicize_message":"","jetpack_publicize_feature_enabled":true,"jetpack_social_post_already_shared":true,"jetpack_social_options":{"image_generator_settings":{"template":"highway","default_image_id":0,"enabled":false},"version":2}},"categories":[8,1,2,7,3],"tags":[],"class_list":["post-38641","post","type-post","status-publish","format-image","has-post-thumbnail","hentry","category-deliberando","category-diario-armstrong","category-locales","category-politica","category-region","post_format-post-format-image"],"jetpack_publicize_connections":[],"jetpack_featured_media_url":"https:\/\/armstrongyregion.com.ar\/diario\/wp-content\/uploads\/2023\/05\/Paro-Provincial-.jpg","jetpack_shortlink":"https:\/\/wp.me\/p62QDO-a3f","jetpack_sharing_enabled":true,"amp_enabled":true,"_links":{"self":[{"href":"https:\/\/armstrongyregion.com.ar\/diario\/wp-json\/wp\/v2\/posts\/38641","targetHints":{"allow":["GET"]}}],"collection":[{"href":"https:\/\/armstrongyregion.com.ar\/diario\/wp-json\/wp\/v2\/posts"}],"about":[{"href":"https:\/\/armstrongyregion.com.ar\/diario\/wp-json\/wp\/v2\/types\/post"}],"author":[{"embeddable":true,"href":"https:\/\/armstrongyregion.com.ar\/diario\/wp-json\/wp\/v2\/users\/1"}],"replies":[{"embeddable":true,"href":"https:\/\/armstrongyregion.com.ar\/diario\/wp-json\/wp\/v2\/comments?post=38641"}],"version-history":[{"count":1,"href":"https:\/\/armstrongyregion.com.ar\/diario\/wp-json\/wp\/v2\/posts\/38641\/revisions"}],"predecessor-version":[{"id":38645,"href":"https:\/\/armstrongyregion.com.ar\/diario\/wp-json\/wp\/v2\/posts\/38641\/revisions\/38645"}],"wp:featuredmedia":[{"embeddable":true,"href":"https:\/\/armstrongyregion.com.ar\/diario\/wp-json\/wp\/v2\/media\/38644"}],"wp:attachment":[{"href":"https:\/\/armstrongyregion.com.ar\/diario\/wp-json\/wp\/v2\/media?parent=38641"}],"wp:term":[{"taxonomy":"category","embeddable":true,"href":"https:\/\/armstrongyregion.com.ar\/diario\/wp-json\/wp\/v2\/categories?post=38641"},{"taxonomy":"post_tag","embeddable":true,"href":"https:\/\/armstrongyregion.com.ar\/diario\/wp-json\/wp\/v2\/tags?post=38641"}],"curies":[{"name":"wp","href":"https:\/\/api.w.org\/{rel}","templated":true}]}}