{"id":38638,"date":"2023-05-19T21:18:59","date_gmt":"2023-05-19T21:18:59","guid":{"rendered":"https:\/\/armstrongyregion.com.ar\/diario\/?p=38638"},"modified":"2023-05-19T21:19:02","modified_gmt":"2023-05-19T21:19:02","slug":"precandidatos-a-senador-departamento-belgrano","status":"publish","type":"post","link":"https:\/\/armstrongyregion.com.ar\/diario\/precandidatos-a-senador-departamento-belgrano\/","title":{"rendered":"Precandidatos a Senador Departamento Belgrano."},"content":{"rendered":"\n<figure class=\"wp-block-image size-full\"><a href=\"http:\/\/armstrongyregion.com.ar\/diario\/wp-content\/uploads\/2021\/09\/elecciones-.jpg\"><img loading=\"lazy\" decoding=\"async\" width=\"800\" height=\"450\" src=\"http:\/\/armstrongyregion.com.ar\/diario\/wp-content\/uploads\/2021\/09\/elecciones-.jpg\" alt=\"\" class=\"wp-image-31729\" srcset=\"https:\/\/armstrongyregion.com.ar\/diario\/wp-content\/uploads\/2021\/09\/elecciones-.jpg 800w, https:\/\/armstrongyregion.com.ar\/diario\/wp-content\/uploads\/2021\/09\/elecciones--300x169.jpg 300w, https:\/\/armstrongyregion.com.ar\/diario\/wp-content\/uploads\/2021\/09\/elecciones--768x432.jpg 768w\" sizes=\"auto, (max-width: 800px) 100vw, 800px\" \/><\/a><\/figure>\n\n\n\n<h2 class=\"wp-block-heading\">En total son 11 binomios entre el titular y el suplente. Guillermo Cornaglia ir\u00e1 por la reelecci\u00f3n y volver\u00e1 a estar acompa\u00f1ado por Erica Molteni.<\/h2>\n\n\n\n<p>En las elecciones PASO del 16 de julio habr\u00e1 internas en Unidos para Cambiar Santa Fe, en Juntos Avancemos y en el Frente de Izquierda y de los Trabajadores (FIT).<\/p>\n\n\n\n<p><strong>ESTOS SON TODOS LOS PRECANDIDATOS:<\/strong><\/p>\n\n\n\n<p><strong>UNIDOS PARA CAMBIAR SANTA FE \u2013<\/strong>\u00a0Pablo Verdecchia y Sandra Cl\u00e9rici<\/p>\n\n\n\n<p><strong>UNIDOS PARA CAMBIAR SANTA FE \u2013<\/strong>&nbsp;Ciriaco Castillo y Mar\u00eda Laura Panigatti<\/p>\n\n\n\n<p><strong>UNIDOS PARA CAMIBAR SANTA FE \u2013<\/strong>&nbsp;Carlos Castellani y Florencia Laola<\/p>\n\n\n\n<p><strong>JUNTOS AVANCEMOS \u2013<\/strong>&nbsp;Guillermo Cornaglia y Erica Molteni<\/p>\n\n\n\n<p><strong>JUNTOS AVANCEMOS \u2013<\/strong>&nbsp;Eduardo Pablo Moro y Alejandra Mart\u00ednez<\/p>\n\n\n\n<p><strong>FRENTE DE IZQUIERDA Y DE LOS TRABAJADORES \u2013<\/strong>&nbsp;Fernando Petrini y Luciana Rold\u00e1n<\/p>\n\n\n\n<p><strong>FRENTE DE IZQUIERDA Y DE LOS TRABAJADORES \u2013<\/strong>&nbsp;Jorge Hersamo y &nbsp;Sonia Nu\u00f1ez<\/p>\n\n\n\n<p><strong>DEM\u00d3CRATA CRISTIANO \u2013<\/strong>&nbsp;Alberto Crossetti y Agustina Mirabelli<\/p>\n\n\n\n<p><strong>VIVA LA LIBERTAD \u2013<\/strong>&nbsp;Hugo Javier Mujica y Mar\u00eda del Pilar Cardozo<\/p>\n\n\n\n<p><strong>COALICI\u00d3N C\u00cdVICA-ARI<\/strong>&nbsp;&#8211; Ra\u00fal Cejas y Mar\u00eda V. Carbonari<\/p>\n\n\n\n<p><strong>ESCUCHARTE \u2013<\/strong>&nbsp;Javier Almada y Liliana Baz\u00e1n<\/p>\n","protected":false},"excerpt":{"rendered":"<p>En total son 11 binomios entre el titular y el suplente. Guillermo Cornaglia ir\u00e1 por la reelecci\u00f3n y volver\u00e1 a estar acompa\u00f1ado por Erica Molteni. En las elecciones PASO del 16 de julio habr\u00e1 internas en Unidos para Cambiar Santa Fe, en Juntos Avancemos y en el Frente de Izquierda y de los Trabajadores (FIT). <a href=\"https:\/\/armstrongyregion.com.ar\/diario\/precandidatos-a-senador-departamento-belgrano\/\" title=\"Read more\" >&#8230;<\/a><\/p>\n","protected":false},"author":1,"featured_media":31729,"comment_status":"open","ping_status":"open","sticky":false,"template":"","format":"image","meta":{"_jetpack_memberships_contains_paid_content":false,"footnotes":"","jetpack_publicize_message":"","jetpack_publicize_feature_enabled":true,"jetpack_social_post_already_shared":true,"jetpack_social_options":{"image_generator_settings":{"template":"highway","default_image_id":0,"enabled":false},"version":2}},"categories":[8,1,2,7,3],"tags":[33,8606,872,871,238],"class_list":["post-38638","post","type-post","status-publish","format-image","has-post-thumbnail","hentry","category-deliberando","category-diario-armstrong","category-locales","category-politica","category-region","tag-a","tag-belgrano-2","tag-departamento","tag-precandidatos","tag-senador","post_format-post-format-image"],"jetpack_publicize_connections":[],"jetpack_featured_media_url":"https:\/\/armstrongyregion.com.ar\/diario\/wp-content\/uploads\/2021\/09\/elecciones-.jpg","jetpack_shortlink":"https:\/\/wp.me\/p62QDO-a3c","jetpack_sharing_enabled":true,"amp_enabled":true,"_links":{"self":[{"href":"https:\/\/armstrongyregion.com.ar\/diario\/wp-json\/wp\/v2\/posts\/38638","targetHints":{"allow":["GET"]}}],"collection":[{"href":"https:\/\/armstrongyregion.com.ar\/diario\/wp-json\/wp\/v2\/posts"}],"about":[{"href":"https:\/\/armstrongyregion.com.ar\/diario\/wp-json\/wp\/v2\/types\/post"}],"author":[{"embeddable":true,"href":"https:\/\/armstrongyregion.com.ar\/diario\/wp-json\/wp\/v2\/users\/1"}],"replies":[{"embeddable":true,"href":"https:\/\/armstrongyregion.com.ar\/diario\/wp-json\/wp\/v2\/comments?post=38638"}],"version-history":[{"count":1,"href":"https:\/\/armstrongyregion.com.ar\/diario\/wp-json\/wp\/v2\/posts\/38638\/revisions"}],"predecessor-version":[{"id":38639,"href":"https:\/\/armstrongyregion.com.ar\/diario\/wp-json\/wp\/v2\/posts\/38638\/revisions\/38639"}],"wp:featuredmedia":[{"embeddable":true,"href":"https:\/\/armstrongyregion.com.ar\/diario\/wp-json\/wp\/v2\/media\/31729"}],"wp:attachment":[{"href":"https:\/\/armstrongyregion.com.ar\/diario\/wp-json\/wp\/v2\/media?parent=38638"}],"wp:term":[{"taxonomy":"category","embeddable":true,"href":"https:\/\/armstrongyregion.com.ar\/diario\/wp-json\/wp\/v2\/categories?post=38638"},{"taxonomy":"post_tag","embeddable":true,"href":"https:\/\/armstrongyregion.com.ar\/diario\/wp-json\/wp\/v2\/tags?post=38638"}],"curies":[{"name":"wp","href":"https:\/\/api.w.org\/{rel}","templated":true}]}}