{"id":38632,"date":"2023-05-18T23:45:43","date_gmt":"2023-05-18T23:45:43","guid":{"rendered":"https:\/\/armstrongyregion.com.ar\/diario\/?p=38632"},"modified":"2023-05-18T23:45:46","modified_gmt":"2023-05-18T23:45:46","slug":"monica-fein-y-clara-garcia-vamos-a-recuperar-la-educacion-para-que-los-jovenes-tengan-oportunidades-de-trabajo","status":"publish","type":"post","link":"https:\/\/armstrongyregion.com.ar\/diario\/monica-fein-y-clara-garcia-vamos-a-recuperar-la-educacion-para-que-los-jovenes-tengan-oportunidades-de-trabajo\/","title":{"rendered":"M\u00f3nica Fein y Clara Garc\u00eda: \u201cVamos a recuperar la educaci\u00f3n para que los j\u00f3venes tengan oportunidades de trabajo\u00bb"},"content":{"rendered":"\n<figure class=\"wp-block-image size-full\"><a href=\"http:\/\/armstrongyregion.com.ar\/diario\/wp-content\/uploads\/2023\/05\/clara-Garcia-.jpg\"><img loading=\"lazy\" decoding=\"async\" width=\"640\" height=\"411\" src=\"http:\/\/armstrongyregion.com.ar\/diario\/wp-content\/uploads\/2023\/05\/clara-Garcia-.jpg\" alt=\"\" class=\"wp-image-38633\" srcset=\"https:\/\/armstrongyregion.com.ar\/diario\/wp-content\/uploads\/2023\/05\/clara-Garcia-.jpg 640w, https:\/\/armstrongyregion.com.ar\/diario\/wp-content\/uploads\/2023\/05\/clara-Garcia--300x193.jpg 300w\" sizes=\"auto, (max-width: 640px) 100vw, 640px\" \/><\/a><\/figure>\n\n\n\n<p><em><strong>Las precandidatas de la lista Adelante del frente Unidos Para Cambiar Santa Fe a gobernadora y a diputada provincial visitaron la tradicional escuela t\u00e9cnica Pizarro en la ciudad de Santa Fe. Coincidieron en se\u00f1alar la necesidad de \u201cgestionar m\u00e1s pasant\u00edas e inversi\u00f3n para garantizar el tr\u00e1nsito de la capacitaci\u00f3n hasta la posibilidad de un empleo\u201d<\/strong><\/em>.<\/p>\n\n\n\n<p>Las precandidatas de Unidos para Cambiar Santa Fe a gobernadora M\u00f3nica Fein, y a diputada provincial Clara Garc\u00eda coincidieron en que la provincia \u201cdebe recuperar un modelo de Educaci\u00f3n de calidad que vincule a los j\u00f3venes con el mundo laboral y les permita cumplir sus sue\u00f1os de vida\u201d, durante una visita que realizaron en conjunto este jueves a la Escuela de Educaci\u00f3n T\u00e9cnico Profesional N\u00b0479 \u201cManuel Pizarro\u201d, uno de los tradicionales establecimientos educativos de la ciudad de Santa Fe.<br><br>Tras la recorrida junto a los tambi\u00e9n precandidatos de la lista Adelante a vicegobernador, Eugenio Fern\u00e1ndez, y a senador por el departamento La Capital, Julio Garibaldi, Fein hizo \u00e9nfasis en que \u201cla educaci\u00f3n tiene que estar unida al trabajo; eso es lo que queremos jerarquizar a futuro. Por eso para nosotros es muy importante recorrer las escuelas t\u00e9cnicas, ver c\u00f3mo los docentes, los directivos, las instituciones en general, se comprometen con la educaci\u00f3n de nuestros j\u00f3venes\u201d.\u00a0<br><br>\u201cSanta Fe ha tenido en estos tres a\u00f1os un fuerte retroceso en materia de educaci\u00f3n \u2013expres\u00f3 en referencia a la administraci\u00f3n de Omar Perotti-; ser\u00e1 necesario volver a construir una pol\u00edtica que recupere el sistema educativo en todos sus niveles y junto a todos sus actores. Eso demanda un liderazgo pol\u00edtico comprometido en esa direcci\u00f3n; algo que no hemos visto en este gobierno provincial ni en sus funcionarios\u201d, sostuvo. \u00a0<br><br>En la Pizzarro se estudian dos carreras: t\u00e9cnico electromec\u00e1nico y qu\u00edmico. Tambi\u00e9n cuenta con una planta de elaboraci\u00f3n de quesos y yogurt, y est\u00e1n empezando a elaborar cerveza artesanal. Se trata de un espacio modelo que permite a los alumnos y alumnas realizar pr\u00e1cticas que les servir\u00e1n para insertarse en el mundo del trabajo.<br><br>En la oportunidad, las precandidatas observaron la elaboraci\u00f3n de yogur por parte de los alumnos y alumnas de quinto a\u00f1o en el marco de la materia microbiolog\u00eda industrial.<br><br>En ese contexto, Fein marc\u00f3 la necesidad de \u201cacompa\u00f1ar a las familias, gestionar pasant\u00edas como las que ya tienen y muchas m\u00e1s, garantizar el equipamiento que acompa\u00f1e el maravilloso trabajo que desarrollan los docentes para lograr un futuro con trabajo para nuestros chicos y chicas\u201d.<br><br>En la misma l\u00ednea, Garc\u00eda puso de relieve que en el establecimiento \u201cse forman 800 j\u00f3venes para el trabajo\u201d y coincidi\u00f3 en la importancia de que cuente con \u201cla infraestructura, los docentes, y la inversi\u00f3n que requiere garantizar ese tr\u00e1nsito desde la capacitaci\u00f3n hasta la posibilidad de un empleo. Los gobiernos del Frente Progresista realizaron una gran inversi\u00f3n en los institutos t\u00e9cnicos y en proveer los equipos necesarios. Hoy el mundo es sin\u00f3nimo de tecnolog\u00eda y como queremos dar vuelta la p\u00e1gina de una gesti\u00f3n que nunca tuvo un plan ni equipos capacitados, renovamos nuestro compromiso para que nuestros chicos y chicas tengan las mismas posibilidades de futuro\u201d, afirm\u00f3.<br><br>La planta visitada, \u00fanica en su tipo para escuelas t\u00e9cnicas, fue construida con fondos del Instituto Nacional de Educaci\u00f3n T\u00e9cnica (Inet) e inaugurada en 2009 con la presencia de del entonces gobernador Hermes Binner.<br>\u00a0<\/p>\n","protected":false},"excerpt":{"rendered":"<p>Las precandidatas de la lista Adelante del frente Unidos Para Cambiar Santa Fe a gobernadora y a diputada provincial visitaron la tradicional escuela t\u00e9cnica Pizarro en la ciudad de Santa Fe. Coincidieron en se\u00f1alar la necesidad de \u201cgestionar m\u00e1s pasant\u00edas e inversi\u00f3n para garantizar el tr\u00e1nsito de la capacitaci\u00f3n hasta la posibilidad de un empleo\u201d. <a href=\"https:\/\/armstrongyregion.com.ar\/diario\/monica-fein-y-clara-garcia-vamos-a-recuperar-la-educacion-para-que-los-jovenes-tengan-oportunidades-de-trabajo\/\" title=\"Read more\" >&#8230;<\/a><\/p>\n","protected":false},"author":1,"featured_media":38633,"comment_status":"open","ping_status":"open","sticky":false,"template":"","format":"image","meta":{"_jetpack_memberships_contains_paid_content":false,"footnotes":"","jetpack_publicize_message":"","jetpack_publicize_feature_enabled":true,"jetpack_social_post_already_shared":true,"jetpack_social_options":{"image_generator_settings":{"template":"highway","default_image_id":0,"enabled":false},"version":2}},"categories":[8,1,2,7,3],"tags":[9196,8618,67,42,9364,9366,81,9365],"class_list":["post-38632","post","type-post","status-publish","format-image","has-post-thumbnail","hentry","category-deliberando","category-diario-armstrong","category-locales","category-politica","category-region","tag-clara-garcia","tag-educacion-2","tag-jovenes","tag-los","tag-monica-fein","tag-oportunidades","tag-para","tag-tengan","post_format-post-format-image"],"jetpack_publicize_connections":[],"jetpack_featured_media_url":"https:\/\/armstrongyregion.com.ar\/diario\/wp-content\/uploads\/2023\/05\/clara-Garcia-.jpg","jetpack_shortlink":"https:\/\/wp.me\/p62QDO-a36","jetpack_sharing_enabled":true,"amp_enabled":true,"_links":{"self":[{"href":"https:\/\/armstrongyregion.com.ar\/diario\/wp-json\/wp\/v2\/posts\/38632","targetHints":{"allow":["GET"]}}],"collection":[{"href":"https:\/\/armstrongyregion.com.ar\/diario\/wp-json\/wp\/v2\/posts"}],"about":[{"href":"https:\/\/armstrongyregion.com.ar\/diario\/wp-json\/wp\/v2\/types\/post"}],"author":[{"embeddable":true,"href":"https:\/\/armstrongyregion.com.ar\/diario\/wp-json\/wp\/v2\/users\/1"}],"replies":[{"embeddable":true,"href":"https:\/\/armstrongyregion.com.ar\/diario\/wp-json\/wp\/v2\/comments?post=38632"}],"version-history":[{"count":1,"href":"https:\/\/armstrongyregion.com.ar\/diario\/wp-json\/wp\/v2\/posts\/38632\/revisions"}],"predecessor-version":[{"id":38634,"href":"https:\/\/armstrongyregion.com.ar\/diario\/wp-json\/wp\/v2\/posts\/38632\/revisions\/38634"}],"wp:featuredmedia":[{"embeddable":true,"href":"https:\/\/armstrongyregion.com.ar\/diario\/wp-json\/wp\/v2\/media\/38633"}],"wp:attachment":[{"href":"https:\/\/armstrongyregion.com.ar\/diario\/wp-json\/wp\/v2\/media?parent=38632"}],"wp:term":[{"taxonomy":"category","embeddable":true,"href":"https:\/\/armstrongyregion.com.ar\/diario\/wp-json\/wp\/v2\/categories?post=38632"},{"taxonomy":"post_tag","embeddable":true,"href":"https:\/\/armstrongyregion.com.ar\/diario\/wp-json\/wp\/v2\/tags?post=38632"}],"curies":[{"name":"wp","href":"https:\/\/api.w.org\/{rel}","templated":true}]}}