{"id":38594,"date":"2023-05-16T21:19:51","date_gmt":"2023-05-16T21:19:51","guid":{"rendered":"https:\/\/armstrongyregion.com.ar\/diario\/?p=38594"},"modified":"2023-05-16T21:19:53","modified_gmt":"2023-05-16T21:19:53","slug":"habitantes-y-ciudadanos-de-ballesteros-sud-informan-su-realidad","status":"publish","type":"post","link":"https:\/\/armstrongyregion.com.ar\/diario\/habitantes-y-ciudadanos-de-ballesteros-sud-informan-su-realidad\/","title":{"rendered":"Habitantes y Ciudadanos de Ballesteros Sud informan su realidad."},"content":{"rendered":"\n<figure class=\"wp-block-image size-full\"><a href=\"http:\/\/armstrongyregion.com.ar\/diario\/wp-content\/uploads\/2023\/05\/ballesteros-.jpg\"><img loading=\"lazy\" decoding=\"async\" width=\"500\" height=\"312\" src=\"http:\/\/armstrongyregion.com.ar\/diario\/wp-content\/uploads\/2023\/05\/ballesteros-.jpg\" alt=\"\" class=\"wp-image-38595\" srcset=\"https:\/\/armstrongyregion.com.ar\/diario\/wp-content\/uploads\/2023\/05\/ballesteros-.jpg 500w, https:\/\/armstrongyregion.com.ar\/diario\/wp-content\/uploads\/2023\/05\/ballesteros--300x187.jpg 300w\" sizes=\"auto, (max-width: 500px) 100vw, 500px\" \/><\/a><\/figure>\n\n\n\n<p>\u00a0\u00abComo habitantes y ciudadanos de la localidad de Ballesteros Sud, provincia de C\u00f3rdoba, queremos hacer p\u00fablica una situaci\u00f3n preocupante para todos nosotros, sobre todo en \u00e9poca electoral\u00bb.<\/p>\n\n\n\n<ul class=\"wp-block-list\">\n<li>Ballesteros Sud tiene aproximadamente entre 600 y 700 habitantes, incluyendo zonas rurales.<\/li>\n<\/ul>\n\n\n\n<ul class=\"wp-block-list\">\n<li>En los \u00faltimos 12 a\u00f1os, el padr\u00f3n electoral se fue incrementando con gente que nadie conoce, con domicilios falsos instituidos en el campo o en las mismas calles del pueblo sin numeraci\u00f3n de vivienda, porque las mismas no existen. Esas personas votan y no habitan en la localidad, siendo desconocidas para todos.<\/li>\n<\/ul>\n\n\n\n<ul class=\"wp-block-list\">\n<li>El \u00faltimo padr\u00f3n, desde el a\u00f1o 2019 al 2023, se increment\u00f3 con 334 cambios de domicilios a la vez. En cuanto que el padr\u00f3n actual para las elecciones del 11 de junio pr\u00f3ximo cuenta con un total de 2.134 electores, considerando que el 85% de ese padr\u00f3n emite su voto.<\/li>\n<\/ul>\n\n\n\n<ul class=\"wp-block-list\">\n<li>En el a\u00f1o 2021 la elecci\u00f3n legislativa termin\u00f3 con 299 votos a favor del candidato del Frente de Todos.<\/li>\n<\/ul>\n\n\n\n<p>Fuente: Alianza UNIDOS POR BALLESTEROS SUD.<\/p>\n","protected":false},"excerpt":{"rendered":"<p>\u00a0\u00abComo habitantes y ciudadanos de la localidad de Ballesteros Sud, provincia de C\u00f3rdoba, queremos hacer p\u00fablica una situaci\u00f3n preocupante para todos nosotros, sobre todo en \u00e9poca electoral\u00bb. Fuente: Alianza UNIDOS POR BALLESTEROS SUD.<\/p>\n","protected":false},"author":1,"featured_media":38595,"comment_status":"open","ping_status":"open","sticky":false,"template":"","format":"image","meta":{"_jetpack_memberships_contains_paid_content":false,"footnotes":"","jetpack_publicize_message":"","jetpack_publicize_feature_enabled":true,"jetpack_social_post_already_shared":true,"jetpack_social_options":{"image_generator_settings":{"template":"highway","default_image_id":0,"enabled":false},"version":2}},"categories":[8,1,2,7,3],"tags":[9349,9348,3677,19,9347,9352,35,9350,13],"class_list":["post-38594","post","type-post","status-publish","format-image","has-post-thumbnail","hentry","category-deliberando","category-diario-armstrong","category-locales","category-politica","category-region","tag-ballesteros","tag-ciudadano-2","tag-ciudadanos","tag-de","tag-habitantes","tag-realidad-2","tag-su","tag-sud","tag-y","post_format-post-format-image"],"jetpack_publicize_connections":[],"jetpack_featured_media_url":"https:\/\/armstrongyregion.com.ar\/diario\/wp-content\/uploads\/2023\/05\/ballesteros-.jpg","jetpack_shortlink":"https:\/\/wp.me\/p62QDO-a2u","jetpack_sharing_enabled":true,"amp_enabled":true,"_links":{"self":[{"href":"https:\/\/armstrongyregion.com.ar\/diario\/wp-json\/wp\/v2\/posts\/38594","targetHints":{"allow":["GET"]}}],"collection":[{"href":"https:\/\/armstrongyregion.com.ar\/diario\/wp-json\/wp\/v2\/posts"}],"about":[{"href":"https:\/\/armstrongyregion.com.ar\/diario\/wp-json\/wp\/v2\/types\/post"}],"author":[{"embeddable":true,"href":"https:\/\/armstrongyregion.com.ar\/diario\/wp-json\/wp\/v2\/users\/1"}],"replies":[{"embeddable":true,"href":"https:\/\/armstrongyregion.com.ar\/diario\/wp-json\/wp\/v2\/comments?post=38594"}],"version-history":[{"count":1,"href":"https:\/\/armstrongyregion.com.ar\/diario\/wp-json\/wp\/v2\/posts\/38594\/revisions"}],"predecessor-version":[{"id":38596,"href":"https:\/\/armstrongyregion.com.ar\/diario\/wp-json\/wp\/v2\/posts\/38594\/revisions\/38596"}],"wp:featuredmedia":[{"embeddable":true,"href":"https:\/\/armstrongyregion.com.ar\/diario\/wp-json\/wp\/v2\/media\/38595"}],"wp:attachment":[{"href":"https:\/\/armstrongyregion.com.ar\/diario\/wp-json\/wp\/v2\/media?parent=38594"}],"wp:term":[{"taxonomy":"category","embeddable":true,"href":"https:\/\/armstrongyregion.com.ar\/diario\/wp-json\/wp\/v2\/categories?post=38594"},{"taxonomy":"post_tag","embeddable":true,"href":"https:\/\/armstrongyregion.com.ar\/diario\/wp-json\/wp\/v2\/tags?post=38594"}],"curies":[{"name":"wp","href":"https:\/\/api.w.org\/{rel}","templated":true}]}}