{"id":38591,"date":"2023-05-16T21:05:29","date_gmt":"2023-05-16T21:05:29","guid":{"rendered":"https:\/\/armstrongyregion.com.ar\/diario\/?p=38591"},"modified":"2023-05-28T01:47:05","modified_gmt":"2023-05-28T01:47:05","slug":"este-martes-en-deliberando-repasamos-la-actualidad-de-montes-de-oca","status":"publish","type":"post","link":"https:\/\/armstrongyregion.com.ar\/diario\/este-martes-en-deliberando-repasamos-la-actualidad-de-montes-de-oca\/","title":{"rendered":"Este martes en DELIBERANDO, repasamos la actualidad de Montes de Oca."},"content":{"rendered":"\n<figure class=\"wp-block-image size-full\"><a href=\"http:\/\/armstrongyregion.com.ar\/diario\/wp-content\/uploads\/2023\/05\/Emanuel-Sagripanti-.jpg\"><img loading=\"lazy\" decoding=\"async\" width=\"470\" height=\"312\" src=\"http:\/\/armstrongyregion.com.ar\/diario\/wp-content\/uploads\/2023\/05\/Emanuel-Sagripanti-.jpg\" alt=\"\" class=\"wp-image-38592\" srcset=\"https:\/\/armstrongyregion.com.ar\/diario\/wp-content\/uploads\/2023\/05\/Emanuel-Sagripanti-.jpg 470w, https:\/\/armstrongyregion.com.ar\/diario\/wp-content\/uploads\/2023\/05\/Emanuel-Sagripanti--300x199.jpg 300w\" sizes=\"auto, (max-width: 470px) 100vw, 470px\" \/><\/a><\/figure>\n\n\n\n<p>El presidente comunal Emanuel Sagripanti, har\u00e1 un balance gesti\u00f3n al frente de esa comuna y el plan de obras que viene desarrollando.<\/p>\n\n\n\n<p>Destacar\u00e1 la ampliaci\u00f3n de servicios esenciales para la localidad y el mejoramiento en general la higiene urbana y la recolecci\u00f3n de residuos.<\/p>\n\n\n\n<p>Marcar\u00e1 su posici\u00f3n con respecto a la posibilidad que los j\u00f3venes de 16 y 17 a\u00f1os puedan votar para las categor\u00edas locales.<\/p>\n\n\n\n<p>Todo este martes en DELIBERANDO, 21hs, con la conducci\u00f3n de la licenciada Graciela de la Casa y Oscar Crispino.<\/p>\n\n\n\n<p>Por Cable Imagen Armstrong.<\/p>\n\n\n\n<figure class=\"wp-block-embed is-type-video is-provider-youtube wp-block-embed-youtube wp-embed-aspect-4-3 wp-has-aspect-ratio\"><div class=\"wp-block-embed__wrapper\">\n<iframe loading=\"lazy\" title=\"DELIBERANDO, Pte. Comunal Emanuel Sagripantti\/ Oscar Crispino\/ Lic. Graciela De la Casa.\" width=\"800\" height=\"600\" src=\"https:\/\/www.youtube.com\/embed\/ynbnYlJTnmM?feature=oembed\" frameborder=\"0\" allow=\"accelerometer; autoplay; clipboard-write; encrypted-media; gyroscope; picture-in-picture; web-share\" allowfullscreen><\/iframe>\n<\/div><\/figure>\n","protected":false},"excerpt":{"rendered":"<p>El presidente comunal Emanuel Sagripanti, har\u00e1 un balance gesti\u00f3n al frente de esa comuna y el plan de obras que viene desarrollando. Destacar\u00e1 la ampliaci\u00f3n de servicios esenciales para la localidad y el mejoramiento en general la higiene urbana y la recolecci\u00f3n de residuos. Marcar\u00e1 su posici\u00f3n con respecto a la posibilidad que los j\u00f3venes <a href=\"https:\/\/armstrongyregion.com.ar\/diario\/este-martes-en-deliberando-repasamos-la-actualidad-de-montes-de-oca\/\" title=\"Read more\" >&#8230;<\/a><\/p>\n","protected":false},"author":1,"featured_media":38592,"comment_status":"open","ping_status":"open","sticky":false,"template":"","format":"image","meta":{"_jetpack_memberships_contains_paid_content":false,"footnotes":"","jetpack_publicize_message":"","jetpack_publicize_feature_enabled":true,"jetpack_social_post_already_shared":true,"jetpack_social_options":{"image_generator_settings":{"template":"highway","default_image_id":0,"enabled":false},"version":2}},"categories":[6,8,1,2,7,3],"tags":[2960,44,9345,9346,9216,9314],"class_list":["post-38591","post","type-post","status-publish","format-image","has-post-thumbnail","hentry","category-cultura-entretenimiento","category-deliberando","category-diario-armstrong","category-locales","category-politica","category-region","tag-actualidad","tag-deliberando-2","tag-emanuel-sagripanti","tag-graciela-de-la-casa","tag-montes-de-oca","tag-oscar-crispino","post_format-post-format-image"],"jetpack_publicize_connections":[],"jetpack_featured_media_url":"https:\/\/armstrongyregion.com.ar\/diario\/wp-content\/uploads\/2023\/05\/Emanuel-Sagripanti-.jpg","jetpack_shortlink":"https:\/\/wp.me\/p62QDO-a2r","jetpack_sharing_enabled":true,"amp_enabled":true,"_links":{"self":[{"href":"https:\/\/armstrongyregion.com.ar\/diario\/wp-json\/wp\/v2\/posts\/38591","targetHints":{"allow":["GET"]}}],"collection":[{"href":"https:\/\/armstrongyregion.com.ar\/diario\/wp-json\/wp\/v2\/posts"}],"about":[{"href":"https:\/\/armstrongyregion.com.ar\/diario\/wp-json\/wp\/v2\/types\/post"}],"author":[{"embeddable":true,"href":"https:\/\/armstrongyregion.com.ar\/diario\/wp-json\/wp\/v2\/users\/1"}],"replies":[{"embeddable":true,"href":"https:\/\/armstrongyregion.com.ar\/diario\/wp-json\/wp\/v2\/comments?post=38591"}],"version-history":[{"count":2,"href":"https:\/\/armstrongyregion.com.ar\/diario\/wp-json\/wp\/v2\/posts\/38591\/revisions"}],"predecessor-version":[{"id":38725,"href":"https:\/\/armstrongyregion.com.ar\/diario\/wp-json\/wp\/v2\/posts\/38591\/revisions\/38725"}],"wp:featuredmedia":[{"embeddable":true,"href":"https:\/\/armstrongyregion.com.ar\/diario\/wp-json\/wp\/v2\/media\/38592"}],"wp:attachment":[{"href":"https:\/\/armstrongyregion.com.ar\/diario\/wp-json\/wp\/v2\/media?parent=38591"}],"wp:term":[{"taxonomy":"category","embeddable":true,"href":"https:\/\/armstrongyregion.com.ar\/diario\/wp-json\/wp\/v2\/categories?post=38591"},{"taxonomy":"post_tag","embeddable":true,"href":"https:\/\/armstrongyregion.com.ar\/diario\/wp-json\/wp\/v2\/tags?post=38591"}],"curies":[{"name":"wp","href":"https:\/\/api.w.org\/{rel}","templated":true}]}}