{"id":38588,"date":"2023-05-16T20:51:31","date_gmt":"2023-05-16T20:51:31","guid":{"rendered":"https:\/\/armstrongyregion.com.ar\/diario\/?p=38588"},"modified":"2023-05-16T20:51:33","modified_gmt":"2023-05-16T20:51:33","slug":"canada-de-gomez-clerici-y-casalegno-habilitaron-una-nueva-plaza-en-la-ciudad","status":"publish","type":"post","link":"https:\/\/armstrongyregion.com.ar\/diario\/canada-de-gomez-clerici-y-casalegno-habilitaron-una-nueva-plaza-en-la-ciudad\/","title":{"rendered":"Ca\u00f1ada de G\u00f3mez. Cl\u00e9rici y Casalegno habilitaron una nueva plaza en la ciudad."},"content":{"rendered":"\n<figure class=\"wp-block-image size-full\"><a href=\"http:\/\/armstrongyregion.com.ar\/diario\/wp-content\/uploads\/2023\/05\/Clerici-Casalegno-.jpg\"><img loading=\"lazy\" decoding=\"async\" width=\"640\" height=\"480\" src=\"http:\/\/armstrongyregion.com.ar\/diario\/wp-content\/uploads\/2023\/05\/Clerici-Casalegno-.jpg\" alt=\"\" class=\"wp-image-38589\" srcset=\"https:\/\/armstrongyregion.com.ar\/diario\/wp-content\/uploads\/2023\/05\/Clerici-Casalegno-.jpg 640w, https:\/\/armstrongyregion.com.ar\/diario\/wp-content\/uploads\/2023\/05\/Clerici-Casalegno--300x225.jpg 300w\" sizes=\"auto, (max-width: 640px) 100vw, 640px\" \/><\/a><\/figure>\n\n\n\n<p>La intendenta Stella Cl\u00e9rici junto al presidente del Concejo Marcelo Casalegno y la secretaria de Educaci\u00f3n, Cultura y Deportes, Raquel Di Paola, habilitaron un nuevo espacio verde en la ciudad con la inauguraci\u00f3n de la Plaza El Progreso, en la zona norte de la ciudad con juegos y \u00e1reas de esparcimiento.<\/p>\n\n\n\n<p>De esta manera se hace realidad un deseo de los vecinos poniendo en valor un importante espacio en el barrio. \u201cEstamos muy contentos de acompa\u00f1ar el crecimiento de la ciudad y de los barrios, en este caso con una nueva plaza que se suma a las obras de infraestructura y mejoras constantes en este sector\u201d, expres\u00f3 Cl\u00e9rici.&nbsp;&nbsp;<\/p>\n","protected":false},"excerpt":{"rendered":"<p>La intendenta Stella Cl\u00e9rici junto al presidente del Concejo Marcelo Casalegno y la secretaria de Educaci\u00f3n, Cultura y Deportes, Raquel Di Paola, habilitaron un nuevo espacio verde en la ciudad con la inauguraci\u00f3n de la Plaza El Progreso, en la zona norte de la ciudad con juegos y \u00e1reas de esparcimiento. De esta manera se <a href=\"https:\/\/armstrongyregion.com.ar\/diario\/canada-de-gomez-clerici-y-casalegno-habilitaron-una-nueva-plaza-en-la-ciudad\/\" title=\"Read more\" >&#8230;<\/a><\/p>\n","protected":false},"author":1,"featured_media":38589,"comment_status":"open","ping_status":"open","sticky":false,"template":"","format":"image","meta":{"_jetpack_memberships_contains_paid_content":false,"footnotes":"","jetpack_publicize_message":"","jetpack_publicize_feature_enabled":true,"jetpack_social_post_already_shared":true,"jetpack_social_options":{"image_generator_settings":{"template":"highway","default_image_id":0,"enabled":false},"version":2}},"categories":[8,1,2,7,3],"tags":[588,8646,83,15,3133,275,283,103,13],"class_list":["post-38588","post","type-post","status-publish","format-image","has-post-thumbnail","hentry","category-deliberando","category-diario-armstrong","category-locales","category-politica","category-region","tag-casalegno","tag-ciudad-2","tag-clerici","tag-en","tag-habilitaron","tag-nueva","tag-plaza","tag-una","tag-y","post_format-post-format-image"],"jetpack_publicize_connections":[],"jetpack_featured_media_url":"https:\/\/armstrongyregion.com.ar\/diario\/wp-content\/uploads\/2023\/05\/Clerici-Casalegno-.jpg","jetpack_shortlink":"https:\/\/wp.me\/p62QDO-a2o","jetpack_sharing_enabled":true,"amp_enabled":true,"_links":{"self":[{"href":"https:\/\/armstrongyregion.com.ar\/diario\/wp-json\/wp\/v2\/posts\/38588","targetHints":{"allow":["GET"]}}],"collection":[{"href":"https:\/\/armstrongyregion.com.ar\/diario\/wp-json\/wp\/v2\/posts"}],"about":[{"href":"https:\/\/armstrongyregion.com.ar\/diario\/wp-json\/wp\/v2\/types\/post"}],"author":[{"embeddable":true,"href":"https:\/\/armstrongyregion.com.ar\/diario\/wp-json\/wp\/v2\/users\/1"}],"replies":[{"embeddable":true,"href":"https:\/\/armstrongyregion.com.ar\/diario\/wp-json\/wp\/v2\/comments?post=38588"}],"version-history":[{"count":1,"href":"https:\/\/armstrongyregion.com.ar\/diario\/wp-json\/wp\/v2\/posts\/38588\/revisions"}],"predecessor-version":[{"id":38590,"href":"https:\/\/armstrongyregion.com.ar\/diario\/wp-json\/wp\/v2\/posts\/38588\/revisions\/38590"}],"wp:featuredmedia":[{"embeddable":true,"href":"https:\/\/armstrongyregion.com.ar\/diario\/wp-json\/wp\/v2\/media\/38589"}],"wp:attachment":[{"href":"https:\/\/armstrongyregion.com.ar\/diario\/wp-json\/wp\/v2\/media?parent=38588"}],"wp:term":[{"taxonomy":"category","embeddable":true,"href":"https:\/\/armstrongyregion.com.ar\/diario\/wp-json\/wp\/v2\/categories?post=38588"},{"taxonomy":"post_tag","embeddable":true,"href":"https:\/\/armstrongyregion.com.ar\/diario\/wp-json\/wp\/v2\/tags?post=38588"}],"curies":[{"name":"wp","href":"https:\/\/api.w.org\/{rel}","templated":true}]}}