{"id":38583,"date":"2023-05-16T00:49:53","date_gmt":"2023-05-16T00:49:53","guid":{"rendered":"https:\/\/armstrongyregion.com.ar\/diario\/?p=38583"},"modified":"2023-05-16T00:51:45","modified_gmt":"2023-05-16T00:51:45","slug":"meyer-estan-haciendo-paro-para-cobrar-un-paro","status":"publish","type":"post","link":"https:\/\/armstrongyregion.com.ar\/diario\/meyer-estan-haciendo-paro-para-cobrar-un-paro\/","title":{"rendered":"Meyer: \u00abEst\u00e1n haciendo paro para cobrar un paro\u00bb."},"content":{"rendered":"\n<figure class=\"wp-block-image size-full\"><a href=\"http:\/\/armstrongyregion.com.ar\/diario\/wp-content\/uploads\/2022\/08\/Javier-Meyer-9-8-22-.jpg\"><img loading=\"lazy\" decoding=\"async\" width=\"597\" height=\"405\" src=\"http:\/\/armstrongyregion.com.ar\/diario\/wp-content\/uploads\/2022\/08\/Javier-Meyer-9-8-22-.jpg\" alt=\"\" class=\"wp-image-35399\" srcset=\"https:\/\/armstrongyregion.com.ar\/diario\/wp-content\/uploads\/2022\/08\/Javier-Meyer-9-8-22-.jpg 597w, https:\/\/armstrongyregion.com.ar\/diario\/wp-content\/uploads\/2022\/08\/Javier-Meyer-9-8-22--300x204.jpg 300w\" sizes=\"auto, (max-width: 597px) 100vw, 597px\" \/><\/a><\/figure>\n\n\n\n<p><strong>As\u00ed lo expres\u00f3 el Intendente de Las Rosas Javier Meyer, este lunes continu\u00f3 la medida, el ejecutivo inform\u00f3 como se trabaja en administraci\u00f3n y maestranza.<\/strong><\/p>\n\n\n\n<p><\/p>\n\n\n\n<figure class=\"wp-block-audio\"><audio controls src=\"http:\/\/armstrongyregion.com.ar\/diario\/wp-content\/uploads\/2023\/05\/multimedia.audio_.92c6a972ded54967.U2luIHTDrXR1bG8ubXAz.mp3\"><\/audio><figcaption class=\"wp-element-caption\">Intendente Javier Meyer.<\/figcaption><\/figure>\n\n\n\n<p><a rel=\"noreferrer noopener\" href=\"https:\/\/www.facebook.com\/sharer\/sharer.php?u=https:\/\/renacerfm.com.ar\/contenido\/15132\/meyer-estan-haciendo-paro-para-cobrar-un-paro\" target=\"_blank\"><\/a>\u00a0<a rel=\"noreferrer noopener\" href=\"https:\/\/twitter.com\/intent\/tweet?url=https:\/\/renacerfm.com.ar\/contenido\/15132\/meyer-estan-haciendo-paro-para-cobrar-un-paro&amp;text=MEYER%3A%20%22ESTAN%20HACIENDO%20PARO%20PARA%20COBRAR%20UN%20PARO%22\" target=\"_blank\"><\/a>\u00a0<a rel=\"noreferrer noopener\" href=\"https:\/\/www.linkedin.com\/shareArticle?url=https:\/\/renacerfm.com.ar\/contenido\/15132\/meyer-estan-haciendo-paro-para-cobrar-un-paro\" target=\"_blank\"><\/a>\u00a0<a rel=\"noreferrer noopener\" href=\"https:\/\/pinterest.com\/pin\/create\/bookmarklet\/?url=https:\/\/renacerfm.com.ar\/contenido\/15132\/meyer-estan-haciendo-paro-para-cobrar-un-paro\" target=\"_blank\"><\/a>\u00a0<\/p>\n\n\n\n<p>\u00abEsta trabajando la administraci\u00f3n completa, parte de maestranza empleados de planta que est\u00e1n trabajando, todos los contratados salvo algunos est\u00e1n trabajando, los empleados eventuales est\u00e1n trabajando, funciona el complejo cultural esta funcionando todo, hay un grupo de maestranza que esta tomando la maestranza y es lo que hemos denunciado.<\/p>\n\n\n\n<p>Quiero destacar y agradecer a las empresas y privados que nos han facilitado herramientas como tractores y carros, con esos cuatro equipos que logramos armar estamos manteniendo el servicio de limpieza ma\u00f1ana y tarde, tambi\u00e9n esta trabajando un prestador privado en el servicio de electricidad.<\/p>\n\n\n\n<p>Informarle a la poblaci\u00f3n que tambi\u00e9n el sindicato nos manda una nota diciendo que martes y viernes iba a haber recolecci\u00f3n de residuos, como est\u00e1n de paro y esta la municipalidad tomada esta es la muestra que tiene que relevar fiscal\u00eda para que quede de manifiesto que el equipo municipal esta tomado\u00bb, dijo Meyer.<\/p>\n\n\n\n<p>Fuente: Renacer FM.<\/p>\n\n\n\n<p><a rel=\"noreferrer noopener\" href=\"https:\/\/api.whatsapp.com\/send?text=MEYER:%20%22ESTAN%20HACIENDO%20PARO%20PARA%20COBRAR%20UN%20PARO%22+https:\/\/renacerfm.com.ar\/contenido\/15132\/meyer-estan-haciendo-paro-para-cobrar-un-paro\" target=\"_blank\"><\/a><\/p>\n","protected":false},"excerpt":{"rendered":"<p>As\u00ed lo expres\u00f3 el Intendente de Las Rosas Javier Meyer, este lunes continu\u00f3 la medida, el ejecutivo inform\u00f3 como se trabaja en administraci\u00f3n y maestranza. \u00a0\u00a0\u00a0\u00a0 \u00abEsta trabajando la administraci\u00f3n completa, parte de maestranza empleados de planta que est\u00e1n trabajando, todos los contratados salvo algunos est\u00e1n trabajando, los empleados eventuales est\u00e1n trabajando, funciona el complejo <a href=\"https:\/\/armstrongyregion.com.ar\/diario\/meyer-estan-haciendo-paro-para-cobrar-un-paro\/\" title=\"Read more\" >&#8230;<\/a><\/p>\n","protected":false},"author":1,"featured_media":35399,"comment_status":"open","ping_status":"open","sticky":false,"template":"","format":"image","meta":{"_jetpack_memberships_contains_paid_content":false,"footnotes":"","jetpack_publicize_message":"","jetpack_publicize_feature_enabled":true,"jetpack_social_post_already_shared":true,"jetpack_social_options":{"image_generator_settings":{"template":"highway","default_image_id":0,"enabled":false},"version":2}},"categories":[8,1,2,7,3],"tags":[9344,9343,3051,1934,81,1026,192],"class_list":["post-38583","post","type-post","status-publish","format-image","has-post-thumbnail","hentry","category-deliberando","category-diario-armstrong","category-locales","category-politica","category-region","tag-cobrar","tag-estan-2","tag-haciendo","tag-meyer","tag-para","tag-paro","tag-un","post_format-post-format-image"],"jetpack_publicize_connections":[],"jetpack_featured_media_url":"https:\/\/armstrongyregion.com.ar\/diario\/wp-content\/uploads\/2022\/08\/Javier-Meyer-9-8-22-.jpg","jetpack_shortlink":"https:\/\/wp.me\/p62QDO-a2j","jetpack_sharing_enabled":true,"amp_enabled":true,"_links":{"self":[{"href":"https:\/\/armstrongyregion.com.ar\/diario\/wp-json\/wp\/v2\/posts\/38583","targetHints":{"allow":["GET"]}}],"collection":[{"href":"https:\/\/armstrongyregion.com.ar\/diario\/wp-json\/wp\/v2\/posts"}],"about":[{"href":"https:\/\/armstrongyregion.com.ar\/diario\/wp-json\/wp\/v2\/types\/post"}],"author":[{"embeddable":true,"href":"https:\/\/armstrongyregion.com.ar\/diario\/wp-json\/wp\/v2\/users\/1"}],"replies":[{"embeddable":true,"href":"https:\/\/armstrongyregion.com.ar\/diario\/wp-json\/wp\/v2\/comments?post=38583"}],"version-history":[{"count":2,"href":"https:\/\/armstrongyregion.com.ar\/diario\/wp-json\/wp\/v2\/posts\/38583\/revisions"}],"predecessor-version":[{"id":38587,"href":"https:\/\/armstrongyregion.com.ar\/diario\/wp-json\/wp\/v2\/posts\/38583\/revisions\/38587"}],"wp:featuredmedia":[{"embeddable":true,"href":"https:\/\/armstrongyregion.com.ar\/diario\/wp-json\/wp\/v2\/media\/35399"}],"wp:attachment":[{"href":"https:\/\/armstrongyregion.com.ar\/diario\/wp-json\/wp\/v2\/media?parent=38583"}],"wp:term":[{"taxonomy":"category","embeddable":true,"href":"https:\/\/armstrongyregion.com.ar\/diario\/wp-json\/wp\/v2\/categories?post=38583"},{"taxonomy":"post_tag","embeddable":true,"href":"https:\/\/armstrongyregion.com.ar\/diario\/wp-json\/wp\/v2\/tags?post=38583"}],"curies":[{"name":"wp","href":"https:\/\/api.w.org\/{rel}","templated":true}]}}