{"id":38577,"date":"2023-05-16T00:40:50","date_gmt":"2023-05-16T00:40:50","guid":{"rendered":"https:\/\/armstrongyregion.com.ar\/diario\/?p=38577"},"modified":"2023-05-16T00:40:52","modified_gmt":"2023-05-16T00:40:52","slug":"el-futbol-de-la-region-esta-de-luto-fallecio-el-arquero-sebastian-soria","status":"publish","type":"post","link":"https:\/\/armstrongyregion.com.ar\/diario\/el-futbol-de-la-region-esta-de-luto-fallecio-el-arquero-sebastian-soria\/","title":{"rendered":"El f\u00fatbol de la regi\u00f3n est\u00e1 de luto, falleci\u00f3 el arquero Sebastian Soria."},"content":{"rendered":"\n<figure class=\"wp-block-image size-full\"><a href=\"http:\/\/armstrongyregion.com.ar\/diario\/wp-content\/uploads\/2023\/05\/Sebastian-Soria-.jpg\"><img loading=\"lazy\" decoding=\"async\" width=\"540\" height=\"674\" src=\"http:\/\/armstrongyregion.com.ar\/diario\/wp-content\/uploads\/2023\/05\/Sebastian-Soria-.jpg\" alt=\"\" class=\"wp-image-38578\" srcset=\"https:\/\/armstrongyregion.com.ar\/diario\/wp-content\/uploads\/2023\/05\/Sebastian-Soria-.jpg 540w, https:\/\/armstrongyregion.com.ar\/diario\/wp-content\/uploads\/2023\/05\/Sebastian-Soria--240x300.jpg 240w\" sizes=\"auto, (max-width: 540px) 100vw, 540px\" \/><\/a><\/figure>\n\n\n\n<p>El siniestro vial sucedi\u00f3 en la tarde de este lunes en la autopista Rosario C\u00f3rdoba.<br>Seg\u00fan detalla el portal diario ca\u00f1ada, el accidente habr\u00eda sido en solitario sobre el puente a la altura de Correa, donde perdi\u00f3 el control y golpeo contra el guardarra\u00edl. En el veh\u00edculo iban dos personas, ambos fueron llevados al hospital, una se encuentra todav\u00eda internada mientras que el acompa\u00f1ante era el arquero de Argentino, actualmente en Barraca de Armstrong Sebasti\u00e1n Soria de 27 a\u00f1os quien perdi\u00f3 la vida.<\/p>\n\n\n\n<p>El informe de Bomberos&#8230;<br>&#8211; Siendo las 15:00hs se recibe un llamado del corredor panamericano dando aviso que en el km 357 se hab\u00eda producido un accidente con un veh\u00edculo, de inmediato se desplazan dos unidades de rescate acompa\u00f1ado por dos ambulancia de CEMI y SIES, al llegar al lugar del siniestro observamos un auto marca Fiat Idea que habr\u00eda impactado contra las defensa del puente, en el veh\u00edculo viajaban dos personas, ambas al momento de la llegada del personal de emergencia estaban fuera del autom\u00f3vil, una mujer tendida sobre el asfalto y un hombre que habr\u00eda salido despedido cayendo del puente al camino de colectora, personal de CEMI y SIES trasladaron las v\u00edctimas oriunda de la localidad de las parejas al hospital de Ca\u00f1ada de G\u00f3mez.<\/p>\n\n\n\n<p>Canal4LasRosas.<\/p>\n","protected":false},"excerpt":{"rendered":"<p>El siniestro vial sucedi\u00f3 en la tarde de este lunes en la autopista Rosario C\u00f3rdoba.Seg\u00fan detalla el portal diario ca\u00f1ada, el accidente habr\u00eda sido en solitario sobre el puente a la altura de Correa, donde perdi\u00f3 el control y golpeo contra el guardarra\u00edl. En el veh\u00edculo iban dos personas, ambos fueron llevados al hospital, una <a href=\"https:\/\/armstrongyregion.com.ar\/diario\/el-futbol-de-la-region-esta-de-luto-fallecio-el-arquero-sebastian-soria\/\" title=\"Read more\" >&#8230;<\/a><\/p>\n","protected":false},"author":1,"featured_media":38578,"comment_status":"open","ping_status":"open","sticky":false,"template":"","format":"image","meta":{"_jetpack_memberships_contains_paid_content":false,"footnotes":"","jetpack_publicize_message":"","jetpack_publicize_feature_enabled":true,"jetpack_social_post_already_shared":true,"jetpack_social_options":{"image_generator_settings":{"template":"highway","default_image_id":0,"enabled":false},"version":2}},"categories":[8,5,1,2,3],"tags":[9341,19,16,94,2473,8916,31,9339,9338,8574,9340],"class_list":["post-38577","post","type-post","status-publish","format-image","has-post-thumbnail","hentry","category-deliberando","category-deportes","category-diario-armstrong","category-locales","category-region","tag-armstrongyregion","tag-de","tag-el","tag-esta","tag-fallecio","tag-futbol-2","tag-la","tag-luto","tag-region","tag-sebastian","tag-soria","post_format-post-format-image"],"jetpack_publicize_connections":[],"jetpack_featured_media_url":"https:\/\/armstrongyregion.com.ar\/diario\/wp-content\/uploads\/2023\/05\/Sebastian-Soria-.jpg","jetpack_shortlink":"https:\/\/wp.me\/p62QDO-a2d","jetpack_sharing_enabled":true,"amp_enabled":true,"_links":{"self":[{"href":"https:\/\/armstrongyregion.com.ar\/diario\/wp-json\/wp\/v2\/posts\/38577","targetHints":{"allow":["GET"]}}],"collection":[{"href":"https:\/\/armstrongyregion.com.ar\/diario\/wp-json\/wp\/v2\/posts"}],"about":[{"href":"https:\/\/armstrongyregion.com.ar\/diario\/wp-json\/wp\/v2\/types\/post"}],"author":[{"embeddable":true,"href":"https:\/\/armstrongyregion.com.ar\/diario\/wp-json\/wp\/v2\/users\/1"}],"replies":[{"embeddable":true,"href":"https:\/\/armstrongyregion.com.ar\/diario\/wp-json\/wp\/v2\/comments?post=38577"}],"version-history":[{"count":1,"href":"https:\/\/armstrongyregion.com.ar\/diario\/wp-json\/wp\/v2\/posts\/38577\/revisions"}],"predecessor-version":[{"id":38579,"href":"https:\/\/armstrongyregion.com.ar\/diario\/wp-json\/wp\/v2\/posts\/38577\/revisions\/38579"}],"wp:featuredmedia":[{"embeddable":true,"href":"https:\/\/armstrongyregion.com.ar\/diario\/wp-json\/wp\/v2\/media\/38578"}],"wp:attachment":[{"href":"https:\/\/armstrongyregion.com.ar\/diario\/wp-json\/wp\/v2\/media?parent=38577"}],"wp:term":[{"taxonomy":"category","embeddable":true,"href":"https:\/\/armstrongyregion.com.ar\/diario\/wp-json\/wp\/v2\/categories?post=38577"},{"taxonomy":"post_tag","embeddable":true,"href":"https:\/\/armstrongyregion.com.ar\/diario\/wp-json\/wp\/v2\/tags?post=38577"}],"curies":[{"name":"wp","href":"https:\/\/api.w.org\/{rel}","templated":true}]}}