{"id":38571,"date":"2023-05-15T15:12:15","date_gmt":"2023-05-15T15:12:15","guid":{"rendered":"https:\/\/armstrongyregion.com.ar\/diario\/?p=38571"},"modified":"2023-05-15T15:12:18","modified_gmt":"2023-05-15T15:12:18","slug":"referentes-de-cooperativas-de-trabajo-acompanaron-la-ley-del-senador-cornaglia","status":"publish","type":"post","link":"https:\/\/armstrongyregion.com.ar\/diario\/referentes-de-cooperativas-de-trabajo-acompanaron-la-ley-del-senador-cornaglia\/","title":{"rendered":"Referentes de cooperativas de trabajo acompa\u00f1aron la ley del senador Cornaglia"},"content":{"rendered":"\n<figure class=\"wp-block-image size-full\"><a href=\"http:\/\/armstrongyregion.com.ar\/diario\/wp-content\/uploads\/2023\/05\/GC-2023-05-15-Cornaglia-Ley-Cooperativas-Portada-1080.jpg\"><img loading=\"lazy\" decoding=\"async\" width=\"480\" height=\"270\" src=\"http:\/\/armstrongyregion.com.ar\/diario\/wp-content\/uploads\/2023\/05\/GC-2023-05-15-Cornaglia-Ley-Cooperativas-Portada-1080.jpg\" alt=\"\" class=\"wp-image-38572\" srcset=\"https:\/\/armstrongyregion.com.ar\/diario\/wp-content\/uploads\/2023\/05\/GC-2023-05-15-Cornaglia-Ley-Cooperativas-Portada-1080.jpg 480w, https:\/\/armstrongyregion.com.ar\/diario\/wp-content\/uploads\/2023\/05\/GC-2023-05-15-Cornaglia-Ley-Cooperativas-Portada-1080-300x169.jpg 300w\" sizes=\"auto, (max-width: 480px) 100vw, 480px\" \/><\/a><\/figure>\n\n\n\n<h2 class=\"wp-block-heading\"><strong>Referentes de cooperativas de trabajo de la provincia de Santa Fe se manifestaron a favor de la ley presentada por el senador Guillermo Cornaglia y recientemente sancionada en la C\u00e1mara de Senadores.<\/strong><\/h2>\n\n\n\n<p>\u201cPara nosotros se trata de crear trabajo. Estamos muy agradecidos al senador Cornaglia que se carg\u00f3 en el hombro esta ley desde el bien com\u00fan\u201d, manifest\u00f3 Leonel Mendez de la Federaci\u00f3n de Cooperativas de Trabajo Santa Fe La Cordial, y agreg\u00f3: \u201cLas cooperativas venimos a proponer trabajo para la mejora de un mont\u00f3n de localidades. Claramente es una pol\u00edtica p\u00fablica el trabajo, la inclusi\u00f3n, el desarrollo y el control de las cooperativas\u201d.<\/p>\n\n\n\n<p>Por otra parte, Martin Risso de la Federaci\u00f3n de Cooperativas Unidas cont\u00f3 que el senador Guillermo Cornaglia fue uno de los pocos que los tom\u00f3 en serio, que se preocup\u00f3 y que les dio la posibilidad de tener un ida y vuelta con sus quipos de trabajo. \u201cEs importante porque es un beneficio para todas las cooperativas. Se trata de un porcentaje para que sea destinado a las cooperativas y que todos puedan tener acceso al trabajo sin ning\u00fan tipo de mezquindad pol\u00edtica\u201d, subray\u00f3 Julio Marcelo Benitez del Polo de Cooperativas.<\/p>\n\n\n\n<p>A su turno, Oscar Cadena de la Federaci\u00f3n Cooperativas de Trabajo Santa Fe de la Vera Cruz Ltda., sostuvo que es una ley que realmente necesitan. \u201cNecesitamos la mano de obra, el trabajo. Nuestros vecinos seguramente van a estar muy contentos\u201d, a\u00f1adi\u00f3.<\/p>\n\n\n\n<p>\u201cEsto va a ayudar mucho a las cooperativas del interior de la provincia, no solo a las de las grandes ciudades, sino tambi\u00e9n a las cooperativas que trabajan con las comunas. Es lo mejor que nos puede llegar a pasar\u201d, finaliz\u00f3 Daniel Garofalo de la Federaci\u00f3n Santafesina de Cooperativas.<\/p>\n\n\n\n<p>El senador provincial Guillermo Cornaglia record\u00f3 que el pasado 4 de mayo la C\u00e1mara de Senadores dio sanci\u00f3n definitiva a una ley que fija que, al menos, 10 de cada 100 pesos de la obra p\u00fablica se destinen a cooperativas de trabajo, lo que se estima generar\u00e1 empleo para m\u00e1s de 80 mil familias santafesinas. \u201cHoy realmente me siento orgulloso de haber escuchado a las cooperativas, de ser el autor de esta ley y de haberla llevado adelante\u201d, a\u00f1adi\u00f3.<\/p>\n","protected":false},"excerpt":{"rendered":"<p>Referentes de cooperativas de trabajo de la provincia de Santa Fe se manifestaron a favor de la ley presentada por el senador Guillermo Cornaglia y recientemente sancionada en la C\u00e1mara de Senadores. \u201cPara nosotros se trata de crear trabajo. Estamos muy agradecidos al senador Cornaglia que se carg\u00f3 en el hombro esta ley desde el <a href=\"https:\/\/armstrongyregion.com.ar\/diario\/referentes-de-cooperativas-de-trabajo-acompanaron-la-ley-del-senador-cornaglia\/\" title=\"Read more\" >&#8230;<\/a><\/p>\n","protected":false},"author":1,"featured_media":38572,"comment_status":"open","ping_status":"open","sticky":false,"template":"","format":"image","meta":{"_jetpack_memberships_contains_paid_content":false,"footnotes":"","jetpack_publicize_message":"","jetpack_publicize_feature_enabled":true,"jetpack_social_post_already_shared":true,"jetpack_social_options":{"image_generator_settings":{"template":"highway","default_image_id":0,"enabled":false},"version":2}},"categories":[8,1,2,7,3],"tags":[1016,9334,19,53,31,4031,1605,5033,1066],"class_list":["post-38571","post","type-post","status-publish","format-image","has-post-thumbnail","hentry","category-deliberando","category-diario-armstrong","category-locales","category-politica","category-region","tag-acompanaron","tag-cooperativas","tag-de","tag-del","tag-la","tag-ley","tag-referentes","tag-senador-cornaglia","tag-trabajo","post_format-post-format-image"],"jetpack_publicize_connections":[],"jetpack_featured_media_url":"https:\/\/armstrongyregion.com.ar\/diario\/wp-content\/uploads\/2023\/05\/GC-2023-05-15-Cornaglia-Ley-Cooperativas-Portada-1080.jpg","jetpack_shortlink":"https:\/\/wp.me\/p62QDO-a27","jetpack_sharing_enabled":true,"amp_enabled":true,"_links":{"self":[{"href":"https:\/\/armstrongyregion.com.ar\/diario\/wp-json\/wp\/v2\/posts\/38571","targetHints":{"allow":["GET"]}}],"collection":[{"href":"https:\/\/armstrongyregion.com.ar\/diario\/wp-json\/wp\/v2\/posts"}],"about":[{"href":"https:\/\/armstrongyregion.com.ar\/diario\/wp-json\/wp\/v2\/types\/post"}],"author":[{"embeddable":true,"href":"https:\/\/armstrongyregion.com.ar\/diario\/wp-json\/wp\/v2\/users\/1"}],"replies":[{"embeddable":true,"href":"https:\/\/armstrongyregion.com.ar\/diario\/wp-json\/wp\/v2\/comments?post=38571"}],"version-history":[{"count":1,"href":"https:\/\/armstrongyregion.com.ar\/diario\/wp-json\/wp\/v2\/posts\/38571\/revisions"}],"predecessor-version":[{"id":38573,"href":"https:\/\/armstrongyregion.com.ar\/diario\/wp-json\/wp\/v2\/posts\/38571\/revisions\/38573"}],"wp:featuredmedia":[{"embeddable":true,"href":"https:\/\/armstrongyregion.com.ar\/diario\/wp-json\/wp\/v2\/media\/38572"}],"wp:attachment":[{"href":"https:\/\/armstrongyregion.com.ar\/diario\/wp-json\/wp\/v2\/media?parent=38571"}],"wp:term":[{"taxonomy":"category","embeddable":true,"href":"https:\/\/armstrongyregion.com.ar\/diario\/wp-json\/wp\/v2\/categories?post=38571"},{"taxonomy":"post_tag","embeddable":true,"href":"https:\/\/armstrongyregion.com.ar\/diario\/wp-json\/wp\/v2\/tags?post=38571"}],"curies":[{"name":"wp","href":"https:\/\/api.w.org\/{rel}","templated":true}]}}